{"id":102812,"date":"2023-05-25T11:27:00","date_gmt":"2023-05-25T14:27:00","guid":{"rendered":"https:\/\/grandepremio.com\/br\/noticias\/aston-martin-mira-vitoria-monaco-alerta-nao-podemos-esquecer-competicao\/"},"modified":"2023-05-25T11:27:58","modified_gmt":"2023-05-25T14:27:58","slug":"aston-martin-mira-vitoria-monaco-alerta-nao-podemos-esquecer-competicao","status":"publish","type":"post","link":"https:\/\/grandepremio.com\/br\/f1\/aston-martin-mira-vitoria-monaco-alerta-nao-podemos-esquecer-competicao\/","title":{"rendered":"Aston Martin mira vit\u00f3ria em M\u00f4naco, mas alerta: \u201cN\u00e3o podemos esquecer da competi\u00e7\u00e3o\u201d"},"content":{"rendered":"\n<p class=\"wp-block-paragraph\">Chefe da <strong>Aston Martin<\/strong>, <strong>Mike Krack <\/strong>admitiu que a equipe de <strong>Fernando Alonso <\/strong>e <strong>Lance Stroll <\/strong>chega ao GP de <strong>M\u00f4naco <\/strong>deste fim de semana mirando a vit\u00f3ria. Mas, mesmo exaltando a qualidade dos pilotos e dos carros, o dirigente preferiu manter os p\u00e9s no ch\u00e3o e destacou que \u00e9 importante n\u00e3o esquecer a concorr\u00eancia.<\/p>\n\n\n\n<p class=\"wp-block-paragraph\">At\u00e9 aqui, Alonso j\u00e1 foi quatro vezes terceiro colocado na <strong>F\u00f3rmula 1<\/strong>, mas ainda n\u00e3o conseguiu peitar a for\u00e7a da <strong>Red Bull<\/strong>. Para o tra\u00e7ado de <strong>Monte Carlo<\/strong>, por\u00e9m, as expectativas s\u00e3o maiores, j\u00e1 que o layout da pista se encaixa com as qualidades do <strong>AMR23<\/strong>.<\/p>\n\n\n\n<p class=\"wp-block-paragraph\">\ud83d\udcfa\u00a0<strong><a href=\"https:\/\/www.grandepremio.com\/br\/programacao-tv\/noticias\/as-corridas-do-fim-de-semana-na-tv-e-no-streaming-25-a-28-de-maio\/\">As corridas do fim de semana na TV e\u00a0<\/a><a href=\"https:\/\/formula1aovivo.com\/\" target=\"_blank\" rel=\"noreferrer noopener\">no streaming<\/a><\/strong><\/p>\n\n\n\n<figure class=\"wp-block-image size-large\"><img decoding=\"async\" src=\"https:\/\/www.grandepremio.com\/br\/wp-content\/uploads\/2023\/04\/Mike-Krack-01-1024x683.jpg\" alt=\"\" class=\"wp-image-667464\"\/><figcaption>Mike Krack revelou que parte das atualiza\u00e7\u00f5es previstas estreiam em M\u00f4naco (Foto: Aston Martin)<\/figcaption><\/figure>\n\n\n\n<p class=\"wp-block-paragraph\"><strong>\u25b6\ufe0f\u00a0Inscreva-se nos dois canais do GRANDE PR\u00caMIO no YouTube:\u00a0<a href=\"https:\/\/www.youtube.com\/channel\/UC9OlHEgxoaY6QY6nWPoiqQg?sub_confirmation=1\" target=\"_blank\" rel=\"noreferrer noopener\">GP<\/a>\u00a0|\u00a0<a href=\"https:\/\/www.youtube.com\/channel\/UC9csiS6q_C3C0FYhyr1rnFA?sub_confirmation=1\" target=\"_blank\" rel=\"noreferrer noopener\">GP2<\/a><\/strong><br><strong>\u25b6\ufe0f\u00a0<a href=\"https:\/\/www.twitch.tv\/grandepremio\" target=\"_blank\" rel=\"noreferrer noopener\">Conhe\u00e7a o canal do GRANDE PR\u00caMIO na Twitch clicando aqui!<\/a><\/strong><\/p>\n\n\n\n<p class=\"wp-block-paragraph\">Questionado se a Aston Martin corre pela vit\u00f3ria no GP de M\u00f4naco, Krack respondeu: \u201cSim. Seria bom dizer sim e conseguir. N\u00f3s todos temos grandes esperan\u00e7as aqui em M\u00f4naco com nossos dois pilotos, temos um grande carro. No simulador, eles ficaram bem empolgados\u201d.<\/p>\n\n\n\n<p class=\"wp-block-paragraph\">\u201cMas n\u00e3o podemos nos esquecer da competi\u00e7\u00e3o. \u00c9 fato que n\u00e3o existem tantas retas aqui. Tamb\u00e9m \u00e9 verdade que n\u00e3o vimos a Red Bull, a <strong>Ferrari <\/strong>ou a <strong>Mercedes <\/strong>nas configura\u00e7\u00f5es de alto downforce, pois n\u00e3o tivemos nenhuma pista de downforce m\u00e1ximo at\u00e9 aqui\u201d, apontou. \u201cEnt\u00e3o acho que seria f\u00e1cil dizer: Ah, facilmente estaremos na ponta\u2019. N\u00e3o acho que ser\u00e1 assim f\u00e1cil. Acho que teremos de estar 100% o tempo todo\u201d, comentou.<\/p>\n\n\n\n<p class=\"wp-block-paragraph\">Krack evitou, por\u00e9m, rotular M\u00f4naco como a melhor chance da Aston Martin, j\u00e1 que defende que \u00e9 preciso respeitar os rivais e ficar atento \u00e0 eventuais falhas, inclusive da pr\u00f3pria equipe.<\/p>\n\n\n\n<p class=\"wp-block-paragraph\">\u201cT\u00eam muitas coisas que podem dar errado do nosso lado, no lado de qualquer um. Ent\u00e3o acho que precisamos respeitar, antes de mais nada, o qu\u00e3o dura \u00e9 a competi\u00e7\u00e3o na F1, o alto n\u00edvel dos nossos oponentes ou competidores que est\u00e3o aqui\u201d, alertou. \u201cH\u00e1 12 meses, n\u00e3o falar\u00edamos sobre vencer em M\u00f4naco. Ent\u00e3o acho que precisamos sempre lembrar de onde viemos, manter a cabe\u00e7a baixa e trabalhar duro. E a\u00ed ver onde terminamos\u201d, acrescentou.<\/p>\n\n\n\n<p class=\"wp-block-paragraph\">\u201c\u00c9 f\u00e1cil fazer previs\u00f5es, mas falhar em suas pr\u00f3prias previs\u00f5es \u00e9 algo que facilmente pode acontecer. Ent\u00e3o vimos que precisamos fazer de outro jeito\u201d, declarou. \u201cE acho que precisamos olhar para as largadas, mas manter os p\u00e9s no ch\u00e3o e trabalhar duro. E temos de estar no m\u00ednimo em 100% para alcan\u00e7ar um bom resultado neste fim de semana. Se for melhor do que os tr\u00eas p\u00f3dios que n\u00f3s j\u00e1 temos, n\u00f3s amar\u00edamos, mas ser\u00e1 dif\u00edcil\u201d, assumiu.<\/p>\n\n\n\n<p class=\"wp-block-paragraph\">Por fim, Krack confirmou que parte as atualiza\u00e7\u00f5es que estavam previstas para o pacote de <strong>M\u00f4naco <\/strong>j\u00e1 est\u00e3o no carro neste fim de semana, mas outros componentes foram adiados para o GP da <strong>Espanha<\/strong>.<\/p>\n\n\n\n<p class=\"wp-block-paragraph\">\u201cEst\u00e1 um pouco dividido. As atualiza\u00e7\u00f5es de \u00cdmola, as que fazem sentido, deixamos no carro aqui. T\u00eam um ou dois peda\u00e7os grandes que vamos levar para Barcelona, pois n\u00e3o faz sentido traz\u00ea-las para c\u00e1. \u00c9 uma abordagem dividida\u201d, explicou. \u201cVamos ver algumas atualiza\u00e7\u00f5es aqui, teremos outras atualiza\u00e7\u00f5es em Barcelona. E teremos mais algumas depois disso\u201d, encerrou.<\/p>\n\n\n\n<p class=\"wp-block-paragraph\">O\u00a0<strong>GRANDE PR\u00caMIO<\/strong>\u00a0acompanha\u00a0<a href=\"https:\/\/www.grandepremio.com\/br\/ao-vivo\/f1\/\"><strong>AO VIVO<\/strong>\u00a0e\u00a0<strong>EM\u00a0<\/strong><\/a><strong><a href=\"https:\/\/www.grandepremio.com\/br\/ao-vivo\/\" target=\"_blank\" rel=\"noreferrer noopener\">TEMPO REAL<\/a><\/strong>\u00a0todas as atividades do\u00a0<strong>GP de M\u00f4naco<\/strong>\u00a0de\u00a0<strong><a href=\"https:\/\/www.grandepremio.com\/br\/f1\"><\/a><a href=\"https:\/\/www.grandepremio.com\/formula-1\/\" target=\"_blank\" rel=\"noreferrer noopener\">F\u00f3rmula 1<\/a><\/strong>.<\/p>\n\n\n\n<figure class=\"wp-block-embed is-type-video is-provider-youtube wp-block-embed-youtube wp-embed-aspect-16-9 wp-has-aspect-ratio\"><div class=\"wp-block-embed__wrapper\">\n<iframe loading=\"lazy\" title=\"\ud83d\udd34HAMILTON E FERRARI NA F1: SIM, EXISTE ALGO! E ALONSO PERDOADO NA HONDA | TT GP #97\" width=\"500\" height=\"281\" src=\"https:\/\/www.youtube.com\/embed\/KTNl0M_dhiU?feature=oembed\" frameborder=\"0\" allow=\"accelerometer; autoplay; clipboard-write; encrypted-media; gyroscope; picture-in-picture; web-share\" referrerpolicy=\"strict-origin-when-cross-origin\" allowfullscreen><\/iframe>\n<\/div><\/figure>\n","protected":false},"excerpt":{"rendered":"<p>Chefe da Aston Martin, Mike Krack assumiu que a equipe chega para este fim de semana sonhando com a vit\u00f3ria no GP de M\u00f4naco. Ainda assim, o dirigente falou em manter os p\u00e9s no ch\u00e3o por respeito \u00e0 concorr\u00eancia<\/p>\n","protected":false},"author":0,"featured_media":1000677613,"comment_status":"closed","ping_status":"closed","sticky":false,"template":"","format":"standard","meta":{"42wp_featured_image_caption":"","42wp_featured_image_credits":"","42wp_featured_video":"","42wp_featured_image_hidden":false,"42wp_authors_list":[],"footnotes":""},"categories":[2],"tags":[309,147,6533,176,180,30722,33465,28285,485,2140,764,33467],"42wp_author":[47113],"class_list":["post-102812","post","type-post","status-publish","format-standard","has-post-thumbnail","hentry","category-f1","tag-aston-martin","tag-f1","tag-f1-2023","tag-fernando-alonso","tag-formula-1","tag-formula-1-2023","tag-formula-1-classificacao-2023","tag-grandepremio","tag-lance-stroll","tag-monaco","tag-monte-carlo","tag-onde-assistir-f1-2023","42wp_author-juliana-tesser"],"_links":{"self":[{"href":"https:\/\/grandepremio.com\/br\/wp-json\/wp\/v2\/posts\/102812","targetHints":{"allow":["GET"]}}],"collection":[{"href":"https:\/\/grandepremio.com\/br\/wp-json\/wp\/v2\/posts"}],"about":[{"href":"https:\/\/grandepremio.com\/br\/wp-json\/wp\/v2\/types\/post"}],"replies":[{"embeddable":true,"href":"https:\/\/grandepremio.com\/br\/wp-json\/wp\/v2\/comments?post=102812"}],"version-history":[{"count":0,"href":"https:\/\/grandepremio.com\/br\/wp-json\/wp\/v2\/posts\/102812\/revisions"}],"wp:featuredmedia":[{"embeddable":true,"href":"https:\/\/grandepremio.com\/br\/wp-json\/wp\/v2\/media\/1000677613"}],"wp:attachment":[{"href":"https:\/\/grandepremio.com\/br\/wp-json\/wp\/v2\/media?parent=102812"}],"wp:term":[{"taxonomy":"category","embeddable":true,"href":"https:\/\/grandepremio.com\/br\/wp-json\/wp\/v2\/categories?post=102812"},{"taxonomy":"post_tag","embeddable":true,"href":"https:\/\/grandepremio.com\/br\/wp-json\/wp\/v2\/tags?post=102812"},{"taxonomy":"42wp_author","embeddable":true,"href":"https:\/\/grandepremio.com\/br\/wp-json\/wp\/v2\/42wp_author?post=102812"}],"curies":[{"name":"wp","href":"https:\/\/api.w.org\/{rel}","templated":true}]}}