{"id":102821,"date":"2023-05-25T08:31:05","date_gmt":"2023-05-25T11:31:05","guid":{"rendered":"https:\/\/grandepremio.com\/br\/noticias\/nyck-de-vries-pressao-nao-choque-mas-ve-vaga-segura-alphatauri\/"},"modified":"2023-05-25T09:13:11","modified_gmt":"2023-05-25T12:13:11","slug":"nyck-de-vries-pressao-nao-choque-mas-ve-vaga-segura-alphatauri","status":"publish","type":"post","link":"https:\/\/grandepremio.com\/br\/f1\/nyck-de-vries-pressao-nao-choque-mas-ve-vaga-segura-alphatauri\/","title":{"rendered":"De Vries diz que press\u00e3o &#8220;n\u00e3o \u00e9 choque&#8221;, mas v\u00ea vaga segura na AlphaTauri"},"content":{"rendered":"\n<figure class=\"wp-block-embed is-type-video is-provider-youtube wp-block-embed-youtube wp-embed-aspect-16-9 wp-has-aspect-ratio\"><div class=\"wp-block-embed__wrapper\">\n<iframe loading=\"lazy\" title=\"\ud83d\udd34HAMILTON E FERRARI NA F1: SIM, EXISTE ALGO! E ALONSO PERDOADO NA HONDA | TT GP #97\" width=\"500\" height=\"281\" src=\"https:\/\/www.youtube.com\/embed\/KTNl0M_dhiU?feature=oembed\" frameborder=\"0\" allow=\"accelerometer; autoplay; clipboard-write; encrypted-media; gyroscope; picture-in-picture; web-share\" referrerpolicy=\"strict-origin-when-cross-origin\" allowfullscreen><\/iframe>\n<\/div><figcaption>\ud83d\udd34HAMILTON E FERRARI NA F1: SIM, EXISTE ALGO! E ALONSO PERDOADO NA HONDA | TT GP #97<\/figcaption><\/figure>\n\n\n\n<p class=\"wp-block-paragraph\">O come\u00e7o da temporada 2023 da <strong>F\u00f3rmula 1<\/strong> n\u00e3o jogou muito a favor de <strong>Nyck de Vries<\/strong>. O novato na categoria ainda est\u00e1 sem pontos e anda quase sempre atr\u00e1s do companheiro de equipe, sem contar erros de pilotagem. Ap\u00f3s certa especula\u00e7\u00e3o com rela\u00e7\u00e3o a uma poss\u00edvel demiss\u00e3o da <strong>AlphaTauri<\/strong> por parte da <strong>Red Bull<\/strong>, o piloto tratou a situa\u00e7\u00e3o com normalidade. Para ele, contudo, a press\u00e3o n\u00e3o \u00e9 maior do que era no come\u00e7o da temporada.<\/p>\n\n\n\n<p class=\"wp-block-paragraph\"><strong>\u25b6\ufe0f\u00a0Inscreva-se nos dois canais do GRANDE PR\u00caMIO no YouTube:\u00a0<a href=\"https:\/\/www.youtube.com\/channel\/UC9OlHEgxoaY6QY6nWPoiqQg?sub_confirmation=1\" target=\"_blank\" rel=\"noreferrer noopener\">GP<\/a>\u00a0|\u00a0<a href=\"https:\/\/www.youtube.com\/channel\/UC9csiS6q_C3C0FYhyr1rnFA?sub_confirmation=1\" target=\"_blank\" rel=\"noreferrer noopener\">GP2<\/a><\/strong><br><strong>\u25b6\ufe0f\u00a0<a href=\"https:\/\/www.twitch.tv\/grandepremio\" target=\"_blank\" rel=\"noreferrer noopener\">Conhe\u00e7a o canal do GRANDE PR\u00caMIO na Twitch clicando aqui!<\/a><\/strong><\/p>\n\n\n\n<p class=\"wp-block-paragraph\">Ap\u00f3s o desempenho ruim no come\u00e7o do ano, sobretudo nas etapas de Azerbaij\u00e3o e Miami, muito se falou sobre o chefe do programa de pilotos da Red Bull, <strong>Helmut Marko<\/strong>, <strong><a href=\"https:\/\/www.grandepremio.com\/br\/f1\/noticias\/alphatauri-ultimato-nyck-de-vries-cogita-promover-retorno-daniel-ricciardo-formula-1\/\" class=\"ek-link\">ter definido o GP da Espanha como limite<\/a><\/strong> para De Vries reagir e mostrar os motivos pelos quais foi contratado. Marko chegou a dizer que De Vries tinha tomado <strong><a href=\"https:\/\/www.grandepremio.com\/br\/f1\/noticias\/red-bull-cartao-nyck-de-vries-descarta-daniel-ricciardo-poe-liam-lawson-ayumu-iwasa-fila\/\" class=\"ek-link\">&#8220;um cart\u00e3o amarelo&#8221;<\/a><\/strong>. <\/p>\n\n\n\n<p class=\"wp-block-paragraph\">Mesmo assim, o holand\u00eas, que admitiu ter fugido de ler not\u00edcias sobre as amea\u00e7as ao pr\u00f3prio emprego, garantiu que encara a situa\u00e7\u00e3o com normalidade e n\u00e3o sente mais press\u00e3o que antes.<\/p>\n\n\n\n<figure class=\"wp-block-image size-large\"><img decoding=\"async\" src=\"https:\/\/www.grandepremio.com\/br\/wp-content\/uploads\/2023\/05\/f1-2023-miami-treinos-livres-alphatauri-nyckdevries-01-2-1024x683.jpg\" alt=\"\" class=\"wp-image-680121\"\/><figcaption>Nyck De Vries garante que se v\u00ea seguro na F1 (Foto: Red Bull Content Pool)<\/figcaption><\/figure>\n\n\n\n<p class=\"wp-block-paragraph\">&#8220;Sim&#8221;, respondeu quando questionado se se sente seguro. &#8220;E n\u00e3o \u00e9 um choque para mim [que se fale disso]. \u00c9 normal, a ind\u00fastria \u00e9 assim. Sempre foi assim na Red Bull e na F1. Eu genuinamente acredito que [a situa\u00e7\u00e3o] n\u00e3o est\u00e1 diferente do come\u00e7o da temporada&#8221;, falou.<\/p>\n\n\n\n<p class=\"wp-block-paragraph\">&#8220;Como piloto, voc\u00ea sempre tem de lutar pela sobreviv\u00eancia e sempre precisa entregar desempenho para continuar sua carreira adiante com sucesso. \u00c9 normal e \u00e9 assim que funciona&#8221;, seguiu.<\/p>\n\n\n\n<p class=\"wp-block-paragraph\">&#8220;Realmente acredito que n\u00e3o h\u00e1 mais press\u00e3o agora que em qualquer outro momento. Na verdade, a \u00fanica diferen\u00e7a em F\u00f3rmula 1 \u00e9 que voc\u00ea tem muito mais barulho ao redor. Especialmente quando h\u00e1 um per\u00edodo sem corridas, que rende mais especula\u00e7\u00e3o e conversas. \u00c9 provavelmente a maior diferen\u00e7a em rela\u00e7\u00e3o a qualquer outro campeonato, mas a obriga\u00e7\u00e3o \u00e9 a mesma e todo mundo precisa fazer o trabalho&#8221;, seguiu.<\/p>\n\n\n\n<p class=\"wp-block-paragraph\">&#8220;Definitivamente, acho que cometi erros demais. Admito isso abertamente! Mas tamb\u00e9m acredito que meu ritmo foi forte em v\u00e1rios momentos, e isso me encoraja e d\u00e1 confian\u00e7a. No fim das contas, n\u00e3o tenho conseguido executar o trabalho e juntar tudo que preciso, mas creio que a velocidade est\u00e1 l\u00e1&#8221;, finalizou.<\/p>\n\n\n\n<p class=\"wp-block-paragraph\">O\u00a0<strong>GRANDE PR\u00caMIO<\/strong>\u00a0acompanha\u00a0<a href=\"https:\/\/www.grandepremio.com\/br\/ao-vivo\/f1\/\"><strong>AO VIVO<\/strong>\u00a0e\u00a0<strong>EM\u00a0<\/strong><\/a><strong><a href=\"https:\/\/www.grandepremio.com\/br\/ao-vivo\/\" target=\"_blank\" rel=\"noreferrer noopener\">TEMPO REAL<\/a><\/strong>\u00a0todas as atividades do\u00a0<strong>GP de M\u00f4naco<\/strong>\u00a0de\u00a0<strong><a href=\"https:\/\/www.grandepremio.com\/br\/f1\"><\/a><a href=\"https:\/\/www.grandepremio.com\/formula-1\/\" target=\"_blank\" rel=\"noreferrer noopener\">F\u00f3rmula 1<\/a><\/strong>.<\/p>\n\n\n\n<figure class=\"wp-block-embed is-type-video is-provider-youtube wp-block-embed-youtube wp-embed-aspect-16-9 wp-has-aspect-ratio\"><div class=\"wp-block-embed__wrapper\">\n<iframe loading=\"lazy\" title=\"&quot;\u00c9 T\u00cdTULO OU FRACASSO! ASTON MARTIN MUDA COM HONDA NA F1&quot; | GP \u00e0s 10\" width=\"500\" height=\"281\" src=\"https:\/\/www.youtube.com\/embed\/YidTxyJc0Rc?feature=oembed\" frameborder=\"0\" allow=\"accelerometer; autoplay; clipboard-write; encrypted-media; gyroscope; picture-in-picture; web-share\" referrerpolicy=\"strict-origin-when-cross-origin\" allowfullscreen><\/iframe>\n<\/div><figcaption>&#8220;\u00c9 T\u00cdTULO OU FRACASSO! ASTON MARTIN MUDA COM HONDA NA F1&#8221; | GP \u00e0s 10<\/figcaption><\/figure>\n","protected":false},"excerpt":{"rendered":"<p>Nyck de Vries admitiu que errou demais na temporada da F\u00f3rmula 1 at\u00e9 agora e tratou com absoluta normalidade a conversa sobre perder o emprego<\/p>\n","protected":false},"author":0,"featured_media":1000682945,"comment_status":"closed","ping_status":"closed","sticky":false,"template":"","format":"standard","meta":{"42wp_featured_image_caption":"","42wp_featured_image_credits":"","42wp_featured_video":"","42wp_featured_image_hidden":false,"42wp_authors_list":[],"footnotes":""},"categories":[2],"tags":[524,6533,30722,5100,34909,1491,30103,28285,258,1556],"42wp_author":[47120],"class_list":["post-102821","post","type-post","status-publish","format-standard","has-post-thumbnail","hentry","category-f1","tag-alphatauri","tag-f1-2023","tag-formula-1-2023","tag-gp-de-monaco","tag-gp-em-monaco","tag-grande-premio","tag-grande-premio-f1","tag-grandepremio","tag-helmut-marko","tag-nyck-de-vries","42wp_author-pedro-henrique-marum"],"_links":{"self":[{"href":"https:\/\/grandepremio.com\/br\/wp-json\/wp\/v2\/posts\/102821","targetHints":{"allow":["GET"]}}],"collection":[{"href":"https:\/\/grandepremio.com\/br\/wp-json\/wp\/v2\/posts"}],"about":[{"href":"https:\/\/grandepremio.com\/br\/wp-json\/wp\/v2\/types\/post"}],"replies":[{"embeddable":true,"href":"https:\/\/grandepremio.com\/br\/wp-json\/wp\/v2\/comments?post=102821"}],"version-history":[{"count":0,"href":"https:\/\/grandepremio.com\/br\/wp-json\/wp\/v2\/posts\/102821\/revisions"}],"wp:featuredmedia":[{"embeddable":true,"href":"https:\/\/grandepremio.com\/br\/wp-json\/wp\/v2\/media\/1000682945"}],"wp:attachment":[{"href":"https:\/\/grandepremio.com\/br\/wp-json\/wp\/v2\/media?parent=102821"}],"wp:term":[{"taxonomy":"category","embeddable":true,"href":"https:\/\/grandepremio.com\/br\/wp-json\/wp\/v2\/categories?post=102821"},{"taxonomy":"post_tag","embeddable":true,"href":"https:\/\/grandepremio.com\/br\/wp-json\/wp\/v2\/tags?post=102821"},{"taxonomy":"42wp_author","embeddable":true,"href":"https:\/\/grandepremio.com\/br\/wp-json\/wp\/v2\/42wp_author?post=102821"}],"curies":[{"name":"wp","href":"https:\/\/api.w.org\/{rel}","templated":true}]}}