{"id":102834,"date":"2023-05-24T16:16:38","date_gmt":"2023-05-24T19:16:38","guid":{"rendered":"https:\/\/grandepremio.com\/br\/noticias\/drr-enfim-consegue-fechar-primeiro-patrocinio-carro-ryan-hunter-reay-indy-500\/"},"modified":"2023-05-24T17:24:23","modified_gmt":"2023-05-24T20:24:23","slug":"drr-enfim-consegue-fechar-primeiro-patrocinio-carro-ryan-hunter-reay-indy-500","status":"publish","type":"post","link":"https:\/\/grandepremio.com\/br\/indy\/drr-enfim-consegue-fechar-primeiro-patrocinio-carro-ryan-hunter-reay-indy-500\/","title":{"rendered":"DRR enfim fecha primeiro patroc\u00ednio para carro de Hunter-Reay na Indy 500"},"content":{"rendered":"\n<p class=\"wp-block-paragraph\">O carro de <strong>Ryan Hunter-Reay<\/strong> para as <strong>500 Milhas de Indian\u00e1polis <\/strong>n\u00e3o estar\u00e1 mais completamente limpo de patroc\u00ednios. A <strong>DRR <\/strong>anunciou nesta quarta-feira (24) uma parceria com a seguradora de autom\u00f3veis <strong>Root Insurance<\/strong>, que j\u00e1 ter\u00e1 o seu logo estampado nos sidepods do b\u00f3lido <strong>#23<\/strong> no Carb Day, o \u00faltimo dia de treinos livres da <strong>Indy 500<\/strong>, nesta sexta-feira (26).<\/p>\n\n\n\n<p class=\"wp-block-paragraph\">Na semana passada, <a href=\"https:\/\/www.grandepremio.com\/br\/indy\/noticias\/drr-apresenta-carro-indy-500-sem-patrocinio-diz-nao-fim-mundo\/\" class=\"ek-link\">a Dreyer &amp; Reinbold apresentou o carro com pintura de cor preta e detalhes em verde<\/a>, mas sem qualquer patroc\u00ednio nos sidepods e nas asas dianteiras. O propriet\u00e1rio da escuderia, Dennis Reinbold, justificou que v\u00e1rias conversas foram malsucedidas quando estavam pr\u00f3ximas de serem conclu\u00eddas. Agora, finalmente a equipe consegue o primeiro parceiro.<\/p>\n\n\n\n<p class=\"wp-block-paragraph\">&#8220;Estamos extremamente empolgados em nos unir \u00e0 Root e a um campe\u00e3o da Indy 500, Ryan Hunter-Reay, para a corrida deste ano. Acreditamos ter preparado carros excepcionais para a etapa, e adorar\u00edamos levar a Root ao hall dos vencedores da corrida mais famosa do mundo&#8221;, disse <strong>Reinbold<\/strong>.<\/p>\n\n\n\n<p class=\"wp-block-paragraph\">&#8220;Estamos entusiasmados em fazer essa parceria com a DRR para destacar a Root na Indy 500. Ao chegar \u00e0 Root, conheci o poder da conex\u00e3o dentro da comunidade automotiva e aproveitei a oportunidade de trabalhar com a DRR e ter o Ryan ao volante&#8221;, comentou <strong>Jason Shapiro<\/strong>, vice-presidente s\u00eanior de Desenvolvimento de Neg\u00f3cios da Root, logo na sequ\u00eancia.<\/p>\n\n\n\n<p class=\"wp-block-paragraph\"><strong>\u25b6\ufe0f&nbsp;Inscreva-se nos dois canais do GRANDE PR\u00caMIO no YouTube:&nbsp;<a href=\"https:\/\/www.youtube.com\/channel\/UC9OlHEgxoaY6QY6nWPoiqQg?sub_confirmation=1\" target=\"_blank\" rel=\"noreferrer noopener\">GP<\/a>&nbsp;|&nbsp;<a href=\"https:\/\/www.youtube.com\/channel\/UC9csiS6q_C3C0FYhyr1rnFA?sub_confirmation=1\" target=\"_blank\" rel=\"noreferrer noopener\">GP2<\/a><\/strong><br><strong>\u25b6\ufe0f&nbsp;<a href=\"https:\/\/www.twitch.tv\/grandepremio\" target=\"_blank\" rel=\"noreferrer noopener\">Conhe\u00e7a o canal do GRANDE PR\u00caMIO na Twitch clicando aqui!<\/a><\/strong><\/p>\n\n\n\n<figure class=\"wp-block-image size-large\"><img decoding=\"async\" src=\"https:\/\/www.grandepremio.com\/br\/wp-content\/uploads\/2023\/05\/DRR-2-1024x481.png\" alt=\"\" class=\"wp-image-685788\"\/><figcaption>Logo da Root estar\u00e1 estampada nos sidepods do carro de Hunter-Reay (Foto: DRR \/ Divulga\u00e7\u00e3o)<\/figcaption><\/figure>\n\n\n\n<p class=\"wp-block-paragraph\">Hunter-Reay participar\u00e1 pela 16\u00aa vez da Indy 500, sendo que ele venceu em 2014, quando estava na <strong>Andretti<\/strong>. Al\u00e9m do americano, o p\u00f3dio foi completado pelo brasileiro <strong>H\u00e9lio Castroneves<\/strong> e por <strong>Marco Andretti<\/strong>. Em entrevista no m\u00eas de mar\u00e7o deste ano, quando firmou acordo com a DRR, <a href=\"https:\/\/www.grandepremio.com\/br\/indy\/noticias\/ryan-hunter-reay-assina-drr-volta-grid-indy-nas-500-milhas-de-indianapolis-2023\/\" class=\"ek-link\">o dono do carro #23 se mostrou animado para ser o azar\u00e3o<\/a>. Ele largar\u00e1 na 18\u00aa posi\u00e7\u00e3o no domingo (28).<\/p>\n\n\n\n<p class=\"wp-block-paragraph\">&#8220;Estou ansioso para entrar no circuito oval de Indian\u00e1polis nesta semana com as cores da Root em nosso carro #23. Acreditamos ter os parceiros, a equipe e o carro para vencer. Esses carros est\u00e3o muito bem preparados e aprendemos muito como equipe na semana passada. Estou pronto para correr quando agitarem a bandeira verde&#8221;, afirmou Hunter-Reay.<\/p>\n\n\n\n<p class=\"wp-block-paragraph\">A largada das 500 Milhas de Indian\u00e1polis est\u00e1 marcada para \u00e0s 13h30 (de <strong>Bras\u00edlia<\/strong>, GMT-3) do pr\u00f3ximo domingo, com cobertura completa do <strong>GRANDE PR\u00caMIO<\/strong>.<\/p>\n","protected":false},"excerpt":{"rendered":"<p>A Dreyer &#038; Reinbold chegou a apresentar o carro para as 500 Milhas de Indian\u00e1polis, na semana passada, com pintura de cor preta e detalhes em verde, mas sem qualquer patroc\u00ednio nos sidepods e nas asas dianteiras. Depois de v\u00e1rias conversas malsucedidas, equipe fechou acordo com seguradora de autom\u00f3veis<\/p>\n","protected":false},"author":0,"featured_media":1000685785,"comment_status":"closed","ping_status":"closed","sticky":false,"template":"","format":"standard","meta":{"42wp_featured_image_caption":"","42wp_featured_image_credits":"","42wp_featured_video":"","42wp_featured_image_hidden":false,"42wp_authors_list":[],"footnotes":""},"categories":[3],"tags":[2980,5403,619,1491,28285,93,25977,232,32514,28095,25779,3137],"42wp_author":[47153],"class_list":["post-102834","post","type-post","status-publish","format-standard","has-post-thumbnail","hentry","category-indy","tag-500-milhas-indianapolis","tag-drr","tag-formula-indy","tag-grande-premio","tag-grandepremio","tag-indy","tag-indy-2023","tag-indy-500","tag-indy-500-2023","tag-indycar-series","tag-patrocinio","tag-ryan-hunter-reay","42wp_author-gabriel-pitor"],"_links":{"self":[{"href":"https:\/\/grandepremio.com\/br\/wp-json\/wp\/v2\/posts\/102834","targetHints":{"allow":["GET"]}}],"collection":[{"href":"https:\/\/grandepremio.com\/br\/wp-json\/wp\/v2\/posts"}],"about":[{"href":"https:\/\/grandepremio.com\/br\/wp-json\/wp\/v2\/types\/post"}],"replies":[{"embeddable":true,"href":"https:\/\/grandepremio.com\/br\/wp-json\/wp\/v2\/comments?post=102834"}],"version-history":[{"count":0,"href":"https:\/\/grandepremio.com\/br\/wp-json\/wp\/v2\/posts\/102834\/revisions"}],"wp:featuredmedia":[{"embeddable":true,"href":"https:\/\/grandepremio.com\/br\/wp-json\/wp\/v2\/media\/1000685785"}],"wp:attachment":[{"href":"https:\/\/grandepremio.com\/br\/wp-json\/wp\/v2\/media?parent=102834"}],"wp:term":[{"taxonomy":"category","embeddable":true,"href":"https:\/\/grandepremio.com\/br\/wp-json\/wp\/v2\/categories?post=102834"},{"taxonomy":"post_tag","embeddable":true,"href":"https:\/\/grandepremio.com\/br\/wp-json\/wp\/v2\/tags?post=102834"},{"taxonomy":"42wp_author","embeddable":true,"href":"https:\/\/grandepremio.com\/br\/wp-json\/wp\/v2\/42wp_author?post=102834"}],"curies":[{"name":"wp","href":"https:\/\/api.w.org\/{rel}","templated":true}]}}