{"id":102837,"date":"2023-05-24T13:12:00","date_gmt":"2023-05-24T16:12:00","guid":{"rendered":"https:\/\/grandepremio.com\/br\/noticias\/carlos-sainz-confirma-presenca-gp-monaco-pancada-jogo-beneficente\/"},"modified":"2023-05-24T13:12:57","modified_gmt":"2023-05-24T16:12:57","slug":"carlos-sainz-confirma-presenca-gp-monaco-pancada-jogo-beneficente","status":"publish","type":"post","link":"https:\/\/grandepremio.com\/br\/f1\/carlos-sainz-confirma-presenca-gp-monaco-pancada-jogo-beneficente\/","title":{"rendered":"Sainz confirma presen\u00e7a no GP de M\u00f4naco ap\u00f3s pancada em jogo beneficente"},"content":{"rendered":"\n<p class=\"wp-block-paragraph\">A tradicional partida de futebol beneficente antes do <strong>GP de M\u00f4naco<\/strong> de <strong>F\u00f3rmula 1<\/strong>, promovida pela organiza\u00e7\u00e3o <strong>Children Sports Association<\/strong> nesta segunda-feira (22), terminou de forma inesperada para <strong>Carlos Sainz<\/strong>, da <strong>Ferrari<\/strong>. <a href=\"https:\/\/www.grandepremio.com\/br\/f1\/noticias\/pilotos-f1-jogam-partida-futebol-monaco-carlos-sainz-sai-lesao-coxa\/\" class=\"ek-link\">O piloto espanhol teve de ser substitu\u00eddo no segundo tempo<\/a> e foi flagrado com um curativo na coxa direita no banco de reservas, o que suscitou d\u00favidas quanto \u00e0 sua participa\u00e7\u00e3o na corrida do pr\u00f3ximo fim de semana.<\/p>\n\n\n\n<p class=\"wp-block-paragraph\">Por\u00e9m, por meio das redes sociais, Sainz tratou de tranquilizar os f\u00e3s e explicou que a coxa direita foi enfaixada para amenizar a dor de uma pancada \u2014 portanto, n\u00e3o teve les\u00e3o. Deste modo, o dono do carro <strong>#55<\/strong> est\u00e1 confirmado para a prova no circuito de rua de <strong>Monte Carlo<\/strong>.<\/p>\n\n\n\n<p class=\"wp-block-paragraph\"><strong>\u25b6\ufe0f\u00a0Inscreva-se nos dois canais do GRANDE PR\u00caMIO no YouTube:\u00a0<a href=\"https:\/\/www.youtube.com\/channel\/UC9OlHEgxoaY6QY6nWPoiqQg?sub_confirmation=1\" target=\"_blank\" rel=\"noreferrer noopener\">GP<\/a>\u00a0|\u00a0<a href=\"https:\/\/www.youtube.com\/channel\/UC9csiS6q_C3C0FYhyr1rnFA?sub_confirmation=1\" target=\"_blank\" rel=\"noreferrer noopener\">GP2<\/a><\/strong><br><strong>\u25b6\ufe0f\u00a0<a href=\"https:\/\/www.twitch.tv\/grandepremio\" target=\"_blank\" rel=\"noreferrer noopener\">Conhe\u00e7a o canal do GRANDE PR\u00caMIO na Twitch clicando aqui!<\/a><\/strong><\/p>\n\n\n\n<figure class=\"wp-block-image size-large\"><img decoding=\"async\" src=\"https:\/\/www.grandepremio.com\/br\/wp-content\/uploads\/2023\/05\/Fw1Z9B_WwBMcY48-922x1024.jpg\" alt=\"\" class=\"wp-image-685715\"\/><figcaption>Carlos Sainz recebeu uma pancada na coxa direita durante jogo beneficente em M\u00f4naco (Foto: Reprodu\u00e7\u00e3o \/ @elchiringuitotv)<\/figcaption><\/figure>\n\n\n\n<p class=\"wp-block-paragraph\">&#8220;Ol\u00e1 a todos. S\u00f3 quero comentar que estou bem e totalmente pronto para correr neste fim de semana em M\u00f4naco. Foi uma pancada durante o tradicional jogo beneficente, s\u00e3o os perigos do of\u00edcio, mas n\u00e3o \u00e9 uma les\u00e3o. Como sempre, me diverti muito jogando futebol e agora estou ansioso pelo fim de semana&#8221;, escreveu Sainz.<\/p>\n\n\n\n<p class=\"wp-block-paragraph\">O jogo beneficente aconteceu no est\u00e1dio <strong>Louis II<\/strong>, que pertence \u00e0 <strong>AS M\u00f4naco<\/strong>, equipe de grande relev\u00e2ncia do principado e que disputa a primeira divis\u00e3o da <strong>Fran\u00e7a<\/strong>. Sainz atuou no time do All Star Drivers, formado por pilotos de diversas categorias, e enfrentou o Star Team for the Children MC, que reuniu v\u00e1rios jogadores de futebol. A equipe dos pilotos venceu por 4 a 3.<\/p>\n\n\n\n<p class=\"wp-block-paragraph\">A <strong>F1<\/strong> retoma o calend\u00e1rio da temporada 2023 com o GP de M\u00f4naco no pr\u00f3ximo fim de semana. As atividades come\u00e7am nesta sexta-feira (26) com duas sess\u00f5es de treino livre, que ter\u00e3o cobertura completa do <strong>GRANDE PR\u00caMIO<\/strong>.<\/p>\n","protected":false},"excerpt":{"rendered":"<p>Piloto espanhol foi substitu\u00eddo no segundo tempo de um jogo beneficente por conta de uma pancada e apareceu com a coxa direita enfaixada no banco de reservas<\/p>\n","protected":false},"author":0,"featured_media":1000685724,"comment_status":"closed","ping_status":"closed","sticky":false,"template":"","format":"standard","meta":{"42wp_featured_image_caption":"","42wp_featured_image_credits":"","42wp_featured_video":"","42wp_featured_image_hidden":false,"42wp_authors_list":[],"footnotes":""},"categories":[2],"tags":[546,147,6533,180,30722,5100,1491,28285,7672],"42wp_author":[47153],"class_list":["post-102837","post","type-post","status-publish","format-standard","has-post-thumbnail","hentry","category-f1","tag-carlos-sainz","tag-f1","tag-f1-2023","tag-formula-1","tag-formula-1-2023","tag-gp-de-monaco","tag-grande-premio","tag-grandepremio","tag-sainz","42wp_author-gabriel-pitor"],"_links":{"self":[{"href":"https:\/\/grandepremio.com\/br\/wp-json\/wp\/v2\/posts\/102837","targetHints":{"allow":["GET"]}}],"collection":[{"href":"https:\/\/grandepremio.com\/br\/wp-json\/wp\/v2\/posts"}],"about":[{"href":"https:\/\/grandepremio.com\/br\/wp-json\/wp\/v2\/types\/post"}],"replies":[{"embeddable":true,"href":"https:\/\/grandepremio.com\/br\/wp-json\/wp\/v2\/comments?post=102837"}],"version-history":[{"count":0,"href":"https:\/\/grandepremio.com\/br\/wp-json\/wp\/v2\/posts\/102837\/revisions"}],"wp:featuredmedia":[{"embeddable":true,"href":"https:\/\/grandepremio.com\/br\/wp-json\/wp\/v2\/media\/1000685724"}],"wp:attachment":[{"href":"https:\/\/grandepremio.com\/br\/wp-json\/wp\/v2\/media?parent=102837"}],"wp:term":[{"taxonomy":"category","embeddable":true,"href":"https:\/\/grandepremio.com\/br\/wp-json\/wp\/v2\/categories?post=102837"},{"taxonomy":"post_tag","embeddable":true,"href":"https:\/\/grandepremio.com\/br\/wp-json\/wp\/v2\/tags?post=102837"},{"taxonomy":"42wp_author","embeddable":true,"href":"https:\/\/grandepremio.com\/br\/wp-json\/wp\/v2\/42wp_author?post=102837"}],"curies":[{"name":"wp","href":"https:\/\/api.w.org\/{rel}","templated":true}]}}