{"id":10286,"date":"2026-04-04T09:59:33","date_gmt":"2026-04-04T12:59:33","guid":{"rendered":"https:\/\/grandepremio.com\/br\/noticias\/fernando-alonso-detona-recuperacao-energia-f1-nao-existem-curvas-alta-velocidade\/"},"modified":"2026-04-04T10:02:54","modified_gmt":"2026-04-04T13:02:54","slug":"fernando-alonso-detona-recuperacao-energia-f1-nao-existem-curvas-alta-velocidade","status":"publish","type":"post","link":"https:\/\/grandepremio.com\/br\/f1\/fernando-alonso-detona-recuperacao-energia-f1-nao-existem-curvas-alta-velocidade\/","title":{"rendered":"Alonso detona recupera\u00e7\u00e3o de energia na F1: \u201cN\u00e3o existem curvas de alta velocidade\u201d"},"content":{"rendered":"\n<p class=\"wp-block-paragraph\"><strong>Fernando Alonso<\/strong> est\u00e1 insatisfeito com a situa\u00e7\u00e3o da <strong>F1 2026<\/strong>, e isso n\u00e3o est\u00e1 relacionado ao cen\u00e1rio dif\u00edcil da <strong>Aston Martin<\/strong>. Devido \u00e0 necessidade de recupera\u00e7\u00e3o de energia ao longo da volta, o bicampe\u00e3o criticou as novas regras e afirmou que os pilotos j\u00e1 n\u00e3o v\u00e3o mais ao limite e que a categoria deixou de aproveitar plenamente as curvas de alta velocidade, uma vez que esses trechos passaram a ser utilizados para a recarga da bateria.<\/p>\n\n\n\n<p class=\"wp-block-paragraph\">Assim como outros pilotos do grid, Alonso alertou sobre os problemas do novo regulamento ainda durante a pr\u00e9-temporada e afirmou que n\u00e3o \u00e9 necess\u00e1rio ser piloto profissional para guiar os novos carros. A maior frustra\u00e7\u00e3o, no entanto, ocorreu no fim de semana do <strong>GP do Jap\u00e3o<\/strong>.<\/p>\n\n\n\n<figure class=\"wp-block-embed is-type-video is-provider-youtube wp-block-embed-youtube wp-embed-aspect-16-9 wp-has-aspect-ratio\"><div class=\"wp-block-embed__wrapper\">\n<iframe loading=\"lazy\" title=\"MERCEDES EM N\u00c1RNIA, FERRARI 2.0 E ZAP DOS PILOTOS EM EBULI\u00c7\u00c3O NA F1 | WGP\" width=\"500\" height=\"281\" src=\"https:\/\/www.youtube.com\/embed\/fCGcL8lYADM?feature=oembed\" frameborder=\"0\" allow=\"accelerometer; autoplay; clipboard-write; encrypted-media; gyroscope; picture-in-picture; web-share\" referrerpolicy=\"strict-origin-when-cross-origin\" allowfullscreen><\/iframe>\n<\/div><\/figure>\n\n\n\n<h3 class=\"wp-block-heading has-vivid-red-color has-text-color has-link-color wp-elements-1\" id=\"h-gp-experience-o-novo-produto-do-grande-premio-conecta-voce-aos-maiores-eventos-de-esporte-a-motor-do-mundo-va-para-indianapolis-com-a-gente-saiba-aqui-todos-os-detalhes\"><strong>+ GP EXPERIENCE: o novo produto do GRANDE PR\u00caMIO conecta voc\u00ea aos maiores eventos de esporte a motor do mundo. V\u00e1 para Indian\u00e1polis com a gente:\u00a0<a href=\"https:\/\/gpexperience.tur.br\/\">saiba aqui todos os detalhes<\/a>.<\/strong><\/h3>\n\n\n\n<p class=\"wp-block-paragraph\">Embora n\u00e3o ofere\u00e7a muitos pontos de ultrapassagem, muitos pilotos concordam que Suzuka \u00e9 um dos tra\u00e7ados mais divertidos da <strong>F1<\/strong>. No entanto, alguns afirmaram que, com as novas regras, o circuito japon\u00eas j\u00e1 n\u00e3o \u00e9 t\u00e3o emocionante. Isso se deve, em parte, \u00e0 brusca perda de pot\u00eancia dos carros ao longo da volta, especialmente ao contornar a <strong>130R<\/strong>, uma das curvas mais ic\u00f4nicas do calend\u00e1rio.<\/p>\n\n\n\n<p class=\"wp-block-paragraph\">De acordo com <strong>Alonso<\/strong>, a tend\u00eancia \u00e9 que boa parte dos circuitos da <strong>F1 <\/strong>se torne menos interessante, j\u00e1 que os pilotos n\u00e3o conseguem levar o carro ao limite e precisam reduzir a velocidade nas curvas de alta velocidade para recuperar a bateria.<\/p>\n\n\n\n<figure class=\"wp-block-image size-large\"><img decoding=\"async\" src=\"https:\/\/www.grandepremio.com\/br\/wp-content\/uploads\/2026\/03\/corrida-f1-2026-aston-martin-fernando-alonso-01-1-1200x800.jpg\" alt=\"\" class=\"wp-image-1073270\"\/><figcaption class=\"wp-element-caption\">Fernando Alonso sofre com os problemas da Aston Martin em 2026 (Foto: Aston Martin)<\/figcaption><\/figure>\n\n\n\n<p class=\"wp-block-paragraph\">\u201cAcabou. Agora, provavelmente metade dos membros da equipe \u00e9 capaz de guiar o carro em Suzuka. Como disse algumas vezes, as curvas de alta velocidade se tornaram o ponto de recarga da bateria. Ent\u00e3o, voc\u00ea anda devagar ali e carrega a bateria, e depois tem pot\u00eancia total nas retas, ent\u00e3o a habilidade do piloto n\u00e3o \u00e9 mais necess\u00e1ria, n\u00e3o \u00e9 mais um desafio nas curvas de alta velocidade\u201d, destacou <strong>Alonso<\/strong>.<\/p>\n\n\n\n<p class=\"wp-block-paragraph\">\u201c\u00c9 dif\u00edcil melhorar os carros porque o foco estar\u00e1 sempre nas retas e na economia de energia, ent\u00e3o seria preciso melhorar o superclipping e as redu\u00e7\u00f5es de pot\u00eancia. \u00c9 algo que precisa ser corrigido, e \u00e9 bem poss\u00edvel que uma pequena altera\u00e7\u00e3o no regulamento melhore a situa\u00e7\u00e3o, mas em termos de at\u00e9 onde voc\u00ea poder\u00e1 levar o carro ao limite, isso nunca ser\u00e1 visto com esses regulamentos\u201d, finalizou <strong>Alonso<\/strong>.<\/p>\n\n\n\n<p class=\"wp-block-paragraph\">\u25b6\ufe0f Inscreva-se nos dois canais do GRANDE PR\u00caMIO no YouTube: <strong><a href=\"https:\/\/www.youtube.com\/channel\/UC9OlHEgxoaY6QY6nWPoiqQg?sub_confirmation=1\">GP<\/a>\u00a0|\u00a0<a href=\"https:\/\/www.youtube.com\/channel\/UC9csiS6q_C3C0FYhyr1rnFA?sub_confirmation=1\">GPTV<\/a><\/strong><\/p>\n\n\n\n<h2 class=\"wp-block-heading\" id=\"h-f1-hoje-saiba-aqui-as-noticias-mais-importantes-do-dia-da-formula-1\"><strong>F1 hoje: saiba aqui as not\u00edcias mais importantes do dia da F\u00f3rmula 1<\/strong><\/h2>\n\n\n\n<p class=\"wp-block-paragraph\">A reda\u00e7\u00e3o do&nbsp;<strong>GRANDE PR\u00caMIO<\/strong>&nbsp;selecionou as not\u00edcias mais importantes das \u00faltimas horas para voc\u00ea ficar por dentro de tudo que acontece na F1.<\/p>\n\n\n\n<p class=\"wp-block-paragraph\">\u25b6\ufe0f<a href=\"https:\/\/www.grandepremio.com\/br\/f1\/noticias\/assoalho-revisado-asa-macarena-quais-atualizacoes-ferrari-planeja-gp-miami\/\">Assoalho revisado e asa \u2018Macarena\u2019: quais atualiza\u00e7\u00f5es Ferrari planeja para GP de Miami<\/a><br>\u25b6\ufe0f<a href=\"https:\/\/www.grandepremio.com\/br\/f1\/noticias\/mattia-binotto-reitera-posto-chefe-audi-diz-busca-nome-apoia-lo-corridas\/\">Binotto reitera posto de chefe da Audi e diz que busca nome \u201cpara apoi\u00e1-lo em corridas\u201d<\/a><br>\u25b6\ufe0f<a href=\"https:\/\/www.grandepremio.com\/br\/f1\/noticias\/flavio-briatore-ressalta-empenho-renault-projeto-alpine-f1-queremos-vencer\/\">Briatore ressalta empenho da Renault em projeto da Alpine na F1: \u201cQueremos vencer\u201d<\/a><br>\u25b6\ufe0f<a href=\"https:\/\/www.grandepremio.com\/br\/f1\/noticias\/red-bull-explica-evitar-saida-max-verstappen-nao-tera-discussao\/\">Red Bull diz como evitar sa\u00edda de Verstappen: \u201cSe conseguirmos, n\u00e3o ter\u00e1 discuss\u00e3o\u201d<\/a><br>\u25b6\ufe0f<a href=\"https:\/\/www.grandepremio.com\/br\/f1\/noticias\/lando-norris-diz-f1-2026-otima-tv-mas-crava-experiencia-carro-nao-e-autentica\/\">Norris diz que F1 2026 \u201c\u00e9 \u00f3tima na TV\u201d, mas crava: \u201cExperi\u00eancia no carro n\u00e3o \u00e9 aut\u00eantica\u201d<\/a><br>\u25b6\ufe0f<a href=\"https:\/\/www.grandepremio.com\/br\/f1\/noticias\/oscar-piastri-pede-mclaren-nao-se-iludir-apos-duelo-mercedes-japao\/\">Piastri pede \u00e0 McLaren para \u201cn\u00e3o se iludir\u201d em briga com Mercedes<\/a><\/p>\n","protected":false},"excerpt":{"rendered":"<p>Ao falar do novo regulamento da F\u00f3rmula 1, Fernando Alonso explicou que os carros n\u00e3o fazem mais curvas em alta velocidade, uma vez que utilizam o trecho para recupera\u00e7\u00e3o de energia<\/p>\n","protected":false},"author":0,"featured_media":1001066899,"comment_status":"closed","ping_status":"closed","sticky":false,"template":"","format":"standard","meta":{"42wp_featured_image_caption":"","42wp_featured_image_credits":"","42wp_featured_video":"","42wp_featured_image_hidden":false,"42wp_authors_list":[],"footnotes":""},"categories":[2],"tags":[388,33914,32124,309,30820,29516,176,180,3023,1491,28285,30840,2693,35129,4873,608],"42wp_author":[47149],"class_list":["post-10286","post","type-post","status-publish","format-standard","has-post-thumbnail","hentry","category-f1","tag-alonso","tag-alonso-f1","tag-alonso-na-aston-martin","tag-aston-martin","tag-aston-martin-f1","tag-f1-2026","tag-fernando-alonso","tag-formula-1","tag-gp-do-japao","tag-grande-premio","tag-grandepremio","tag-horarios-f1","tag-novo-regulamento-f1","tag-onde-assistir-f1","tag-regulamento-f1","tag-suzuka","42wp_author-bernardo-castro"],"_links":{"self":[{"href":"https:\/\/grandepremio.com\/br\/wp-json\/wp\/v2\/posts\/10286","targetHints":{"allow":["GET"]}}],"collection":[{"href":"https:\/\/grandepremio.com\/br\/wp-json\/wp\/v2\/posts"}],"about":[{"href":"https:\/\/grandepremio.com\/br\/wp-json\/wp\/v2\/types\/post"}],"replies":[{"embeddable":true,"href":"https:\/\/grandepremio.com\/br\/wp-json\/wp\/v2\/comments?post=10286"}],"version-history":[{"count":0,"href":"https:\/\/grandepremio.com\/br\/wp-json\/wp\/v2\/posts\/10286\/revisions"}],"wp:featuredmedia":[{"embeddable":true,"href":"https:\/\/grandepremio.com\/br\/wp-json\/wp\/v2\/media\/1001066899"}],"wp:attachment":[{"href":"https:\/\/grandepremio.com\/br\/wp-json\/wp\/v2\/media?parent=10286"}],"wp:term":[{"taxonomy":"category","embeddable":true,"href":"https:\/\/grandepremio.com\/br\/wp-json\/wp\/v2\/categories?post=10286"},{"taxonomy":"post_tag","embeddable":true,"href":"https:\/\/grandepremio.com\/br\/wp-json\/wp\/v2\/tags?post=10286"},{"taxonomy":"42wp_author","embeddable":true,"href":"https:\/\/grandepremio.com\/br\/wp-json\/wp\/v2\/42wp_author?post=10286"}],"curies":[{"name":"wp","href":"https:\/\/api.w.org\/{rel}","templated":true}]}}