{"id":102894,"date":"2023-05-22T13:19:39","date_gmt":"2023-05-22T16:19:39","guid":{"rendered":"https:\/\/grandepremio.com\/br\/noticias\/yuki-tsunoda-estresse-demora-renovacao-alphatauri-nao-dormia-direito\/"},"modified":"2023-05-22T13:48:49","modified_gmt":"2023-05-22T16:48:49","slug":"yuki-tsunoda-estresse-demora-renovacao-alphatauri-nao-dormia-direito","status":"publish","type":"post","link":"https:\/\/grandepremio.com\/br\/f1\/yuki-tsunoda-estresse-demora-renovacao-alphatauri-nao-dormia-direito\/","title":{"rendered":"Tsunoda admite estresse por demora em renova\u00e7\u00e3o com AlphaTauri: &#8220;N\u00e3o dormia&#8221;"},"content":{"rendered":"\n<figure class=\"wp-block-embed is-type-video is-provider-youtube wp-block-embed-youtube wp-embed-aspect-16-9 wp-has-aspect-ratio\"><div class=\"wp-block-embed__wrapper\">\n<iframe loading=\"lazy\" title=\"F1 PRECISA REVER LOG\u00cdSTICA INSANA SE QUISER SER MESMO SUSTENT\u00c1VEL | GP \u00c0S 10\" width=\"500\" height=\"281\" src=\"https:\/\/www.youtube.com\/embed\/9a7A8D1mJz0?feature=oembed\" frameborder=\"0\" allow=\"accelerometer; autoplay; clipboard-write; encrypted-media; gyroscope; picture-in-picture; web-share\" referrerpolicy=\"strict-origin-when-cross-origin\" allowfullscreen><\/iframe>\n<\/div><\/figure>\n\n\n\n<p class=\"wp-block-paragraph\"><strong>Yuki Tsunoda <\/strong>somou apenas dois pontos at\u00e9 aqui nas cinco corridas realizadas pela <strong>F\u00f3rmula 1<\/strong> em 2023, mas, sem d\u00favidas, vem fazendo seu melhor campeonato desde que desembarcou na principal categoria do esporte a motor. Com um conjunto bastante deficiente na <strong>AlphaTauri<\/strong>, o japon\u00eas apresenta um desempenho bem mais forte do que seu companheiro de equipe, <strong>Nyck de Vries<\/strong>, e vem transformando os olhares daqueles que o viam apenas como um piloto &#8216;esquentado&#8217; no grid.<\/p>\n\n\n\n<p class=\"wp-block-paragraph\">E o pr\u00f3prio Tsunoda admitiu que houve uma mudan\u00e7a de mentalidade de um ano para o outro. O japon\u00eas, em fala bastante inusitada, admitiu que n\u00e3o tinha no\u00e7\u00e3o do quanto estar na F\u00f3rmula 1 representava para ele mesmo e reconheceu que esse sentimento surgiu apenas com o passar do tempo.<\/p>\n\n\n\n<p class=\"wp-block-paragraph\">&#8220;Minha mentalidade em rela\u00e7\u00e3o \u00e0s corridas mudou levemente&#8221;, destacou Tsunoda ao portal ingl\u00eas <em>The Race<\/em>. &#8220;Eu aprecio muito mais do que sentia nos meus primeiros anos de carreira. Eu sei o quanto correr significa para mim, e tamb\u00e9m o quanto a F\u00f3rmula 1 significa para mim, algo que eu n\u00e3o sentia h\u00e1 dois anos&#8221;, ressaltou.<\/p>\n\n\n\n<p class=\"wp-block-paragraph\">&#8220;Eu estava, obviamente, focado&#8221;, garantiu. &#8220;Mas, se eu for olhar para tr\u00e1s, acho que n\u00e3o estava pronto para obter minha melhor performance, com for\u00e7a total e esfor\u00e7o cont\u00ednuo em todas as corridas&#8221;, avaliou.<\/p>\n\n\n\n<figure class=\"wp-block-image size-large\"><img decoding=\"async\" src=\"https:\/\/www.grandepremio.com\/br\/wp-content\/uploads\/2023\/05\/f1-2023-miami-treinos-livres-alphatauri-yukitsunoda-03-1-1024x576.jpg\" alt=\"\" class=\"wp-image-680565\"\/><figcaption>Tsunoda s\u00f3 tem dois pontos em 2023, mas soma corridas s\u00f3lidas na temporada (Foto: AlphaTauri)<\/figcaption><\/figure>\n\n\n\n<p class=\"wp-block-paragraph\"><strong>\u25b6\ufe0f&nbsp;<a href=\"https:\/\/www.twitch.tv\/grandepremio\" target=\"_blank\" rel=\"noreferrer noopener\">Conhe\u00e7a o canal do GRANDE PR\u00caMIO na Twitch clicando aqui!<\/a><\/strong><\/p>\n\n\n\n<p class=\"wp-block-paragraph\">Al\u00e9m disso, a renova\u00e7\u00e3o de contrato arrastada com a AlphaTauri, que s\u00f3 anunciou a continuidade de Tsunoda <a href=\"https:\/\/www.grandepremio.com\/br\/f1\/noticias\/alphatauri-voto-confianca-renova-yuki-tsunoda-formula-1-2023\/\" target=\"_blank\" aria-label=\" (opens in a new tab)\" rel=\"noreferrer noopener\" class=\"ek-link\">na reta final da temporada<\/a>, prejudicou bastante o psicol\u00f3gico do piloto durante o campeonato. Segundo ele, a incerteza sobre o futuro dificultou as coisas, principalmente entre os GPs do <strong>Azerbaij\u00e3o <\/strong>e do <strong>Jap\u00e3o<\/strong>.<\/p>\n\n\n\n<p class=\"wp-block-paragraph\">&#8220;A equipe n\u00e3o havia anunciado minha renova\u00e7\u00e3o, e eu n\u00e3o sabia o que aconteceria comigo \u2014 literalmente, n\u00e3o tinha nenhum controle&#8221;, relembrou. &#8220;\u00c9 por isso que eu n\u00e3o estava me sentindo mentalmente bem. Eu n\u00e3o dormia bem na maioria das noites. Esse estresse e esse cansa\u00e7o n\u00e3o ajudavam nas corridas, s\u00e3o coisas que n\u00e3o preciso me preocupar agora&#8221;, destacou.<\/p>\n\n\n\n<p class=\"wp-block-paragraph\">&#8220;Eu me distra\u00ed com v\u00e1rias coisas. Naquele momento, eu me esqueci de aproveitar a F\u00f3rmula 1. Senti que estava apenas pilotando para o chefe da equipe ou para conseguir um contrato, e n\u00e3o deveria ser assim. Quando olho para tr\u00e1s, com bons resultados na primeira metade da temporada, eu estava aproveitando. Sinto que essa \u00e9 a coisa mais importante&#8221;, analisou.<\/p>\n\n\n\n<figure class=\"wp-block-image size-large\"><img decoding=\"async\" src=\"https:\/\/www.grandepremio.com\/br\/wp-content\/uploads\/2023\/05\/f1-2023-miami-treinos-livres-alphatauri-yukitsunoda-01-1024x683.jpg\" alt=\"\" class=\"wp-image-679639\"\/><figcaption>Tsunoda garantiu ter uma mentalidade diferente em rela\u00e7\u00e3o \u00e0 F1 em 2023 (Foto: Red Bull Content Pool)<\/figcaption><\/figure>\n\n\n\n<p class=\"wp-block-paragraph\"><strong>\u25b6\ufe0f&nbsp;Inscreva-se nos dois canais do GRANDE PR\u00caMIO no YouTube:&nbsp;<a href=\"https:\/\/www.youtube.com\/channel\/UC9OlHEgxoaY6QY6nWPoiqQg?sub_confirmation=1\" target=\"_blank\" rel=\"noreferrer noopener\">GP<\/a>&nbsp;|&nbsp;<a href=\"https:\/\/www.youtube.com\/channel\/UC9csiS6q_C3C0FYhyr1rnFA?sub_confirmation=1\" target=\"_blank\" rel=\"noreferrer noopener\">GP2<\/a><\/strong><\/p>\n\n\n\n<p class=\"wp-block-paragraph\">Por fim, Tsunoda explicou que todos esses problemas fizeram com que ele mudasse a mentalidade em rela\u00e7\u00e3o ao esporte e aproveitasse mais as corridas. O impacto foi imediato, j\u00e1 que Yuki faz sua melhor temporada na F1 em 2023 \u2014 ainda que, devido ao conjunto deficit\u00e1rio da equipe de Faenza, s\u00f3 tenha somado dois pontos at\u00e9 aqui.<\/p>\n\n\n\n<p class=\"wp-block-paragraph\">&#8220;Ent\u00e3o, eu pude repensar o quanto a F\u00f3rmula 1 significa para mim e o quanto o esporte a motor significa para mim&#8221;, disse. &#8220;Algo mudou. Eu quero aproveitar e quero alcan\u00e7ar minha m\u00e1xima performance. Se eu perder com isso, ao menos pude dar meu m\u00e1ximo em todas as corridas \u2014 e isso ajuda&#8221;, finalizou.<\/p>\n\n\n\n<p class=\"wp-block-paragraph\">Ap\u00f3s o cancelamento do&nbsp;<strong>GP da Em\u00edlia-<a href=\"https:\/\/www.grandepremio.com\/br\/circuito\/roma\/\" target=\"_blank\" rel=\"noreferrer noopener\">Roma<\/a>nha<\/strong>, a&nbsp;<a href=\"https:\/\/www.grandepremio.com\/formula-1\/\" target=\"_blank\" rel=\"noreferrer noopener\">F\u00f3rmula 1<\/a>&nbsp;se prepara para retomar a temporada no pr\u00f3ximo fim de semana, com a disputa do&nbsp;<strong>GP de&nbsp;<a href=\"https:\/\/www.grandepremio.com\/br\/circuito\/monaco\/\" target=\"_blank\" rel=\"noreferrer noopener\">M\u00f4naco<\/a><\/strong>&nbsp;programada para as&nbsp;<strong>10h&nbsp;<\/strong>(de Bras\u00edlia) de domingo (28).<\/p>\n","protected":false},"excerpt":{"rendered":"<p>Amplamente conhecido no universo da F1 como um piloto estressado, Yuki Tsunoda explicou que a inseguran\u00e7a pela demora na renova\u00e7\u00e3o de seu contrato no ano passado contribuiu para uma perda de foco no esporte<\/p>\n","protected":false},"author":0,"featured_media":1000667362,"comment_status":"closed","ping_status":"closed","sticky":false,"template":"","format":"standard","meta":{"42wp_featured_image_caption":"","42wp_featured_image_credits":"","42wp_featured_video":"","42wp_featured_image_hidden":false,"42wp_authors_list":[],"footnotes":""},"categories":[2],"tags":[524,147,6533,180,25606,1491,30103,28285,5386,24999,597],"42wp_author":[47142],"class_list":["post-102894","post","type-post","status-publish","format-standard","has-post-thumbnail","hentry","category-f1","tag-alphatauri","tag-f1","tag-f1-2023","tag-formula-1","tag-gp-da-emilia-romanha","tag-grande-premio","tag-grande-premio-f1","tag-grandepremio","tag-imola","tag-renovacao","tag-yuki-tsunoda","42wp_author-jp-nascimento"],"_links":{"self":[{"href":"https:\/\/grandepremio.com\/br\/wp-json\/wp\/v2\/posts\/102894","targetHints":{"allow":["GET"]}}],"collection":[{"href":"https:\/\/grandepremio.com\/br\/wp-json\/wp\/v2\/posts"}],"about":[{"href":"https:\/\/grandepremio.com\/br\/wp-json\/wp\/v2\/types\/post"}],"replies":[{"embeddable":true,"href":"https:\/\/grandepremio.com\/br\/wp-json\/wp\/v2\/comments?post=102894"}],"version-history":[{"count":0,"href":"https:\/\/grandepremio.com\/br\/wp-json\/wp\/v2\/posts\/102894\/revisions"}],"wp:featuredmedia":[{"embeddable":true,"href":"https:\/\/grandepremio.com\/br\/wp-json\/wp\/v2\/media\/1000667362"}],"wp:attachment":[{"href":"https:\/\/grandepremio.com\/br\/wp-json\/wp\/v2\/media?parent=102894"}],"wp:term":[{"taxonomy":"category","embeddable":true,"href":"https:\/\/grandepremio.com\/br\/wp-json\/wp\/v2\/categories?post=102894"},{"taxonomy":"post_tag","embeddable":true,"href":"https:\/\/grandepremio.com\/br\/wp-json\/wp\/v2\/tags?post=102894"},{"taxonomy":"42wp_author","embeddable":true,"href":"https:\/\/grandepremio.com\/br\/wp-json\/wp\/v2\/42wp_author?post=102894"}],"curies":[{"name":"wp","href":"https:\/\/api.w.org\/{rel}","templated":true}]}}