{"id":102896,"date":"2023-05-22T12:02:40","date_gmt":"2023-05-22T15:02:40","guid":{"rendered":"https:\/\/grandepremio.com\/br\/noticias\/rinus-veekay-lamenta-pole-perdida-alex-palou-indy-500-brinca-deveria-ter-vomitado\/"},"modified":"2023-05-22T12:03:51","modified_gmt":"2023-05-22T15:03:51","slug":"rinus-veekay-lamenta-pole-perdida-alex-palou-indy-500-brinca-deveria-ter-vomitado","status":"publish","type":"post","link":"https:\/\/grandepremio.com\/br\/indy\/rinus-veekay-lamenta-pole-perdida-alex-palou-indy-500-brinca-deveria-ter-vomitado\/","title":{"rendered":"VeeKay lamenta pole perdida para Palou na Indy 500 e brinca: &#8220;Deveria ter vomitado&#8221;"},"content":{"rendered":"\n<p class=\"wp-block-paragraph\"><strong>Rinus VeeKay<\/strong> ficou a mil\u00e9simos de surpreender os favoritos na classifica\u00e7\u00e3o das <strong>500 Milhas de Indian\u00e1polis<\/strong>, realizada neste domingo (21). O holand\u00eas teve uma performance bastante consistente nas quatro voltas de sua tomada de tempo e <a href=\"https:\/\/www.grandepremio.com\/br\/indy\/noticias\/alex-palou-bate-rinus-veekay-por-0s004-e-coloca-ganassi-pole-indy-500\/\" class=\"ek-link\">a diferen\u00e7a para o pole-position, <strong>\u00c1lex Palou<\/strong>, foi de apenas 0s004<\/a>. Apesar disso, o resultado pode ser considerado positivo para a equipe <strong>Carpenter<\/strong>, que apresentou um carro competitivo para a <strong>Indy 500<\/strong>.<\/p>\n\n\n\n<p class=\"wp-block-paragraph\">Em entrevista \u00e0 emissora americana <em>NBC<\/em>, o piloto de 22 anos tamb\u00e9m aprovou a segunda coloca\u00e7\u00e3o na classifica\u00e7\u00e3o, o que permitir\u00e1 um bom posicionamento no grid de largada da corrida. Por\u00e9m, ele tamb\u00e9m brincou com a margem apertada de tempo e lamentou a chance desperdi\u00e7ada de conquistar a pole.<\/p>\n\n\n\n<p class=\"wp-block-paragraph\"><strong>\u25b6\ufe0f\u00a0Inscreva-se nos dois canais do GRANDE PR\u00caMIO no YouTube:\u00a0<a href=\"https:\/\/www.youtube.com\/channel\/UC9OlHEgxoaY6QY6nWPoiqQg?sub_confirmation=1\" target=\"_blank\" rel=\"noreferrer noopener\">GP<\/a>\u00a0|\u00a0<a href=\"https:\/\/www.youtube.com\/channel\/UC9csiS6q_C3C0FYhyr1rnFA?sub_confirmation=1\" target=\"_blank\" rel=\"noreferrer noopener\">GP2<\/a><\/strong><br><strong>\u25b6\ufe0f\u00a0<a href=\"https:\/\/www.twitch.tv\/grandepremio\" target=\"_blank\" rel=\"noreferrer noopener\">Conhe\u00e7a o canal do GRANDE PR\u00caMIO na Twitch clicando aqui!<\/a><\/strong><\/p>\n\n\n\n<figure class=\"wp-block-image size-large\"><img decoding=\"async\" src=\"https:\/\/www.grandepremio.com\/br\/wp-content\/uploads\/2023\/05\/Rinus-VeeKay-Indianapolis-500-Practice-By_-Paul-Hurley_Large-Image-Without-Watermark_m80340-1024x683.jpg\" alt=\"\" class=\"wp-image-685074\"\/><figcaption>Rinus VeeKay fez excelentes voltas no Fast Six da classifica\u00e7\u00e3o da Indy 500, mas ficou a 0s004 de \u00c1lex Palou (Foto: Indy)<\/figcaption><\/figure>\n\n\n\n<p class=\"wp-block-paragraph\">&#8220;Eu aproveitei tudo, mas gostaria de ter um pouco mais, foi t\u00e3o perto. Eu deveria ter vomitado antes da classifica\u00e7\u00e3o ou almo\u00e7ado menos, mas quero dizer, est\u00e1 t\u00e3o perto, acho que realmente tivemos uma chance para a pole-position. Por\u00e9m, tamb\u00e9m sou um pouco mimado ao dizer isso, ent\u00e3o estou muto feliz com a segunda posi\u00e7\u00e3o&#8221;, comentou VeeKay<\/p>\n\n\n\n<p class=\"wp-block-paragraph\">&#8220;N\u00e3o ganhamos nada com isso [a classifica\u00e7\u00e3o], \u00e9 apenas o come\u00e7o da corrida, ent\u00e3o&#8230; Estou muito orgulhoso da equipe, de todos, e vamos dar trabalho a eles na pr\u00f3xima semana&#8221;, completou.<\/p>\n\n\n\n<p class=\"wp-block-paragraph\">Al\u00e9m de VeeKay, a Carpenter tem outros dois pilotos habilitados para a Indy 500 neste ano: <strong>Ed Carpenter<\/strong>, tamb\u00e9m propriet\u00e1rio da equipe, que largar\u00e1 em 13\u00ba, e <strong>Conor Daly<\/strong>, que come\u00e7ar\u00e1 na 16\u00aa posi\u00e7\u00e3o. A primeira fila do grid de largada ser\u00e1 completada por <strong>Felix Roseqnvist<\/strong>, da McLaren.<\/p>\n\n\n\n<p class=\"wp-block-paragraph\">A largada das 500 Milhas de Indian\u00e1polis est\u00e1 marcada para as 13h30 (de <strong>Bras\u00edlia<\/strong>, GMT-3) do pr\u00f3ximo domingo (28), com cobertura completa do <strong>GRANDE PR\u00caMIO<\/strong>.<\/p>\n","protected":false},"excerpt":{"rendered":"<p>Rinus VeeKay ficou a apenas 0s004 do pole-position, \u00c1lex Palou, na classifica\u00e7\u00e3o das 500 Milhas de Indian\u00e1polis. Apesar disso, o piloto holand\u00eas aprovou a segunda coloca\u00e7\u00e3o<\/p>\n","protected":false},"author":0,"featured_media":1000685073,"comment_status":"closed","ping_status":"closed","sticky":false,"template":"","format":"standard","meta":{"42wp_featured_image_caption":"","42wp_featured_image_credits":"","42wp_featured_video":"","42wp_featured_image_hidden":false,"42wp_authors_list":[],"footnotes":""},"categories":[3],"tags":[2980,9828,5660,619,1491,28285,93,25977,232,32514,28095,1214,2188],"42wp_author":[47153],"class_list":["post-102896","post","type-post","status-publish","format-standard","has-post-thumbnail","hentry","category-indy","tag-500-milhas-indianapolis","tag-alex-palou","tag-classificacao","tag-formula-indy","tag-grande-premio","tag-grandepremio","tag-indy","tag-indy-2023","tag-indy-500","tag-indy-500-2023","tag-indycar-series","tag-pole-position","tag-rinus-veekay","42wp_author-gabriel-pitor"],"_links":{"self":[{"href":"https:\/\/grandepremio.com\/br\/wp-json\/wp\/v2\/posts\/102896","targetHints":{"allow":["GET"]}}],"collection":[{"href":"https:\/\/grandepremio.com\/br\/wp-json\/wp\/v2\/posts"}],"about":[{"href":"https:\/\/grandepremio.com\/br\/wp-json\/wp\/v2\/types\/post"}],"replies":[{"embeddable":true,"href":"https:\/\/grandepremio.com\/br\/wp-json\/wp\/v2\/comments?post=102896"}],"version-history":[{"count":0,"href":"https:\/\/grandepremio.com\/br\/wp-json\/wp\/v2\/posts\/102896\/revisions"}],"wp:featuredmedia":[{"embeddable":true,"href":"https:\/\/grandepremio.com\/br\/wp-json\/wp\/v2\/media\/1000685073"}],"wp:attachment":[{"href":"https:\/\/grandepremio.com\/br\/wp-json\/wp\/v2\/media?parent=102896"}],"wp:term":[{"taxonomy":"category","embeddable":true,"href":"https:\/\/grandepremio.com\/br\/wp-json\/wp\/v2\/categories?post=102896"},{"taxonomy":"post_tag","embeddable":true,"href":"https:\/\/grandepremio.com\/br\/wp-json\/wp\/v2\/tags?post=102896"},{"taxonomy":"42wp_author","embeddable":true,"href":"https:\/\/grandepremio.com\/br\/wp-json\/wp\/v2\/42wp_author?post=102896"}],"curies":[{"name":"wp","href":"https:\/\/api.w.org\/{rel}","templated":true}]}}