{"id":102919,"date":"2023-05-21T17:08:17","date_gmt":"2023-05-21T20:08:17","guid":{"rendered":"https:\/\/grandepremio.com\/br\/noticias\/tony-kanaan-justifica-nono-lugar-grid-indy-500-queda-voltas-foi-grande\/"},"modified":"2023-05-21T17:27:37","modified_gmt":"2023-05-21T20:27:37","slug":"tony-kanaan-justifica-nono-lugar-grid-indy-500-queda-voltas-foi-grande","status":"publish","type":"post","link":"https:\/\/grandepremio.com\/br\/indy\/tony-kanaan-justifica-nono-lugar-grid-indy-500-queda-voltas-foi-grande\/","title":{"rendered":"Kanaan justifica 9\u00ba lugar no grid da Indy 500: &#8220;Queda entre voltas foi grande&#8221;"},"content":{"rendered":"\n<p class=\"wp-block-paragraph\"><strong>Tony Kanaan<\/strong> ficou pr\u00f3ximo de garantir vaga no Fast Six da classifica\u00e7\u00e3o das <strong>500 Milhas de Indian\u00e1polis<\/strong>, neste domingo (21). Em sua tentativa no top-12, <a href=\"https:\/\/www.grandepremio.com\/br\/indy\/noticias\/felix-rosenqvist-lidera-top-12-indy-500-tony-kanaan-eliminado-larga-9o\/\" class=\"ek-link\">o brasileiro vinha em bom ritmo at\u00e9 a \u00faltima das quatro voltas<\/a>, quando perdeu momentaneamente o controle do carro na curva 1 e com isso teve a sua m\u00e9dia de tempo prejudicada.<\/p>\n\n\n\n<p class=\"wp-block-paragraph\">A diferen\u00e7a para o sexto e \u00faltimo classificado, <strong>Pato O&#8217;Ward<\/strong>, foi de apenas 0s101. Ainda assim, o dono do carro <strong>#66<\/strong> avaliou positivamente a sua volta e foi flagrado pela transmiss\u00e3o da emissora americana <em>NBC<\/em>, saindo rapidamente do carro para dar informa\u00e7\u00f5es aos engenheiros a fim de que a equipe pudesse ajudar <strong>Alexander Rossi<\/strong> e <strong>Felix Rosenqvist<\/strong>, que na sequ\u00eancia entrariam na pista.<\/p>\n\n\n\n<p class=\"wp-block-paragraph\">&#8220;Voc\u00ea precisa falar com os outros caras para tentar ajud\u00e1-los, queremos colocar essa equipe na pole. Minha volta foi ok, fomos um pouco agressivos, eu acho, e a queda [de velocidade entre as voltas] foi grande, mas demos passos entre os tr\u00eas carros e sinto que tenho uma responsabilidade de ajudar meus dois companheiros de equipe [Rossi e Rosenqvist]&#8221;, explicou Kanaan ap\u00f3s concluir a sua volta.<\/p>\n\n\n\n<p class=\"wp-block-paragraph\"><strong>\u25b6\ufe0f&nbsp;Inscreva-se nos dois canais do GRANDE PR\u00caMIO no YouTube:&nbsp;<a href=\"https:\/\/www.youtube.com\/channel\/UC9OlHEgxoaY6QY6nWPoiqQg?sub_confirmation=1\" target=\"_blank\" rel=\"noreferrer noopener\">GP<\/a>&nbsp;|&nbsp;<a href=\"https:\/\/www.youtube.com\/channel\/UC9csiS6q_C3C0FYhyr1rnFA?sub_confirmation=1\" target=\"_blank\" rel=\"noreferrer noopener\">GP2<\/a><\/strong><br><strong>\u25b6\ufe0f&nbsp;<a href=\"https:\/\/www.twitch.tv\/grandepremio\" target=\"_blank\" rel=\"noreferrer noopener\">Conhe\u00e7a o canal do GRANDE PR\u00caMIO na Twitch clicando aqui!<\/a><\/strong><\/p>\n\n\n\n<figure class=\"wp-block-image size-large\"><img decoding=\"async\" src=\"https:\/\/www.grandepremio.com\/br\/wp-content\/uploads\/2023\/05\/Tony-Kanaan-Indianapolis-500-Practice-By_-Chris-Owens_Large-Image-Without-Watermark_m80399-1024x683.jpg\" alt=\"\" class=\"wp-image-684854\"\/><figcaption>Tony Kanaan perdeu tempo em sua \u00faltima das quatro voltas na classifica\u00e7\u00e3o da Indy 500 deste domingo (21) (Foto: Indy)<\/figcaption><\/figure>\n\n\n\n<p class=\"wp-block-paragraph\">&#8220;Ainda temos a chance de mudar as coisas no pit-lane e eles [Rossi e Rosenqvist] s\u00e3o os dois \u00faltimos, ent\u00e3o esperamos ter um piloto da McLaren na pole&#8221;, completou.<\/p>\n\n\n\n<p class=\"wp-block-paragraph\">Em entrevista ao <strong>GRANDE PR\u00caMIO<\/strong>, Kanaan falou sobre a sua \u00faltima participa\u00e7\u00e3o em classifica\u00e7\u00f5es da Indy 500, j\u00e1 que o vencedor em 2013 far\u00e1, neste ano, a sua \u00faltima corrida em Indian\u00e1polis. O brasileiro tamb\u00e9m aprovou a posi\u00e7\u00e3o no grid de largada.<\/p>\n\n\n\n<p class=\"wp-block-paragraph\">&#8220;Um dia super emocionante, de saber que realmente foi a \u00faltima classifica\u00e7\u00e3o. Um sentimento de saudade, bem nost\u00e1lgico, mas muito legal. Estou curtindo muito o fim de semana com os meus f\u00e3s, os meus amigos, todos que est\u00e3o aqui comigo, me dando apoio. Tamb\u00e9m voc\u00eas a\u00ed no Brasil, nas m\u00eddias sociais. \u00c9 realmente sem palavras&#8221;, disse Kanaan.<\/p>\n\n\n\n<p class=\"wp-block-paragraph\">&#8220;O nono lugar foi um resultado muito bom. A gente largou em 12\u00ba quando ganhamos [em 2013]. Para ritmo de corrida, est\u00e1 bom. Agora \u00e9 trabalhar. Temos atividades amanh\u00e3 e na sexta-feira [os dois \u00faltimos treinos antes da corrida], e depois vamos para a corrida. Conto com a torcida de voc\u00eas a\u00ed no Brasil e vamos para cima&#8221;, finalizou.<\/p>\n\n\n\n<p class=\"wp-block-paragraph\">Kanaan ir\u00e1 largar em nono na corrida da <strong>Indy 500<\/strong>, que est\u00e1 agendada para o dia 28 de maio, \u00e0s 12h. Outro piloto da McLaren que j\u00e1 tem a sua posi\u00e7\u00e3o definida \u00e9 <strong>Rossi<\/strong>, o s\u00e9timo. O&#8217;Ward e Rosenqvist retornam para o Fast Six, neste domingo, \u00e0s 18h. O tamb\u00e9m brasileiro <strong>H\u00e9lio Castroneves <\/strong><a href=\"https:\/\/www.grandepremio.com\/br\/indy\/noticias\/helio-castroneves-lamenta-classificacao-indy-500-velocidade-ritmo-nao-estavam\/\" class=\"ek-link\">foi eliminado no primeiro dia da classifica\u00e7\u00e3o<\/a>, neste s\u00e1bado (20), e come\u00e7ar\u00e1 em 20\u00ba. O GRANDE PR\u00caMIO acompanha todas as atividades.<\/p>\n","protected":false},"excerpt":{"rendered":"<p>Tony Kanaan perdeu controle do carro na \u00faltima das quatro voltas de sua tentativa no top-12 da classifica\u00e7\u00e3o das 500 Milhas de Indian\u00e1polis, o que custou tempo. O brasileiro ir\u00e1 largar em nono na corrida<\/p>\n","protected":false},"author":0,"featured_media":1000684850,"comment_status":"closed","ping_status":"closed","sticky":false,"template":"","format":"standard","meta":{"42wp_featured_image_caption":"","42wp_featured_image_credits":"","42wp_featured_video":"","42wp_featured_image_hidden":false,"42wp_authors_list":[],"footnotes":""},"categories":[3],"tags":[2980,5660,619,1491,28285,93,25977,232,32514,28095,34441,90,321],"42wp_author":[47153],"class_list":["post-102919","post","type-post","status-publish","format-standard","has-post-thumbnail","hentry","category-indy","tag-500-milhas-indianapolis","tag-classificacao","tag-formula-indy","tag-grande-premio","tag-grandepremio","tag-indy","tag-indy-2023","tag-indy-500","tag-indy-500-2023","tag-indycar-series","tag-kanaan","tag-mclaren","tag-tony-kanaan","42wp_author-gabriel-pitor"],"_links":{"self":[{"href":"https:\/\/grandepremio.com\/br\/wp-json\/wp\/v2\/posts\/102919","targetHints":{"allow":["GET"]}}],"collection":[{"href":"https:\/\/grandepremio.com\/br\/wp-json\/wp\/v2\/posts"}],"about":[{"href":"https:\/\/grandepremio.com\/br\/wp-json\/wp\/v2\/types\/post"}],"replies":[{"embeddable":true,"href":"https:\/\/grandepremio.com\/br\/wp-json\/wp\/v2\/comments?post=102919"}],"version-history":[{"count":0,"href":"https:\/\/grandepremio.com\/br\/wp-json\/wp\/v2\/posts\/102919\/revisions"}],"wp:featuredmedia":[{"embeddable":true,"href":"https:\/\/grandepremio.com\/br\/wp-json\/wp\/v2\/media\/1000684850"}],"wp:attachment":[{"href":"https:\/\/grandepremio.com\/br\/wp-json\/wp\/v2\/media?parent=102919"}],"wp:term":[{"taxonomy":"category","embeddable":true,"href":"https:\/\/grandepremio.com\/br\/wp-json\/wp\/v2\/categories?post=102919"},{"taxonomy":"post_tag","embeddable":true,"href":"https:\/\/grandepremio.com\/br\/wp-json\/wp\/v2\/tags?post=102919"},{"taxonomy":"42wp_author","embeddable":true,"href":"https:\/\/grandepremio.com\/br\/wp-json\/wp\/v2\/42wp_author?post=102919"}],"curies":[{"name":"wp","href":"https:\/\/api.w.org\/{rel}","templated":true}]}}