{"id":103004,"date":"2023-05-18T08:54:16","date_gmt":"2023-05-18T11:54:16","guid":{"rendered":"https:\/\/grandepremio.com\/br\/noticias\/imola-libera-entrada-funcionarios-essenciais-retirada-equipamentos-formula-1\/"},"modified":"2023-05-18T08:55:02","modified_gmt":"2023-05-18T11:55:02","slug":"imola-libera-entrada-funcionarios-essenciais-retirada-equipamentos-formula-1","status":"publish","type":"post","link":"https:\/\/grandepremio.com\/br\/f1\/imola-libera-entrada-funcionarios-essenciais-retirada-equipamentos-formula-1\/","title":{"rendered":"\u00cdmola libera entrada de funcion\u00e1rios essenciais para retirada de equipamentos da F\u00f3rmula 1"},"content":{"rendered":"\n<p class=\"wp-block-paragraph\">Funcion\u00e1rios essenciais da <strong>F\u00f3rmula 1 <\/strong>foram liberados para entrar no circuito de <strong>\u00cdmola <\/strong>para recolher e despachar os equipamentos para o GP de <strong>M\u00f4naco <\/strong>do pr\u00f3ximo fim de semana. O GP da<strong> Em\u00edlia-Romanha <\/strong>foi suspenso por causa da emerg\u00eancia clim\u00e1tica que atinge o norte da It\u00e1lia.<\/p>\n\n\n\n<p class=\"wp-block-paragraph\">De acordo com ve\u00edculos de comunica\u00e7\u00e3o da <strong>It\u00e1lia<\/strong>, choveu na regi\u00e3o de Em\u00edlia-Romanha em apenas 36 horas o equivalente a seis meses de chuva. 14 rios transbordaram na regi\u00e3o norte, nove pessoas morreram e muitas ainda est\u00e3o desaparecidas.<\/p>\n\n\n\n<figure class=\"wp-block-image size-large\"><img decoding=\"async\" src=\"https:\/\/www.grandepremio.com\/br\/wp-content\/uploads\/2023\/05\/Paddock-Imola-1024x576.jpeg\" alt=\"\" class=\"wp-image-683628\"\/><figcaption>O paddock de \u00cdmola, completamente alagado ap\u00f3s as chuvas que assolaram o norte da It\u00e1lia (Foto: Twitter\/Steffen Dietz)<\/figcaption><\/figure>\n\n\n\n<p class=\"wp-block-paragraph\"><strong>\u25b6\ufe0f\u00a0Inscreva-se nos dois canais do GRANDE PR\u00caMIO no YouTube:\u00a0<a href=\"https:\/\/www.youtube.com\/channel\/UC9OlHEgxoaY6QY6nWPoiqQg?sub_confirmation=1\" target=\"_blank\" rel=\"noreferrer noopener\">GP<\/a>\u00a0|\u00a0<a href=\"https:\/\/www.youtube.com\/channel\/UC9csiS6q_C3C0FYhyr1rnFA?sub_confirmation=1\" target=\"_blank\" rel=\"noreferrer noopener\">GP2<\/a><\/strong><br><strong>\u25b6\ufe0f\u00a0<a href=\"https:\/\/www.twitch.tv\/grandepremio\" target=\"_blank\" rel=\"noreferrer noopener\">Conhe\u00e7a o canal do GRANDE PR\u00caMIO na Twitch clicando aqui!<\/a><\/strong><\/p>\n\n\n\n<p class=\"wp-block-paragraph\">A It\u00e1lia n\u00e3o \u00e9 o \u00fanico pa\u00eds afetado por chuvas torrenciais. <strong>S\u00e9rvia<\/strong>, <strong>Cro\u00e1cia <\/strong>e <strong>Eslov\u00eania <\/strong>tamb\u00e9m foram atingidas.<\/p>\n\n\n\n<p class=\"wp-block-paragraph\">Na \u00faltima ter\u00e7a-feira, <a href=\"https:\/\/www.grandepremio.com\/br\/f1\/noticias\/circuito-imola-evacuado-previsao-tempestade-risco-alagamento\/\" class=\"ek-link\">as autoridades locais pediram que o <strong>Aut\u00f3dromo Enzo e Dino Ferrari<\/strong> fosse esvaziado<\/a>, j\u00e1 que temiam a inunda\u00e7\u00e3o do local por conta da cheia do rio <strong>Santerno<\/strong>, que contorna a pista. No dia seguinte, <a href=\"https:\/\/www.grandepremio.com\/br\/f1\/noticias\/autoridades-pedem-f1-estafe-continue-fora-imola-meio-perigo-enchente\/\" class=\"ek-link\">a proibi\u00e7\u00e3o seguiu valendo<\/a>.<\/p>\n\n\n\n<p class=\"wp-block-paragraph\">Na tarde de ontem, a F1 anunciou a <a href=\"https:\/\/www.grandepremio.com\/br\/f1\/noticias\/formula-1-decide-adiar-gp-da-emilia-romanha-caos-climatico-regiao-imola\/\" class=\"ek-link\">suspens\u00e3o do GP da Em\u00edlia-Romanha<\/a>, que estava previsto para este fim de semana. Ao <strong>GRANDE PR\u00caMIO<\/strong>, <a href=\"https:\/\/www.grandepremio.com\/br\/f1\/noticias\/formula-1-cogita-reagendar-gp-emilia-romanha-2023-assume-improvavel\/\" class=\"ek-link\">um porta-voz da categoria afirmou que n\u00e3o est\u00e1 descartado o reagendamento da prova ainda em 2023, mas assumiu que \u00e9 \u201cimprov\u00e1vel\u201d<\/a>.<\/p>\n\n\n\n<p class=\"wp-block-paragraph\">Apesar de a inunda\u00e7\u00e3o ter atingido o circuito \u2014 afetando o paddock da <strong>F\u00f3rmula 2 <\/strong>e as instala\u00e7\u00f5es de TV da F1 \u2014, os boxes e os paddock da categoria de elite do automobilismo mundial escaparam das \u00e1guas.<\/p>\n\n\n\n<p class=\"wp-block-paragraph\">Com a melhora das condi\u00e7\u00f5es clim\u00e1ticas na manh\u00e3 desta quinta-fera, foi poss\u00edvel um acordo para permitir a entrada do pessoal essencial para a desmontagem dos equipamentos das equipes. A viagem a M\u00f4naco, palco da corrida da pr\u00f3xima semana, n\u00e3o ser\u00e1 f\u00e1cil, j\u00e1 que muitas rodovias da It\u00e1lia seguem interditadas e com deslizamentos de terra.<\/p>\n\n\n\n<p class=\"wp-block-paragraph\">Ainda assim, de acordo com a publica\u00e7\u00e3o inglesa Autosport, a F\u00f3rmula 1 n\u00e3o teme impactos na programa\u00e7\u00e3o da corrida em <strong>Monte Carlo<\/strong>.<\/p>\n\n\n\n<p class=\"wp-block-paragraph\">A\u00a0<a href=\"https:\/\/www.grandepremio.com\/formula-1\/\" target=\"_blank\" rel=\"noreferrer noopener\"><\/a><a href=\"https:\/\/www.grandepremio.com\/formula-1\/\" target=\"_blank\" rel=\"noreferrer noopener\">F\u00f3rmula 1<\/a>\u00a0continua a temporada 2023 j\u00e1 na pr\u00f3xima semana, com o\u00a0<strong>GP de\u00a0<a href=\"https:\/\/www.grandepremio.com\/br\/circuito\/monaco\/\" target=\"_blank\" rel=\"noreferrer noopener\">M\u00f4naco<\/a><\/strong>, em\u00a0<strong><a href=\"https:\/\/www.grandepremio.com\/br\/circuito\/monte-carlo\/\" target=\"_blank\" rel=\"noreferrer noopener\"><\/a><a href=\"https:\/\/www.grandepremio.com\/br\/circuito\/monte-carlo\/\" target=\"_blank\" rel=\"noreferrer noopener\">Monte Carlo<\/a><\/strong>, entre os dias 26 a 28 de maio.<\/p>\n\n\n\n<figure class=\"wp-block-embed is-type-video is-provider-youtube wp-block-embed-youtube wp-embed-aspect-16-9 wp-has-aspect-ratio\"><div class=\"wp-block-embed__wrapper\">\n<iframe loading=\"lazy\" title=\"\ud83d\udd34URGENTE! F1 CANCELA GP EM \u00cdMOLA: SAIBA TUDO SOBRE DECIS\u00c3O | TT GP #96\" width=\"500\" height=\"281\" src=\"https:\/\/www.youtube.com\/embed\/Lq8UezBmciw?feature=oembed\" frameborder=\"0\" allow=\"accelerometer; autoplay; clipboard-write; encrypted-media; gyroscope; picture-in-picture; web-share\" referrerpolicy=\"strict-origin-when-cross-origin\" allowfullscreen><\/iframe>\n<\/div><\/figure>\n","protected":false},"excerpt":{"rendered":"<p>Depois de cerca de um dia e meio afastados do aut\u00f3dromo de \u00cdmola, funcion\u00e1rios da F\u00f3rmula 1 foram liberados para entrar no circuito para recolher os equipamentos que precisam ser despachados para M\u00f4naco<\/p>\n","protected":false},"author":0,"featured_media":1000683735,"comment_status":"closed","ping_status":"closed","sticky":false,"template":"","format":"standard","meta":{"42wp_featured_image_caption":"","42wp_featured_image_credits":"","42wp_featured_video":"","42wp_featured_image_hidden":false,"42wp_authors_list":[],"footnotes":""},"categories":[2],"tags":[33466,1134,2032,26134,18517,31505,147,6533,180,30722,33465,28285,5386,34872,17313,33467],"42wp_author":[47113],"class_list":["post-103004","post","type-post","status-publish","format-standard","has-post-thumbnail","hentry","category-f1","tag-calendario-formula-1-2023","tag-chuva","tag-clima","tag-emilia-romanha","tag-enchente","tag-enzo-e-dino-ferrari","tag-f1","tag-f1-2023","tag-formula-1","tag-formula-1-2023","tag-formula-1-classificacao-2023","tag-grandepremio","tag-imola","tag-inundacao","tag-italia","tag-onde-assistir-f1-2023","42wp_author-juliana-tesser"],"_links":{"self":[{"href":"https:\/\/grandepremio.com\/br\/wp-json\/wp\/v2\/posts\/103004","targetHints":{"allow":["GET"]}}],"collection":[{"href":"https:\/\/grandepremio.com\/br\/wp-json\/wp\/v2\/posts"}],"about":[{"href":"https:\/\/grandepremio.com\/br\/wp-json\/wp\/v2\/types\/post"}],"replies":[{"embeddable":true,"href":"https:\/\/grandepremio.com\/br\/wp-json\/wp\/v2\/comments?post=103004"}],"version-history":[{"count":0,"href":"https:\/\/grandepremio.com\/br\/wp-json\/wp\/v2\/posts\/103004\/revisions"}],"wp:featuredmedia":[{"embeddable":true,"href":"https:\/\/grandepremio.com\/br\/wp-json\/wp\/v2\/media\/1000683735"}],"wp:attachment":[{"href":"https:\/\/grandepremio.com\/br\/wp-json\/wp\/v2\/media?parent=103004"}],"wp:term":[{"taxonomy":"category","embeddable":true,"href":"https:\/\/grandepremio.com\/br\/wp-json\/wp\/v2\/categories?post=103004"},{"taxonomy":"post_tag","embeddable":true,"href":"https:\/\/grandepremio.com\/br\/wp-json\/wp\/v2\/tags?post=103004"},{"taxonomy":"42wp_author","embeddable":true,"href":"https:\/\/grandepremio.com\/br\/wp-json\/wp\/v2\/42wp_author?post=103004"}],"curies":[{"name":"wp","href":"https:\/\/api.w.org\/{rel}","templated":true}]}}