{"id":103019,"date":"2023-05-17T12:12:25","date_gmt":"2023-05-17T15:12:25","guid":{"rendered":"https:\/\/grandepremio.com\/br\/noticias\/ferrari-apoia-cancelamento-gp-emilia-romanha-seguranca-local-prioridade\/"},"modified":"2023-05-17T12:13:46","modified_gmt":"2023-05-17T15:13:46","slug":"ferrari-apoia-cancelamento-gp-emilia-romanha-seguranca-local-prioridade","status":"publish","type":"post","link":"https:\/\/grandepremio.com\/br\/f1\/ferrari-apoia-cancelamento-gp-emilia-romanha-seguranca-local-prioridade\/","title":{"rendered":"Ferrari apoia cancelamento do GP da Em\u00edlia-Romanha: &#8220;Seguran\u00e7a local \u00e9 prioridade&#8221;"},"content":{"rendered":"\n<p class=\"wp-block-paragraph\">O caos clim\u00e1tico dos \u00faltimos dias no <strong>norte da It\u00e1lia<\/strong> levou ao adiamento do <strong>GP da Em\u00edlia-Romanha<\/strong> de <strong>F\u00f3rmula 1<\/strong> deste ano, que seria realizado no circuito de <strong>\u00cdmola<\/strong>. De acordo com a m\u00eddia local, <a href=\"https:\/\/www.grandepremio.com\/br\/f1\/noticias\/formula-1-cogita-reagendar-gp-emilia-romanha-2023-assume-improvavel\/\" class=\"ek-link\">cinco mortes j\u00e1 foram registradas e milhares de pessoas foram removidas de suas resid\u00eancias<\/a>. A situa\u00e7\u00e3o de calamidade fez com que v\u00e1rias figuras importantes da <strong>F1<\/strong> se manifestassem, entre elas o chefe da <strong>Ferrari<\/strong>, <strong>Fr\u00e9d\u00e9ric Vasseur<\/strong>, por meio de nota oficial nesta quinta-feira (17).<\/p>\n\n\n\n<p class=\"wp-block-paragraph\">A escuderia sediada em <strong>Maranello <\/strong>\u2014 munic\u00edpio que tamb\u00e9m fica na regi\u00e3o da <strong>Em\u00edlia-Romanha<\/strong> \u2014 correria &#8220;em casa&#8221; neste fim de semana, mas se posicionou a favor do cancelamento e prestou solidariedade aos atingidos pelas graves consequ\u00eancias da chuva.<\/p>\n\n\n\n<p class=\"wp-block-paragraph\">&#8220;Apoiamos totalmente a decis\u00e3o da F\u00f3rmula 1 e da <strong>FIA<\/strong> [Federa\u00e7\u00e3o Internacional de Automobilismo] de cancelar o GP em \u00cdmola. Ainda que seja nossa corrida de casa e, portanto, ainda mais importante para n\u00f3s, a prioridade principal no momento tem de ser a seguran\u00e7a de todos aqueles que vivem e trabalham nas \u00e1reas afetadas&#8221;, disse Vasseur.<\/p>\n\n\n\n<p class=\"wp-block-paragraph\"><strong>\u25b6\ufe0f\u00a0Inscreva-se nos dois canais do GRANDE PR\u00caMIO no YouTube:\u00a0<a href=\"https:\/\/www.youtube.com\/channel\/UC9OlHEgxoaY6QY6nWPoiqQg?sub_confirmation=1\" target=\"_blank\" rel=\"noreferrer noopener\">GP<\/a>\u00a0|\u00a0<a href=\"https:\/\/www.youtube.com\/channel\/UC9csiS6q_C3C0FYhyr1rnFA?sub_confirmation=1\" target=\"_blank\" rel=\"noreferrer noopener\">GP2<\/a><\/strong><br><strong>\u25b6\ufe0f\u00a0<a href=\"https:\/\/www.twitch.tv\/grandepremio\" target=\"_blank\" rel=\"noreferrer noopener\">Conhe\u00e7a o canal do GRANDE PR\u00caMIO na Twitch clicando aqui!<\/a><\/strong><\/p>\n\n\n\n<figure class=\"wp-block-image size-large\"><img decoding=\"async\" src=\"https:\/\/www.grandepremio.com\/br\/wp-content\/uploads\/2023\/05\/Paddock-Imola-1024x576.jpeg\" alt=\"\" class=\"wp-image-683628\"\/><figcaption>O paddock de \u00cdmola, completamente alagado ap\u00f3s as chuvas que assolaram o norte da It\u00e1lia (Foto: Twitter\/Steffen Dietz)<\/figcaption><\/figure>\n\n\n\n<p class=\"wp-block-paragraph\">&#8220;Em nome de todos que trabalham na Scuderia Ferrari, gostaria de expressar nossa mais profunda simpatia a todos os afetados por essa terr\u00edvel trag\u00e9dia. Em\u00edlia-Romanha \u00e9 a nossa casa e \u00e9 de partir o cora\u00e7\u00e3o ver o que as pessoas est\u00e3o passando no momento&#8221;, completou.<\/p>\n\n\n\n<p class=\"wp-block-paragraph\">Outro ferrarista que expressou apoio, por meio das redes sociais, foi o piloto <strong>Carlos Sainz<\/strong>, que gravou uma mensagem em v\u00eddeo na regi\u00e3o dos acontecimentos e relatou que ainda est\u00e1 chovendo na Em\u00edlia-Romanha.<\/p>\n\n\n\n<p class=\"wp-block-paragraph\">&#8220;Obviamente, um dia dif\u00edcil porque o GP aqui em \u00cdmola est\u00e1 cancelado. Foram dois dias com muita chuva e o cancelamento do GP \u00e9 um duro golpe, mas no final o mais importante \u00e9 que possamos ajudar todas as pessoas que foram evacuadas, todas as pessoas que est\u00e3o sofrendo com esse problema clim\u00e1tico&#8221;, ponderou Sainz.<\/p>\n\n\n\n<figure class=\"wp-block-embed is-type-rich is-provider-twitter wp-block-embed-twitter\"><div class=\"wp-block-embed__wrapper\">\n<blockquote class=\"twitter-tweet\" data-width=\"500\" data-dnt=\"true\"><p lang=\"it\" dir=\"ltr\">Un messaggio da casa  \u2764\ufe0f\ud83c\uddee\ud83c\uddf9 <a href=\"https:\/\/t.co\/lKFQCJ0uzs\">pic.twitter.com\/lKFQCJ0uzs<\/a><\/p>&mdash; Carlos Sainz (@Carlossainz55) <a href=\"https:\/\/x.com\/Carlossainz55\/status\/1658825539719667717?ref_src=twsrc%5Etfw\">May 17, 2023<\/a><\/blockquote><script async src=\"https:\/\/platform.x.com\/widgets.js\" charset=\"utf-8\"><\/script>\n<\/div><\/figure>\n\n\n\n<p class=\"wp-block-paragraph\">&#8220;Eu realmente queria correr diante de todos os f\u00e3s neste fim de semana, mas a seguran\u00e7a \u00e9 sempre a prioridade e h\u00e1 muitas corridas de F\u00f3rmula 1. Espero que estejam bem e queria mandar um abra\u00e7o a todas essas pessoas. Se puderem ajudar, como eu vou fazer, agradeceria&#8221;, completou.<\/p>\n\n\n\n<p class=\"wp-block-paragraph\">Nesta quarta-feira (17), o <strong>GRANDE PR\u00caMIO<\/strong> procurou a F1 via assessoria de imprensa para saber se <a href=\"https:\/\/www.grandepremio.com\/br\/f1\/noticias\/formula-1-cogita-reagendar-gp-emilia-romanha-2023-assume-improvavel\/\" class=\"ek-link\">a prova foi apenas adiada ou se n\u00e3o vai acontecer em 2023<\/a>. Em contato telef\u00f4nico, um porta-voz explicou que n\u00e3o est\u00e1 completamente descartada a realiza\u00e7\u00e3o do GP da Em\u00edlia-Romanha em uma data posterior, mas definiu como \u201cimprov\u00e1vel\u201d que a corrida aconte\u00e7a ainda neste ano.<\/p>\n\n\n\n<p class=\"wp-block-paragraph\">A F\u00f3rmula 1 mexe a estrutura e tem de viajar logo, porque tem o <strong>GP de M\u00f4naco<\/strong> marcado para a semana que vem, entre os dias 26 e 28 de mar\u00e7o.<\/p>\n","protected":false},"excerpt":{"rendered":"<p>A escuderia sediada em Maranello, que fica na regi\u00e3o da Em\u00edlia-Romanha, prestou solidariedade aos afetados pelas chuvas e apoiou o cancelamento da corrida que seria realizada no circuito de \u00cdmola no pr\u00f3ximo fim de semana. Carlos Sainz tamb\u00e9m se manifestou<\/p>\n","protected":false},"author":0,"featured_media":1000683735,"comment_status":"closed","ping_status":"closed","sticky":false,"template":"","format":"standard","meta":{"42wp_featured_image_caption":"","42wp_featured_image_credits":"","42wp_featured_video":"","42wp_featured_image_hidden":false,"42wp_authors_list":[],"footnotes":""},"categories":[2],"tags":[224,546,147,6533,207,180,30722,25606,1491,28285,7672,25950],"42wp_author":[47153],"class_list":["post-103019","post","type-post","status-publish","format-standard","has-post-thumbnail","hentry","category-f1","tag-cancelamento","tag-carlos-sainz","tag-f1","tag-f1-2023","tag-ferrari","tag-formula-1","tag-formula-1-2023","tag-gp-da-emilia-romanha","tag-grande-premio","tag-grandepremio","tag-sainz","tag-seguranca","42wp_author-gabriel-pitor"],"_links":{"self":[{"href":"https:\/\/grandepremio.com\/br\/wp-json\/wp\/v2\/posts\/103019","targetHints":{"allow":["GET"]}}],"collection":[{"href":"https:\/\/grandepremio.com\/br\/wp-json\/wp\/v2\/posts"}],"about":[{"href":"https:\/\/grandepremio.com\/br\/wp-json\/wp\/v2\/types\/post"}],"replies":[{"embeddable":true,"href":"https:\/\/grandepremio.com\/br\/wp-json\/wp\/v2\/comments?post=103019"}],"version-history":[{"count":0,"href":"https:\/\/grandepremio.com\/br\/wp-json\/wp\/v2\/posts\/103019\/revisions"}],"wp:featuredmedia":[{"embeddable":true,"href":"https:\/\/grandepremio.com\/br\/wp-json\/wp\/v2\/media\/1000683735"}],"wp:attachment":[{"href":"https:\/\/grandepremio.com\/br\/wp-json\/wp\/v2\/media?parent=103019"}],"wp:term":[{"taxonomy":"category","embeddable":true,"href":"https:\/\/grandepremio.com\/br\/wp-json\/wp\/v2\/categories?post=103019"},{"taxonomy":"post_tag","embeddable":true,"href":"https:\/\/grandepremio.com\/br\/wp-json\/wp\/v2\/tags?post=103019"},{"taxonomy":"42wp_author","embeddable":true,"href":"https:\/\/grandepremio.com\/br\/wp-json\/wp\/v2\/42wp_author?post=103019"}],"curies":[{"name":"wp","href":"https:\/\/api.w.org\/{rel}","templated":true}]}}