{"id":103029,"date":"2023-05-17T08:39:06","date_gmt":"2023-05-17T11:39:06","guid":{"rendered":"https:\/\/grandepremio.com\/br\/noticias\/imola-amanhece-rastro-destruicao-deixado-tempestade-enchentes-norte-italia\/"},"modified":"2023-05-17T11:05:50","modified_gmt":"2023-05-17T14:05:50","slug":"imola-amanhece-rastro-destruicao-deixado-tempestade-enchentes-norte-italia","status":"publish","type":"post","link":"https:\/\/grandepremio.com\/br\/f1\/imola-amanhece-rastro-destruicao-deixado-tempestade-enchentes-norte-italia\/","title":{"rendered":"\u00cdmola amanhece com rastro de destrui\u00e7\u00e3o deixado por tempestade no norte da It\u00e1lia"},"content":{"rendered":"\n<figure class=\"wp-block-embed is-type-video is-provider-youtube wp-block-embed-youtube wp-embed-aspect-16-9 wp-has-aspect-ratio\"><div class=\"wp-block-embed__wrapper\">\n<iframe loading=\"lazy\" title=\"&amp;apos;MERCEDES PERDEU DIREITO DE ERRAR NA F1 2023&amp;apos;: TUDO SOBRE A VERS\u00c3O &amp;apos;B&amp;apos; DO W14\" width=\"500\" height=\"281\" src=\"https:\/\/www.youtube.com\/embed\/HSGl8MoeZNM?feature=oembed\" frameborder=\"0\" allow=\"accelerometer; autoplay; clipboard-write; encrypted-media; gyroscope; picture-in-picture; web-share\" referrerpolicy=\"strict-origin-when-cross-origin\" allowfullscreen><\/iframe>\n<\/div><\/figure>\n\n\n\n<p class=\"wp-block-paragraph\">A regi\u00e3o da <strong>Em\u00edlia-Romanha<\/strong> vive uma situa\u00e7\u00e3o calamitosa com as fortes chuvas dos \u00faltimos dias e, como n\u00e3o poderia deixar de ser, o caos afeta tamb\u00e9m a <strong>F\u00f3rmula 1<\/strong>, <a href=\"https:\/\/www.grandepremio.com\/br\/f1\/noticias\/formula-1-decide-adiar-gp-da-emilia-romanha-em-meio-a-caos-climatico-na-regiao-de-imola\/\" target=\"_blank\" aria-label=\"que planejava disputar a etapa de \u00cdmola no pr\u00f3ximo fim de semana e precisou adi\u00e1-la (opens in a new tab)\" rel=\"noreferrer noopener\" class=\"ek-link\">que planejava disputar a etapa de \u00cdmola no pr\u00f3ximo fim de semana e precisou adi\u00e1-la<\/a>. Imagens registradas nos arredores do circuito, inclusive, deixam claro que n\u00e3o seria poss\u00edvel prosseguir com o GP, j\u00e1 que o paddock utilizado pela F2 e a \u00e1rea destinada \u00e0 imprensa est\u00e3o completamente alagadas.<\/p>\n\n\n\n<p class=\"wp-block-paragraph\">Na ter\u00e7a-feira, integrantes da F1 tiveram de deixar o circuito de \u00cdmola por conta do risco de inunda\u00e7\u00e3o. Nesta quarta, as autoridades pediram que as equipes sequer se dirijam ao circuito Enzo e Dino Ferrari.<\/p>\n\n\n\n<p class=\"wp-block-paragraph\"><strong>\u25b6\ufe0f&nbsp;<a href=\"https:\/\/www.twitch.tv\/grandepremio\" target=\"_blank\" rel=\"noreferrer noopener\">Conhe\u00e7a o canal do GRANDE PR\u00caMIO na Twitch clicando aqui!<\/a><\/strong><\/p>\n\n\n\n<figure class=\"wp-block-image size-large\"><img decoding=\"async\" src=\"https:\/\/www.grandepremio.com\/br\/wp-content\/uploads\/2023\/05\/GPF3-1024x576.jpg\" alt=\"\" class=\"wp-image-683593\"\/><figcaption>O desastre clim\u00e1tico no norte da It\u00e1lia nos \u00faltimos dias afetou fortemente \u00cdmola (Foto: AP) <\/figcaption><\/figure>\n\n\n\n<p class=\"wp-block-paragraph\"><strong>\u25b6\ufe0f&nbsp;Inscreva-se nos dois canais do GRANDE PR\u00caMIO no YouTube:&nbsp;<a href=\"https:\/\/www.youtube.com\/channel\/UC9OlHEgxoaY6QY6nWPoiqQg?sub_confirmation=1\" target=\"_blank\" rel=\"noreferrer noopener\">GP<\/a>&nbsp;|&nbsp;<a href=\"https:\/\/www.youtube.com\/channel\/UC9csiS6q_C3C0FYhyr1rnFA?sub_confirmation=1\" target=\"_blank\" rel=\"noreferrer noopener\">GP2<\/a><\/strong><\/p>\n\n\n\n<p class=\"wp-block-paragraph\">De acordo com a ag\u00eancia de not\u00edcias <em>Reuters<\/em>, as autoridades de Em\u00edlia\u2013Romanha confirmaram que tr\u00eas corpos foram encontrados nas cidades de <strong>Forli<\/strong>, <strong>Cesena<\/strong> e <strong>Cesenatico<\/strong>. 14 rios transbordaram na regi\u00e3o, obrigando moradores a subirem nos telhados dos pr\u00e9dios, como aconteceu em Cesena, onde bombeiros fizeram resgates usando helic\u00f3pteros e botes.<\/p>\n\n\n\n<p class=\"wp-block-paragraph\">No in\u00edcio de maio, a regi\u00e3o de Em\u00edlia-Romanha j\u00e1 tinha sido afetada por fortes chuvas, que deixaram o saldo de pelo menos dois mortos.<\/p>\n\n\n\n<p class=\"wp-block-paragraph\">Com a situa\u00e7\u00e3o claramente fora de controle, a F\u00f3rmula 1 anunciou na manh\u00e3 desta quarta-feira (17) o adiamento do GP da Em\u00edlia-Romanha de 2023 devido ao caos clim\u00e1tico. A decis\u00e3o veio ap\u00f3s a estrutura do circuito de \u00cdmola amanhecer bastante prejudicado pelas chuvas, conforme mostram as imagens.<\/p>\n\n\n\n<figure class=\"wp-block-image size-large\"><img decoding=\"async\" src=\"https:\/\/www.grandepremio.com\/br\/wp-content\/uploads\/2023\/05\/Paddock-Imola-1024x576.jpeg\" alt=\"\" class=\"wp-image-683628\"\/><figcaption>O paddock de \u00cdmola, completamente alagado ap\u00f3s as chuvas que assolaram o norte da It\u00e1lia (Foto: Twitter\/Steffen Dietz)<\/figcaption><\/figure>\n","protected":false},"excerpt":{"rendered":"<p>Fortes chuvas dos \u00faltimos dias provocaram alagamentos na \u00e1rea da Em\u00edlia-Romanha, que lida com mortes devido ao caos clim\u00e1tico e teve a etapa de 2023 da F\u00f3rmula 1 cancelada nesta quarta<\/p>\n","protected":false},"author":0,"featured_media":1000683594,"comment_status":"closed","ping_status":"closed","sticky":false,"template":"","format":"standard","meta":{"42wp_featured_image_caption":"","42wp_featured_image_credits":"","42wp_featured_video":"","42wp_featured_image_hidden":false,"42wp_authors_list":[],"footnotes":""},"categories":[2],"tags":[147,6533,180,25606,1491,30103,28285,5386,17313],"42wp_author":[47142],"class_list":["post-103029","post","type-post","status-publish","format-standard","has-post-thumbnail","hentry","category-f1","tag-f1","tag-f1-2023","tag-formula-1","tag-gp-da-emilia-romanha","tag-grande-premio","tag-grande-premio-f1","tag-grandepremio","tag-imola","tag-italia","42wp_author-jp-nascimento"],"_links":{"self":[{"href":"https:\/\/grandepremio.com\/br\/wp-json\/wp\/v2\/posts\/103029","targetHints":{"allow":["GET"]}}],"collection":[{"href":"https:\/\/grandepremio.com\/br\/wp-json\/wp\/v2\/posts"}],"about":[{"href":"https:\/\/grandepremio.com\/br\/wp-json\/wp\/v2\/types\/post"}],"replies":[{"embeddable":true,"href":"https:\/\/grandepremio.com\/br\/wp-json\/wp\/v2\/comments?post=103029"}],"version-history":[{"count":0,"href":"https:\/\/grandepremio.com\/br\/wp-json\/wp\/v2\/posts\/103029\/revisions"}],"wp:featuredmedia":[{"embeddable":true,"href":"https:\/\/grandepremio.com\/br\/wp-json\/wp\/v2\/media\/1000683594"}],"wp:attachment":[{"href":"https:\/\/grandepremio.com\/br\/wp-json\/wp\/v2\/media?parent=103029"}],"wp:term":[{"taxonomy":"category","embeddable":true,"href":"https:\/\/grandepremio.com\/br\/wp-json\/wp\/v2\/categories?post=103029"},{"taxonomy":"post_tag","embeddable":true,"href":"https:\/\/grandepremio.com\/br\/wp-json\/wp\/v2\/tags?post=103029"},{"taxonomy":"42wp_author","embeddable":true,"href":"https:\/\/grandepremio.com\/br\/wp-json\/wp\/v2\/42wp_author?post=103029"}],"curies":[{"name":"wp","href":"https:\/\/api.w.org\/{rel}","templated":true}]}}