{"id":103032,"date":"2023-05-17T07:42:19","date_gmt":"2023-05-17T10:42:19","guid":{"rendered":"https:\/\/grandepremio.com\/br\/noticias\/f1-mostra-solidariedade-meio-inundacoes-alphatauri-apoia-arrecadacao-faenza\/"},"modified":"2023-05-17T09:36:24","modified_gmt":"2023-05-17T12:36:24","slug":"f1-mostra-solidariedade-meio-inundacoes-alphatauri-apoia-arrecadacao-faenza","status":"publish","type":"post","link":"https:\/\/grandepremio.com\/br\/f1\/f1-mostra-solidariedade-meio-inundacoes-alphatauri-apoia-arrecadacao-faenza\/","title":{"rendered":"F1 mostra solidariedade em meio a inunda\u00e7\u00f5es. AlphaTauri apoia arrecada\u00e7\u00e3o por Faenza"},"content":{"rendered":"\n<figure class=\"wp-block-embed is-type-video is-provider-youtube wp-block-embed-youtube wp-embed-aspect-16-9 wp-has-aspect-ratio\"><div class=\"wp-block-embed__wrapper\">\n<iframe loading=\"lazy\" title=\"F1 CANCELA GP EM \u00cdMOLA! TUDO SOBRE A SITUA\u00c7\u00c3O NA EM\u00cdLIA-ROMANHA\" width=\"500\" height=\"281\" src=\"https:\/\/www.youtube.com\/embed\/98UnGXaZFu0?feature=oembed\" frameborder=\"0\" allow=\"accelerometer; autoplay; clipboard-write; encrypted-media; gyroscope; picture-in-picture; web-share\" referrerpolicy=\"strict-origin-when-cross-origin\" allowfullscreen><\/iframe>\n<\/div><\/figure>\n\n\n\n<p class=\"wp-block-paragraph\"><a href=\"https:\/\/www.grandepremio.com\/br\/f1\/noticias\/autoridades-pedem-f1-estafe-continue-fora-imola-meio-perigo-enchente\/\" class=\"ek-link\">Enquanto segue impedida de ir ao paddock de <strong>\u00cdmola<\/strong><\/a>, a <strong>F\u00f3rmula 1 <\/strong>usa as redes sociais para manifestar solidariedade com os afetados pelas fortes chuvas na regi\u00f5es de <strong>Em\u00edlia-Romanha<\/strong> e <strong>Marche<\/strong>. Ao menos tr\u00eas pessoas morreram e milhares tiveram de deixar as casas no norte da <strong>It\u00e1lia<\/strong>.<\/p>\n\n\n\n<p class=\"wp-block-paragraph\">Em um post no <strong>Twitter<\/strong>, a <strong>Ferrari <\/strong>manifestou solidariedade aos afetados.<\/p>\n\n\n\n<p class=\"wp-block-paragraph\">\u201cNossos pensamentos e compaix\u00e3o est\u00e3o com as pessoas das regi\u00f5es de Em\u00edlia-Romanha e Marche enquanto elas lidam com a destrui\u00e7\u00e3o causada pelas fortes chuvas e inunda\u00e7\u00f5es que afetam a \u00e1rea no momento\u201d, escreveu a Ferrari.<\/p>\n\n\n\n<figure class=\"wp-block-embed is-type-rich is-provider-twitter wp-block-embed-twitter\"><div class=\"wp-block-embed__wrapper\">\n<blockquote class=\"twitter-tweet\" data-width=\"500\" data-dnt=\"true\"><p lang=\"en\" dir=\"ltr\">Our thoughts and sympathies are with the people of Emilia-Romagna and Marche as they deal with the destruction caused by the heavy rain and flooding currently affecting the area.<\/p>&mdash; Scuderia Ferrari HP (@ScuderiaFerrari) <a href=\"https:\/\/x.com\/ScuderiaFerrari\/status\/1658755882811813888?ref_src=twsrc%5Etfw\">May 17, 2023<\/a><\/blockquote><script async src=\"https:\/\/platform.x.com\/widgets.js\" charset=\"utf-8\"><\/script>\n<\/div><\/figure>\n\n\n\n<p class=\"wp-block-paragraph\">A <strong>AlphaTauri<\/strong> informou que <strong>Faenza<\/strong>, onde fica a sede da equipe, foi bastante afetada pela chuva e divulgou uma campanha de arrecada\u00e7\u00e3o para ajudar os afetados.<\/p>\n\n\n\n<p class=\"wp-block-paragraph\">\u201cInfelizmente, nossa cidade de Faenza mais uma vez enfrentou chuvas significativas e subsequente inunda\u00e7\u00f5es. Se algu\u00e9m quiser ajudar os afetados, voc\u00ea pode seguir as instru\u00e7\u00f5es abaixo\u201d, postou a equipe.<\/p>\n\n\n\n<figure class=\"wp-block-embed is-type-rich is-provider-twitter wp-block-embed-twitter\"><div class=\"wp-block-embed__wrapper\">\n<blockquote class=\"twitter-tweet\" data-width=\"500\" data-dnt=\"true\"><p lang=\"en\" dir=\"ltr\">unfortunately, our town of Faenza has once again experienced significant rainfall and subsequent flooding <br><br>if anyone wishes to help those affected, you can do so by following the instructions below <a href=\"https:\/\/t.co\/rdXt4lQVHZ\">pic.twitter.com\/rdXt4lQVHZ<\/a><\/p>&mdash; Visa Cash App Racing Bulls F1 Team (@visacashapprb) <a href=\"https:\/\/x.com\/visacashapprb\/status\/1658728891727347712?ref_src=twsrc%5Etfw\">May 17, 2023<\/a><\/blockquote><script async src=\"https:\/\/platform.x.com\/widgets.js\" charset=\"utf-8\"><\/script>\n<\/div><\/figure>\n\n\n\n<p class=\"wp-block-paragraph\">A <strong>Alfa Romeo <\/strong>foi solid\u00e1ria com o pedido da <strong>AlphaTauri <\/strong>e tamb\u00e9m divulgou a campanha.<\/p>\n\n\n\n<p class=\"wp-block-paragraph\">\u201cA F1 \u00e9 mais do que uma comunidade \u2014 \u00e9 uma fam\u00edlia. Vamos ajudar nossos amigos da AlphaTauri enquanto eles levantam fundos para a regi\u00e3o da casa deles, afetada fortemente pelas inunda\u00e7\u00f5es. Nossos pensamentos est\u00e3o com as pessoas da Em\u00edlia-Romanha e outras regi\u00f5es afetadas\u201d, escreveu.<\/p>\n\n\n\n<figure class=\"wp-block-embed is-type-rich is-provider-twitter wp-block-embed-twitter\"><div class=\"wp-block-embed__wrapper\">\n<blockquote class=\"twitter-tweet\" data-width=\"500\" data-dnt=\"true\"><p lang=\"en\" dir=\"ltr\">F1 is more than a community &#8211; it is a family. Let\u2019s all help our friends @AlphaTauriF1 as they raise funds for their home region, badly affected by the floods. Our thoughts are with the people of Emilia-Romagna and other affected areas. <a href=\"https:\/\/t.co\/Ttlvr8gMFd\">https:\/\/t.co\/Ttlvr8gMFd<\/a><\/p>&mdash; Audi Revolut F1 Team (@audif1_) <a href=\"https:\/\/x.com\/audif1_\/status\/1658773817391562754?ref_src=twsrc%5Etfw\">May 17, 2023<\/a><\/blockquote><script async src=\"https:\/\/platform.x.com\/widgets.js\" charset=\"utf-8\"><\/script>\n<\/div><\/figure>\n\n\n\n<p class=\"wp-block-paragraph\"><strong>Lando Norris<\/strong> tamb\u00e9m fez coro ao pedido do time de <strong>Yuki<\/strong> <strong>Tsunoda<\/strong> e <strong>Nyck De Vries <\/strong>e repostou a mensagem.<\/p>\n\n\n\n<p class=\"wp-block-paragraph\">Pouco depois, a AlphaTauri voltou \u00e0s redes sociais para assumir a preocupa\u00e7\u00e3o e explicar que a f\u00e1brica n\u00e3o foi afetada.<\/p>\n\n\n\n<p class=\"wp-block-paragraph\">\u201cA Scuderia AlphaTauri est\u00e1 muito preocupada com os eventos que se desenrolaram nas \u00faltimas horas em Faenza e, de fato, em toda a regi\u00e3o da Em\u00edlia-Romanha, com inunda\u00e7\u00f5es e fortes chuvas causando danos consider\u00e1veis\u201d, disse a equipe. \u201cA f\u00e1brica da equipe atualmente n\u00e3o est\u00e1 afetada e tudo est\u00e1 sendo feito para garantir a seguran\u00e7a dos nossos funcion\u00e1rios e suas fam\u00edlias\u201d, seguiu.<\/p>\n\n\n\n<p class=\"wp-block-paragraph\">\u201cNossa compaix\u00e3o a todos os afetados. Seguimos monitorando a situa\u00e7\u00e3o pare ver o que pode ser feito para ajudar aqueles que precisam enquanto aguardamos o desenrolar dos fatos\u201d, completou.<\/p>\n\n\n\n<figure class=\"wp-block-embed is-type-rich is-provider-twitter wp-block-embed-twitter\"><div class=\"wp-block-embed__wrapper\">\n<blockquote class=\"twitter-tweet\" data-width=\"500\" data-dnt=\"true\"><p lang=\"en\" dir=\"ltr\">Team message following the heavy rainstorm that hit the city of Faenza and the Emilia-Romagna region <a href=\"https:\/\/t.co\/uzV1V84cgF\">pic.twitter.com\/uzV1V84cgF<\/a><\/p>&mdash; Visa Cash App Racing Bulls F1 Team (@visacashapprb) <a href=\"https:\/\/x.com\/visacashapprb\/status\/1658789157936693248?ref_src=twsrc%5Etfw\">May 17, 2023<\/a><\/blockquote><script async src=\"https:\/\/platform.x.com\/widgets.js\" charset=\"utf-8\"><\/script>\n<\/div><\/figure>\n\n\n\n<p class=\"wp-block-paragraph\">As autoridades locais informam que a chuva ainda n\u00e3o terminou e mant\u00e9m as pessoas em alerta.<\/p>\n\n\n\n<p class=\"wp-block-paragraph\">\u201cA chuva n\u00e3o acabou, vai continuar por v\u00e1rias horas\u201d, disse <strong>Titti Postiglione<\/strong>, vice-chefe da <strong>Ag\u00eancia de Prote\u00e7\u00e3o Civil<\/strong>, ao canal local SkyTG24. \u201cEstamos enfrentando uma situa\u00e7\u00e3o muito, muito complicada\u201d, acrescentou.<\/p>\n\n\n\n<p class=\"wp-block-paragraph\">De acordo com a ag\u00eancia de not\u00edcias <strong>Reuters<\/strong>, as autoridades de Em\u00edlia-Romanha confirmaram que tr\u00eas corpos foram encontrados nas cidades de <strong>Forli<\/strong>, <strong>Cesena <\/strong>e <strong>Cesenatico<\/strong>.<\/p>\n\n\n\n<p class=\"wp-block-paragraph\">14 rios transbordaram na regi\u00e3o, obrigando moradores a subirem nos telhados dos pr\u00e9dios, como aconteceu em Cesena, onde bombeiros fizeram resgates usando helic\u00f3pteros e botes.<\/p>\n\n\n\n<p class=\"wp-block-paragraph\">Presidente da regi\u00e3o de Em\u00edlia-Romanha, <strong>Stefano Bonaccini <\/strong>pediu que a popula\u00e7\u00e3o fique distante dos rios e cursos d\u2019\u00e1gua.<\/p>\n\n\n\n<p class=\"wp-block-paragraph\">\u201cN\u00e3o se aproximem dos rios. Quem vive em regi\u00f5es pr\u00f3ximas a cursos d\u2019\u00e1gua deve se mudar para andares mais altos\u201d, postou Bonaccini no Facebook.<\/p>\n\n\n\n<p class=\"wp-block-paragraph\">A cidade de <strong>Ravenna<\/strong>, pr\u00f3xima da costa Adri\u00e1tica, tamb\u00e9m foi bastante afetada.<\/p>\n\n\n\n<p class=\"wp-block-paragraph\">\u201c\u00c9, provavelmente, a pior noite da hist\u00f3ria de Romanha\u201d, disse <strong>Michele de Pascale<\/strong>, prefeito de Ravenna, \u00e0 r\u00e1dio RAI, acrescentando que 5 mil pessoas precisaram ser evacuadas da cidade ao longo da noite. \u201cRavenna est\u00e1 irreconhec\u00edvel pelo dano que sofreu\u201d, resumiu.<\/p>\n\n\n\n<p class=\"wp-block-paragraph\">No in\u00edcio de maio, a regi\u00e3o de Em\u00edlia-Romanha j\u00e1 tinha sido afetada por fortes chuvas, que deixaram o saldo de pelo menos dois mortos.<\/p>\n\n\n\n<p class=\"wp-block-paragraph\">O <strong>GRANDE PR\u00caMIO <\/strong>procurou a <strong>Gresini<\/strong>, equipe da <strong>MotoGP <\/strong>que tamb\u00e9m \u00e9 sediada em Faenza, mas foi informado que a sede do time n\u00e3o foi afetada. No entanto, um porta-voz do time chefiado por <strong>Nadia Padovani <\/strong>destacou que \u201cFaenza est\u00e1 bastante danificada\u201d.<\/p>\n\n\n\n<p class=\"wp-block-paragraph\">A <strong>VR46<\/strong>, que tamb\u00e9m fica na regi\u00e3o norte da It\u00e1lia, tamb\u00e9m escapou de danos, mas destacou ao <strong>GP<\/strong> que &#8220;a situa\u00e7\u00e3o nas cidades pr\u00f3ximas a n\u00f3s \u00e9 dif\u00edcil&#8221;.<\/p>\n\n\n\n<figure class=\"wp-block-embed is-type-video is-provider-youtube wp-block-embed-youtube wp-embed-aspect-16-9 wp-has-aspect-ratio\"><div class=\"wp-block-embed__wrapper\">\n<iframe loading=\"lazy\" title=\"&amp;apos;MERCEDES PERDEU DIREITO DE ERRAR NA F1 2023&amp;apos;: TUDO SOBRE A VERS\u00c3O &amp;apos;B&amp;apos; DO W14\" width=\"500\" height=\"281\" src=\"https:\/\/www.youtube.com\/embed\/HSGl8MoeZNM?feature=oembed\" frameborder=\"0\" allow=\"accelerometer; autoplay; clipboard-write; encrypted-media; gyroscope; picture-in-picture; web-share\" referrerpolicy=\"strict-origin-when-cross-origin\" allowfullscreen><\/iframe>\n<\/div><\/figure>\n","protected":false},"excerpt":{"rendered":"<p>Pelas redes sociais, a Ferrari manifestou solidariedade com os afetados pelas fortes chuvas nas regi\u00f5es de Em\u00edlia-Romanha e Marche. A AlphaTauri divulgou uma campanha de arrecada\u00e7\u00e3o para os atingidos em Faenza, sede da equipe, e ganhou o apoio da Alfa Romeo e tamb\u00e9m de Lando Norris<\/p>\n","protected":false},"author":0,"featured_media":1000683444,"comment_status":"closed","ping_status":"closed","sticky":false,"template":"","format":"standard","meta":{"42wp_featured_image_caption":"","42wp_featured_image_credits":"","42wp_featured_video":"","42wp_featured_image_hidden":false,"42wp_authors_list":[],"footnotes":""},"categories":[2],"tags":[26134,147,6533,180,30722,33465,28285,5386,17313,33467],"42wp_author":[47113],"class_list":["post-103032","post","type-post","status-publish","format-standard","has-post-thumbnail","hentry","category-f1","tag-emilia-romanha","tag-f1","tag-f1-2023","tag-formula-1","tag-formula-1-2023","tag-formula-1-classificacao-2023","tag-grandepremio","tag-imola","tag-italia","tag-onde-assistir-f1-2023","42wp_author-juliana-tesser"],"_links":{"self":[{"href":"https:\/\/grandepremio.com\/br\/wp-json\/wp\/v2\/posts\/103032","targetHints":{"allow":["GET"]}}],"collection":[{"href":"https:\/\/grandepremio.com\/br\/wp-json\/wp\/v2\/posts"}],"about":[{"href":"https:\/\/grandepremio.com\/br\/wp-json\/wp\/v2\/types\/post"}],"replies":[{"embeddable":true,"href":"https:\/\/grandepremio.com\/br\/wp-json\/wp\/v2\/comments?post=103032"}],"version-history":[{"count":0,"href":"https:\/\/grandepremio.com\/br\/wp-json\/wp\/v2\/posts\/103032\/revisions"}],"wp:featuredmedia":[{"embeddable":true,"href":"https:\/\/grandepremio.com\/br\/wp-json\/wp\/v2\/media\/1000683444"}],"wp:attachment":[{"href":"https:\/\/grandepremio.com\/br\/wp-json\/wp\/v2\/media?parent=103032"}],"wp:term":[{"taxonomy":"category","embeddable":true,"href":"https:\/\/grandepremio.com\/br\/wp-json\/wp\/v2\/categories?post=103032"},{"taxonomy":"post_tag","embeddable":true,"href":"https:\/\/grandepremio.com\/br\/wp-json\/wp\/v2\/tags?post=103032"},{"taxonomy":"42wp_author","embeddable":true,"href":"https:\/\/grandepremio.com\/br\/wp-json\/wp\/v2\/42wp_author?post=103032"}],"curies":[{"name":"wp","href":"https:\/\/api.w.org\/{rel}","templated":true}]}}