{"id":103033,"date":"2023-05-17T06:48:50","date_gmt":"2023-05-17T09:48:50","guid":{"rendered":"https:\/\/grandepremio.com\/br\/noticias\/autoridades-pedem-f1-estafe-continue-fora-imola-meio-perigo-enchente\/"},"modified":"2023-05-17T06:50:19","modified_gmt":"2023-05-17T09:50:19","slug":"autoridades-pedem-f1-estafe-continue-fora-imola-meio-perigo-enchente","status":"publish","type":"post","link":"https:\/\/grandepremio.com\/br\/f1\/autoridades-pedem-f1-estafe-continue-fora-imola-meio-perigo-enchente\/","title":{"rendered":"Autoridades pedem \u00e0 F1 que estafe continue fora de \u00cdmola em meio a perigo de enchente"},"content":{"rendered":"\n<figure class=\"wp-block-embed is-type-video is-provider-youtube wp-block-embed-youtube wp-embed-aspect-16-9 wp-has-aspect-ratio\"><div class=\"wp-block-embed__wrapper\">\n<iframe loading=\"lazy\" title=\"F1 CANCELA GP EM \u00cdMOLA! TUDO SOBRE A SITUA\u00c7\u00c3O NA EM\u00cdLIA-ROMANHA\" width=\"500\" height=\"281\" src=\"https:\/\/www.youtube.com\/embed\/98UnGXaZFu0?feature=oembed\" frameborder=\"0\" allow=\"accelerometer; autoplay; clipboard-write; encrypted-media; gyroscope; picture-in-picture; web-share\" referrerpolicy=\"strict-origin-when-cross-origin\" allowfullscreen><\/iframe>\n<\/div><\/figure>\n\n\n\n<p class=\"wp-block-paragraph\">As autoridades pediram aos integrantes da <strong>F\u00f3rmula 1 <\/strong>que permane\u00e7am afastados do circuito de <strong>\u00cdmola<\/strong>, j\u00e1 que o risco de enchente segue sendo avaliado. Por conta das fortes chuvas que atingem a regi\u00e3o da <strong>Em\u00edlia-Romanha<\/strong>, o paddock segue vazio e o trabalho de prepara\u00e7\u00e3o para o GP da <strong>It\u00e1lia <\/strong>est\u00e1 atrasado.<\/p>\n\n\n\n<p class=\"wp-block-paragraph\">A <strong>It\u00e1lia <\/strong>vem sofrendo com o mau tempo desde o in\u00edcio do m\u00eas, mas as tempestades deram sinais de melhora no come\u00e7o da semana. Na ter\u00e7a-feira, o <strong>Departamento de Prote\u00e7\u00e3o Civil<\/strong> emitiu um alerta vermelho para ventos fortes e alto risco de inunda\u00e7\u00f5es, com chance de deslizamento de terra. O novo alerta fez as autoridades optarem pelo fechamento de escolas e tamb\u00e9m estradas que corriam risco de inunda\u00e7\u00e3o. A popula\u00e7\u00e3o ainda foi aconselhada a evitar viagens nesse per\u00edodo.<\/p>\n\n\n\n<figure class=\"wp-block-image size-large\"><img decoding=\"async\" src=\"https:\/\/www.grandepremio.com\/br\/wp-content\/uploads\/2023\/05\/FwQPhKeaQAAdcQk-1024x576.jpg\" alt=\"\" class=\"wp-image-683425\"\/><figcaption>\u00cdmola teve de ser evacuado \u00e0s pressas por conta do risco de alagamentos (Foto: reprodu\u00e7\u00e3o\/@LaurentDupin_f1)<\/figcaption><\/figure>\n\n\n\n<p class=\"wp-block-paragraph\"><strong>\u25b6\ufe0f\u00a0Inscreva-se nos dois canais do GRANDE PR\u00caMIO no YouTube:\u00a0<a href=\"https:\/\/www.youtube.com\/channel\/UC9OlHEgxoaY6QY6nWPoiqQg?sub_confirmation=1\" target=\"_blank\" rel=\"noreferrer noopener\">GP<\/a>\u00a0|\u00a0<a href=\"https:\/\/www.youtube.com\/channel\/UC9csiS6q_C3C0FYhyr1rnFA?sub_confirmation=1\" target=\"_blank\" rel=\"noreferrer noopener\">GP2<\/a><\/strong><br><strong>\u25b6\ufe0f\u00a0<a href=\"https:\/\/www.twitch.tv\/grandepremio\" target=\"_blank\" rel=\"noreferrer noopener\">Conhe\u00e7a o canal do GRANDE PR\u00caMIO na Twitch clicando aqui!<\/a><\/strong><\/p>\n\n\n\n<p class=\"wp-block-paragraph\">Segundo a publica\u00e7\u00e3o inglesa Autosport, fontes de v\u00e1rias equipes confirmaram que as autoridades locais pediram que eles n\u00e3o viajassem ao circuito enquanto a situa\u00e7\u00e3o \u00e9 avaliada. No momento, o alerta clim\u00e1tico em Em\u00edlia-Romanha \u00e9 v\u00e1lido at\u00e9 a noite desta quarta-feira.<\/p>\n\n\n\n<p class=\"wp-block-paragraph\">O n\u00edvel de \u00e1gua no rio <strong>Santerno<\/strong>, que corre em paralelo a boa parte do circuito, come\u00e7ou a baixar depois de ultrapassar o limite de risco de inunda\u00e7\u00e3o na noite de ter\u00e7a-feira, mas os problemas na pista permanecem. V\u00e1rios trechos do circuito foram inundados, inclusive o complexo de televis\u00e3o da <strong>F1<\/strong>.<\/p>\n\n\n\n<p class=\"wp-block-paragraph\">Parte do staff da <strong>Alpine <\/strong>precisou mudar de hotel por conta das inunda\u00e7\u00f5es.<\/p>\n\n\n\n<p class=\"wp-block-paragraph\">\u201cAlguns membros da nossa equipe de montagem precisaram trocar de hotel em \u00cdmola por causa do clima adverso. A equipe principal (mec\u00e2nicos, engenheiros) est\u00e1 em um hotel diferente, em uma cidade pr\u00f3xima, e n\u00e3o foi impactado\u201d, explicou um porta-voz da equipe.<\/p>\n\n\n\n<p class=\"wp-block-paragraph\">Nesta manh\u00e3, respons\u00e1veis pela F1 se re\u00fanem com as autoridades locais para discutir uma resposta \u00e0 situa\u00e7\u00e3o emergencial e o que fazer com a corrida deste fim de semana. A previs\u00e3o \u00e9 de que o clima melhore a partir de quinta-feira.<\/p>\n\n\n\n<p class=\"wp-block-paragraph\">Entretanto, a infraestrutura ao redor do <strong>Aut\u00f3dromo Enzo e Dino Ferrari <\/strong>est\u00e1 bastante comprometida, com bloqueios vi\u00e1rios e vias fechadas por causa de inunda\u00e7\u00f5es localizadas.<\/p>\n\n\n\n<p class=\"wp-block-paragraph\">Por enquanto, as <a href=\"https:\/\/www.grandepremio.com\/br\/f1\/noticias\/circuito-imola-evacuado-previsao-tempestade-risco-alagamento\/\" class=\"ek-link\">equipes da F1 perderam meio dia de montagem na ter\u00e7a-feira, quando receberam o pedido para deixar a pista<\/a>, e agora perdem mais um dia de trabalho com a solicita\u00e7\u00e3o para n\u00e3o comparecerem \u00e0 pista.<\/p>\n\n\n\n<p class=\"wp-block-paragraph\">Existem v\u00e1rias possibilidades para que a corrida deste fim de semana siga adiante, incluindo reduzir o n\u00famero de espectadores permitidos no tra\u00e7ado ou alterar o cronograma.<\/p>\n\n\n\n<p class=\"wp-block-paragraph\">A\u00a0<strong><a href=\"https:\/\/www.grandepremio.com\/formula-1\/\" target=\"_blank\" rel=\"noreferrer noopener\">F\u00f3rmula 1<\/a><\/strong>\u00a0retorna com o\u00a0<strong>GP da Em\u00edlia-<a href=\"https:\/\/www.grandepremio.com\/br\/circuito\/roma\/\" target=\"_blank\" rel=\"noreferrer noopener\">Roma<\/a>nha<\/strong>, sexta etapa do calend\u00e1rio. O\u00a0<strong>GRANDE PR\u00caMIO\u00a0<\/strong>acompanha todas as atividades da temporada 2023\u00a0<strong>AO VIVO\u00a0<\/strong>e\u00a0<strong>EM\u00a0<a href=\"https:\/\/www.grandepremio.com\/br\/ao-vivo\/\" target=\"_blank\" rel=\"noreferrer noopener\">TEMPO REAL<\/a><\/strong>.<\/p>\n\n\n\n<figure class=\"wp-block-embed is-type-video is-provider-youtube wp-block-embed-youtube wp-embed-aspect-16-9 wp-has-aspect-ratio\"><div class=\"wp-block-embed__wrapper\">\n<iframe loading=\"lazy\" title=\"&amp;apos;MERCEDES PERDEU DIREITO DE ERRAR NA F1 2023&amp;apos;: TUDO SOBRE A VERS\u00c3O &amp;apos;B&amp;apos; DO W14\" width=\"500\" height=\"281\" src=\"https:\/\/www.youtube.com\/embed\/HSGl8MoeZNM?feature=oembed\" frameborder=\"0\" allow=\"accelerometer; autoplay; clipboard-write; encrypted-media; gyroscope; picture-in-picture; web-share\" referrerpolicy=\"strict-origin-when-cross-origin\" allowfullscreen><\/iframe>\n<\/div><\/figure>\n","protected":false},"excerpt":{"rendered":"<p>Em meio a uma crise clim\u00e1tica na regi\u00e3o de Em\u00edlia-Romanha, os integrantes do paddock da F\u00f3rmula 1 receberam um pedido das autoridades locais para que deixem de ir ao circuito de \u00cdmola nesta quarta-feira (17). Risco de enchente segue sendo avaliado<\/p>\n","protected":false},"author":0,"featured_media":1000683424,"comment_status":"closed","ping_status":"closed","sticky":false,"template":"","format":"standard","meta":{"42wp_featured_image_caption":"","42wp_featured_image_credits":"","42wp_featured_video":"","42wp_featured_image_hidden":false,"42wp_authors_list":[],"footnotes":""},"categories":[2],"tags":[26134,147,6533,180,30722,33465,28285,5386,17313,33467],"42wp_author":[47113],"class_list":["post-103033","post","type-post","status-publish","format-standard","has-post-thumbnail","hentry","category-f1","tag-emilia-romanha","tag-f1","tag-f1-2023","tag-formula-1","tag-formula-1-2023","tag-formula-1-classificacao-2023","tag-grandepremio","tag-imola","tag-italia","tag-onde-assistir-f1-2023","42wp_author-juliana-tesser"],"_links":{"self":[{"href":"https:\/\/grandepremio.com\/br\/wp-json\/wp\/v2\/posts\/103033","targetHints":{"allow":["GET"]}}],"collection":[{"href":"https:\/\/grandepremio.com\/br\/wp-json\/wp\/v2\/posts"}],"about":[{"href":"https:\/\/grandepremio.com\/br\/wp-json\/wp\/v2\/types\/post"}],"replies":[{"embeddable":true,"href":"https:\/\/grandepremio.com\/br\/wp-json\/wp\/v2\/comments?post=103033"}],"version-history":[{"count":0,"href":"https:\/\/grandepremio.com\/br\/wp-json\/wp\/v2\/posts\/103033\/revisions"}],"wp:featuredmedia":[{"embeddable":true,"href":"https:\/\/grandepremio.com\/br\/wp-json\/wp\/v2\/media\/1000683424"}],"wp:attachment":[{"href":"https:\/\/grandepremio.com\/br\/wp-json\/wp\/v2\/media?parent=103033"}],"wp:term":[{"taxonomy":"category","embeddable":true,"href":"https:\/\/grandepremio.com\/br\/wp-json\/wp\/v2\/categories?post=103033"},{"taxonomy":"post_tag","embeddable":true,"href":"https:\/\/grandepremio.com\/br\/wp-json\/wp\/v2\/tags?post=103033"},{"taxonomy":"42wp_author","embeddable":true,"href":"https:\/\/grandepremio.com\/br\/wp-json\/wp\/v2\/42wp_author?post=103033"}],"curies":[{"name":"wp","href":"https:\/\/api.w.org\/{rel}","templated":true}]}}