{"id":103034,"date":"2023-05-17T05:00:00","date_gmt":"2023-05-17T08:00:00","guid":{"rendered":"https:\/\/grandepremio.com\/br\/noticias\/sergio-perez-2o-favorito-bate-max-verstappen-for-acaso-ve-evelyn-guimaraes\/"},"modified":"2023-05-16T14:28:40","modified_gmt":"2023-05-16T17:28:40","slug":"sergio-perez-2o-favorito-bate-max-verstappen-for-acaso-ve-evelyn-guimaraes","status":"publish","type":"post","link":"https:\/\/grandepremio.com\/br\/f1\/sergio-perez-2o-favorito-bate-max-verstappen-for-acaso-ve-evelyn-guimaraes\/","title":{"rendered":"&#8220;P\u00e9rez \u00e9 2\u00ba favorito, mas s\u00f3 bate Verstappen se for ao acaso&#8221;, v\u00ea Evelyn Guimar\u00e3es"},"content":{"rendered":"\n<p class=\"wp-block-paragraph\">Se Max Verstappen n\u00e3o vencer, Sergio P\u00e9rez \u00e9 o favorito para triunfar, de fato. Mas, para Evelyn Guimar\u00e3es, isso s\u00f3 acontece se realmente o bicampe\u00e3o mundial n\u00e3o tiver condi\u00e7\u00f5es de subir ao lugar mais alto do p\u00f3dio. <\/p>\n\n\n\n<p class=\"wp-block-paragraph\"><strong>Confira o trecho completo abaixo:<\/strong><\/p>\n\n\n\n<figure class=\"wp-block-embed is-type-rich is-provider-incorporar-manipulador wp-block-embed-incorporar-manipulador wp-embed-aspect-16-9 wp-has-aspect-ratio\"><div class=\"wp-block-embed__wrapper\">\nhttps:\/\/www.youtube.com\/watch?v=1tu7nhiiFBw?t=965\n<\/div><\/figure>\n","protected":false},"excerpt":{"rendered":"<p>Se Max Verstappen n\u00e3o vencer, Sergio P\u00e9rez \u00e9 o favorito para triunfar, de fato. Mas, para Evelyn Guimar\u00e3es, isso s\u00f3 acontece se realmente o bicampe\u00e3o mundial n\u00e3o tiver condi\u00e7\u00f5es de subir ao lugar mais alto do p\u00f3dio<\/p>\n","protected":false},"author":0,"featured_media":1000680558,"comment_status":"closed","ping_status":"closed","sticky":false,"template":"","format":"standard","meta":{"42wp_featured_image_caption":"","42wp_featured_image_credits":"","42wp_featured_video":"","42wp_featured_image_hidden":false,"42wp_authors_list":[],"footnotes":""},"categories":[2],"tags":[2154,6533,207,180,30722,1492,230,25606,1491,30103,28285,5386,33974,82,1537,27357,204,31447,486],"42wp_author":[47139],"class_list":["post-103034","post","type-post","status-publish","format-standard","has-post-thumbnail","hentry","category-f1","tag-evelyn-guimaraes","tag-f1-2023","tag-ferrari","tag-formula-1","tag-formula-1-2023","tag-gabriel-carvalho","tag-gabriel-curty","tag-gp-da-emilia-romanha","tag-grande-premio","tag-grande-premio-f1","tag-grandepremio","tag-imola","tag-imola-f1","tag-mercedes","tag-paddock-gp","tag-programas-grande-premio","tag-red-bull","tag-temporada-2023-f1","tag-victor-martins","42wp_author-ana-cerveira"],"_links":{"self":[{"href":"https:\/\/grandepremio.com\/br\/wp-json\/wp\/v2\/posts\/103034","targetHints":{"allow":["GET"]}}],"collection":[{"href":"https:\/\/grandepremio.com\/br\/wp-json\/wp\/v2\/posts"}],"about":[{"href":"https:\/\/grandepremio.com\/br\/wp-json\/wp\/v2\/types\/post"}],"replies":[{"embeddable":true,"href":"https:\/\/grandepremio.com\/br\/wp-json\/wp\/v2\/comments?post=103034"}],"version-history":[{"count":0,"href":"https:\/\/grandepremio.com\/br\/wp-json\/wp\/v2\/posts\/103034\/revisions"}],"wp:featuredmedia":[{"embeddable":true,"href":"https:\/\/grandepremio.com\/br\/wp-json\/wp\/v2\/media\/1000680558"}],"wp:attachment":[{"href":"https:\/\/grandepremio.com\/br\/wp-json\/wp\/v2\/media?parent=103034"}],"wp:term":[{"taxonomy":"category","embeddable":true,"href":"https:\/\/grandepremio.com\/br\/wp-json\/wp\/v2\/categories?post=103034"},{"taxonomy":"post_tag","embeddable":true,"href":"https:\/\/grandepremio.com\/br\/wp-json\/wp\/v2\/tags?post=103034"},{"taxonomy":"42wp_author","embeddable":true,"href":"https:\/\/grandepremio.com\/br\/wp-json\/wp\/v2\/42wp_author?post=103034"}],"curies":[{"name":"wp","href":"https:\/\/api.w.org\/{rel}","templated":true}]}}