{"id":103046,"date":"2023-05-16T14:06:53","date_gmt":"2023-05-16T17:06:53","guid":{"rendered":"https:\/\/grandepremio.com\/br\/noticias\/emilia-romanha-sofre-temporais-qual-real-risco-chuva-corrida-formula-1\/"},"modified":"2023-05-16T14:08:22","modified_gmt":"2023-05-16T17:08:22","slug":"emilia-romanha-sofre-temporais-qual-real-risco-chuva-corrida-formula-1","status":"publish","type":"post","link":"https:\/\/grandepremio.com\/br\/f1\/emilia-romanha-sofre-temporais-qual-real-risco-chuva-corrida-formula-1\/","title":{"rendered":"Em\u00edlia-Romanha sofre com temporais: qual real risco de chuva para corrida da F1"},"content":{"rendered":"\n<figure class=\"wp-block-embed is-type-video is-provider-youtube wp-block-embed-youtube wp-embed-aspect-16-9 wp-has-aspect-ratio\"><div class=\"wp-block-embed__wrapper\">\n<iframe loading=\"lazy\" title=\"F1 CANCELA GP EM \u00cdMOLA! TUDO SOBRE A SITUA\u00c7\u00c3O NA EM\u00cdLIA-ROMANHA\" width=\"500\" height=\"281\" src=\"https:\/\/www.youtube.com\/embed\/98UnGXaZFu0?feature=oembed\" frameborder=\"0\" allow=\"accelerometer; autoplay; clipboard-write; encrypted-media; gyroscope; picture-in-picture; web-share\" referrerpolicy=\"strict-origin-when-cross-origin\" allowfullscreen><\/iframe>\n<\/div><figcaption>F1 CORRE RISCO DE CANCELAR GP DA EM\u00cdLIA-ROMANHA? O QUE SE SABE DAS CHUVAS EM \u00cdMOLA<\/figcaption><\/figure>\n\n\n\n<p class=\"wp-block-paragraph\">A situa\u00e7\u00e3o da regi\u00e3o italiana da <strong>Em\u00edlia-Romanha<\/strong> est\u00e1 um <strong><a href=\"https:\/\/www.grandepremio.com\/br\/f1\/noticias\/emilia-romanha-estado-alerta-vermelho-risco-temporal-inundacoes\/\" class=\"ek-link\">absoluto caos causado pelo clima<\/a><\/strong>. Nesta ter\u00e7a-feira (16), o <strong>Aut\u00f3dromo Enzo e Dino Ferrari<\/strong> <strong><a href=\"https:\/\/www.grandepremio.com\/br\/f1\/noticias\/circuito-imola-evacuado-previsao-tempestade-risco-alagamento\/\" class=\"ek-link\">chegou a ser evacuado<\/a><\/strong> quando parte da log\u00edstica de organiza\u00e7\u00e3o, equipes e imprensa j\u00e1 atuava no local. Um pouco depois, a ordem foi que todas as unidades de for\u00e7a que j\u00e1 estavam no local fossem levadas a \u00e1reas mais altas, por conta do perigo de enchentes causadas pela alta do <strong>rio Santerno<\/strong>, que fica ao lado da pista. Mas como \u00e9 a expectativa para os pr\u00f3ximos dias?<\/p>\n\n\n\n<p class=\"wp-block-paragraph\">\u00c9 necess\u00e1rio destacar que as fortes chuvas na regi\u00e3o <strong><a href=\"https:\/\/www.grandepremio.com\/br\/f1\/noticias\/mortes-desabrigados-caos-emilia-romanha-vesperas-f1\/\" class=\"ek-link\">n\u00e3o s\u00e3o um fen\u00f4meno apenas desta ter\u00e7a-feira<\/a><\/strong>. Pelo contr\u00e1rio. A tempestade dos \u00faltimos dias no norte da It\u00e1lia j\u00e1 causou duas mortes, de acordo com a rede de TV RAI, al\u00e9m de um terceiro desaparecido.<\/p>\n\n\n\n<p class=\"wp-block-paragraph\"><strong>\u25b6\ufe0f\u00a0Inscreva-se nos dois canais do GRANDE PR\u00caMIO no YouTube:\u00a0<a href=\"https:\/\/www.youtube.com\/channel\/UC9OlHEgxoaY6QY6nWPoiqQg?sub_confirmation=1\" target=\"_blank\" rel=\"noreferrer noopener\">GP<\/a>\u00a0|\u00a0<a href=\"https:\/\/www.youtube.com\/channel\/UC9csiS6q_C3C0FYhyr1rnFA?sub_confirmation=1\" target=\"_blank\" rel=\"noreferrer noopener\">GP2<\/a><\/strong><br><strong>\u25b6\ufe0f\u00a0<a href=\"https:\/\/www.twitch.tv\/grandepremio\" target=\"_blank\" rel=\"noreferrer noopener\">Conhe\u00e7a o canal do GRANDE PR\u00caMIO na Twitch clicando aqui!<\/a><\/strong><\/p>\n\n\n\n<p class=\"wp-block-paragraph\">Ainda pela manh\u00e3 da ter\u00e7a-feira, o <strong>Departamento de Prote\u00e7\u00e3o Civil<\/strong> emitiu alerta vermelho para ventos fortes e alto risco de inunda\u00e7\u00f5es com chance de deslizamentos de terra. O governo local estima at\u00e9 100 mm de chuva sobre as \u00e1reas de maior perigo nesta ter\u00e7a-feira, mas o volume pode atingir os 150 mm, considerado preocupante \u2014 o \u00edndice pluviom\u00e9trico indica a quantidade de \u00e1gua por cada metro quadrado.<\/p>\n\n\n\n<p class=\"wp-block-paragraph\">\u201cNunca caiu tanta \u00e1gua em 36 horas\u201d, declarou o governador da regi\u00e3o da Em\u00edlia-Romanha, <strong>Stefano<\/strong> <strong>Bonaccini<\/strong>. Ao todo, j\u00e1 s\u00e3o mais de mil interven\u00e7\u00f5es, entre fechamento de escolas e bloqueio de estradas. Os n\u00fameros atualizam a cada hora, mas estima-se que mais de 900 pessoas j\u00e1 foram evacuadas de suas casas por conta do risco de enchentes.<\/p>\n\n\n\n<figure class=\"wp-block-image size-large\"><img decoding=\"async\" src=\"https:\/\/www.grandepremio.com\/br\/wp-content\/uploads\/2023\/05\/FwQPhKhaQAEAVXL-1024x576.jpg\" alt=\"\u00cdmola 2023 chuvas F\u00f3rmula 1\" class=\"wp-image-683424\"\/><figcaption>O rio Santerno, que passa ao lado do circuito de \u00cdmola, encheu por conta das fortes chuvas (Foto: reprodu\u00e7\u00e3o\/@LaurentDupin_f1)<\/figcaption><\/figure>\n\n\n\n<p class=\"wp-block-paragraph\">O <strong>Conselho de Ministros<\/strong>, sob recomenda\u00e7\u00e3o do ministro da <strong>Prote\u00e7\u00e3o Civil e de Pol\u00edticas Mar\u00edtimas<\/strong>, <strong>Nello Musimeci<\/strong>, aprovou o estado de emerg\u00eancia nacional na regi\u00e3o que abriga as prov\u00edncias de <strong>Ferrara<\/strong>, <strong>Forl\u00ec-Cesena<\/strong>, <strong>M\u00f3dena<\/strong>, <strong>Parma<\/strong>, <strong>Plac\u00eancia<\/strong>, <strong>Ravena<\/strong>, <strong>Reggio Emilia<\/strong> e <strong>Bolonha<\/strong> \u2014 esta \u00faltima, a 40 km do Aut\u00f3dromo Enzo e Dino Ferrari, que receber\u00e1 a F\u00f3rmula 1 neste final de semana.<\/p>\n\n\n\n<p class=\"wp-block-paragraph\">Toda a situa\u00e7\u00e3o envolvendo o clima inst\u00e1vel lan\u00e7ou quest\u00f5es a respeito do impacto que as fortes chuvas poderiam trazer para o final de semana da <strong>F\u00f3rmula 1<\/strong>. No entanto, fontes ligadas \u00e0 categoria confirmaram que n\u00e3o h\u00e1 preocupa\u00e7\u00f5es quanto a um poss\u00edvel cancelamento da sexta etapa da temporada 2023. Equipes e staff da F1, inclusive, mantiveram as viagens para a Em\u00edlia-Romanha conforme o planejado.<\/p>\n\n\n\n<p class=\"wp-block-paragraph\">H\u00e1, contudo, um plano operacional em andamento para lidar com a probabilidade de chuva para garantir que as instala\u00e7\u00f5es para os torcedores, incluindo estacionamentos, sejam utilizadas durante todo o evento. A pr\u00f3pria F1, ali\u00e1s, tamb\u00e9m est\u00e1 preparada para as condi\u00e7\u00f5es de pista molhada: a <strong>Pirelli <\/strong>levar\u00e1 para \u00cdmola um novo pneu de chuva, que dispensa o aquecimento pr\u00e9vio.<\/p>\n\n\n\n<p class=\"wp-block-paragraph\">Mas \u00e9 preciso averiguar o que se projeta no clima.<\/p>\n\n\n\n<figure class=\"wp-block-image size-large\"><img decoding=\"async\" src=\"https:\/\/www.grandepremio.com\/br\/wp-content\/uploads\/2022\/04\/GPF1-11-1024x576.jpeg\" alt=\"\" class=\"wp-image-561770\"\/><figcaption>Os guarda-chuvas na arquibancada na edi\u00e7\u00e3o de 2022 do evento, quando tamb\u00e9m choveu (Foto: Reprodu\u00e7\u00e3o\/F1 TV)<\/figcaption><\/figure>\n\n\n\n<h3 class=\"wp-block-heading\" id=\"h-o-que-diz-a-previsao-do-tempo-para-gp-da-emilia-romanha\">O que diz a previs\u00e3o do tempo para GP da Em\u00edlia-Romanha:<\/h3>\n\n\n\n<p class=\"wp-block-paragraph\">No que diz respeito ao restante da ter\u00e7a-feira, a expectativa \u00e9 de tempestades em diversos momentos e chuva cont\u00ednua por todo o dia. O estado de alerta vermelho est\u00e1 instalado desde cedo, bem como o laranja, que indica n\u00edvel moderado a alto, para trov\u00f5es e ventos fortes.<\/p>\n\n\n\n<p class=\"wp-block-paragraph\">Para a quarta-feira, de acordo com o servi\u00e7o meteorol\u00f3gico especializado Accuweather, tamb\u00e9m h\u00e1 expectativa de chuva ao longo de todo o dia e noite, bem como temperatura baixo. Novas tempestades est\u00e3o entre as possibilidades num dia que j\u00e1 \u00e9 de amplo trabalho para as equipes.<\/p>\n\n\n\n<p class=\"wp-block-paragraph\">Os pilotos t\u00eam chegada ao aut\u00f3dromo prevista para quinta-feira, quando d\u00e3o a entrevista oficial da FIA e atendem a imprensa. Embora a previs\u00e3o mostre at\u00e9 a chance do sol aparecer levemente em diferentes momentos do dia, a possibilidade de chuva segue sempre alta, perto dos 50%. Na maior parte do dia, contudo, a expectativa \u00e9 de precipita\u00e7\u00e3o.<\/p>\n\n\n\n<p class=\"wp-block-paragraph\">J\u00e1 para sexta-feira, dia em que os carros v\u00e3o \u00e0 pista para os treinos livres, o servi\u00e7o de meteorologia aponta para a expectativa de pancadas de chuva ao longo das horas e possibilidades de trovoadas. A maior chance de chuva se concentra justamente no hor\u00e1rio da tarde, quando os treinos est\u00e3o marcados [13h30 e 17h, respectivamente, no hor\u00e1rio local]. Embora o alerta vermelho atual termine na quinta-feira, j\u00e1 est\u00e1 avisado que ao menos o alerta laranja segue a partir de sexta.<\/p>\n\n\n\n<p class=\"wp-block-paragraph\">O dia com menos chances de chuva ao longo do restante da semana \u00e9 exatamente o s\u00e1bado, mas ainda com 72% de possibilidade. Embora a temperatura prevista seja compat\u00edvel com a de sexta, em torno de 19\u00b0C e 20\u00b0C de sensa\u00e7\u00e3o t\u00e9rmica, h\u00e1 60% de chances de chover ao longo da tarde [o TL3 para as 12h30, com classifica\u00e7\u00e3o \u00e0s 16h]. E ser\u00e1 um dia com mais apari\u00e7\u00f5es do sol, mas, na maior parte do tempo, ainda com tempo fechado e ventos fortes, chegando at\u00e9 a 37 km\/h.<\/p>\n\n\n\n<p class=\"wp-block-paragraph\">No domingo da corrida, as chances de chuva voltam a chegar a 88%: a maior chance, de 66%, est\u00e1 exatamente \u00e0 tarde, quando, al\u00e9m das pancadas de chuva, tamb\u00e9m s\u00e3o esperados trov\u00f5es. A prova tem largada marcada para as 15h locais [10h de Bras\u00edlia, GMT-3]. Os ventos e a temperatura ambiente ficam parecidos aos do dia anterior.<\/p>\n\n\n\n<p class=\"wp-block-paragraph\">Portanto, neste momento, a F\u00f3rmula 1 acredita que vai conseguir realizar o evento, mas a grande preocupa\u00e7\u00e3o fica a cargo dos rios na regi\u00e3o. O Santerno \u00e9 o principal temor, por estar logo ao lado, mas n\u00e3o \u00e9 o \u00fanico. Caso o n\u00edvel d&#8217;\u00e1gua n\u00e3o abaixe nos pr\u00f3ximos dias, a F1 ter\u00e1 um problema s\u00e9rio a resolver.<\/p>\n\n\n\n<p class=\"wp-block-paragraph\">O <strong>GRANDE PR\u00caMIO<\/strong> acompanha <strong><a href=\"https:\/\/www.grandepremio.com\/br\/ao-vivo\/f1\/\" class=\"ek-link\">AO VIVO e EM TEMPO REAL<\/a><\/strong> todas as atividades do GP da Em\u00edlia-Romanha de <strong><a href=\"https:\/\/www.grandepremio.com\/br\/f1\/\" class=\"ek-link\">F\u00f3rmula 1<\/a><\/strong>.<\/p>\n\n\n\n<figure class=\"wp-block-embed is-type-video is-provider-youtube wp-block-embed-youtube wp-embed-aspect-16-9 wp-has-aspect-ratio\"><div class=\"wp-block-embed__wrapper\">\n<iframe loading=\"lazy\" title=\"&amp;apos;MERCEDES PERDEU DIREITO DE ERRAR NA F1 2023&amp;apos;: TUDO SOBRE A VERS\u00c3O &amp;apos;B&amp;apos; DO W14\" width=\"500\" height=\"281\" src=\"https:\/\/www.youtube.com\/embed\/HSGl8MoeZNM?feature=oembed\" frameborder=\"0\" allow=\"accelerometer; autoplay; clipboard-write; encrypted-media; gyroscope; picture-in-picture; web-share\" referrerpolicy=\"strict-origin-when-cross-origin\" allowfullscreen><\/iframe>\n<\/div><figcaption>&#8216;MERCEDES PERDEU DIREITO DE ERRAR NA F1 2023&#8217;: TUDO SOBRE A VERS\u00c3O &#8216;B&#8217; DO W14<\/figcaption><\/figure>\n","protected":false},"excerpt":{"rendered":"<p>Situa\u00e7\u00e3o clim\u00e1tica da regi\u00e3o da Em\u00edlia-Romanha, onde est\u00e1 o aut\u00f3dromo de \u00cdmola preocupa muito \u00e0s v\u00e9speras da chegada da F\u00f3rmula 1<\/p>\n","protected":false},"author":0,"featured_media":1000683444,"comment_status":"closed","ping_status":"closed","sticky":false,"template":"","format":"standard","meta":{"42wp_featured_image_caption":"","42wp_featured_image_credits":"","42wp_featured_video":"","42wp_featured_image_hidden":false,"42wp_authors_list":[],"footnotes":""},"categories":[2],"tags":[1134,6533,34863,31379,26092,30722,25606,29611,34862,1491,30103,28285,2875],"42wp_author":[47147,47120],"class_list":["post-103046","post","type-post","status-publish","format-standard","has-post-thumbnail","hentry","category-f1","tag-chuva","tag-f1-2023","tag-f1-emilia-romanha","tag-f1-imola","tag-f1-italia","tag-formula-1-2023","tag-gp-da-emilia-romanha","tag-gp-de-imola","tag-gp-em-imola","tag-grande-premio","tag-grande-premio-f1","tag-grandepremio","tag-tempestade","42wp_author-luana-marino","42wp_author-pedro-henrique-marum"],"_links":{"self":[{"href":"https:\/\/grandepremio.com\/br\/wp-json\/wp\/v2\/posts\/103046","targetHints":{"allow":["GET"]}}],"collection":[{"href":"https:\/\/grandepremio.com\/br\/wp-json\/wp\/v2\/posts"}],"about":[{"href":"https:\/\/grandepremio.com\/br\/wp-json\/wp\/v2\/types\/post"}],"replies":[{"embeddable":true,"href":"https:\/\/grandepremio.com\/br\/wp-json\/wp\/v2\/comments?post=103046"}],"version-history":[{"count":0,"href":"https:\/\/grandepremio.com\/br\/wp-json\/wp\/v2\/posts\/103046\/revisions"}],"wp:featuredmedia":[{"embeddable":true,"href":"https:\/\/grandepremio.com\/br\/wp-json\/wp\/v2\/media\/1000683444"}],"wp:attachment":[{"href":"https:\/\/grandepremio.com\/br\/wp-json\/wp\/v2\/media?parent=103046"}],"wp:term":[{"taxonomy":"category","embeddable":true,"href":"https:\/\/grandepremio.com\/br\/wp-json\/wp\/v2\/categories?post=103046"},{"taxonomy":"post_tag","embeddable":true,"href":"https:\/\/grandepremio.com\/br\/wp-json\/wp\/v2\/tags?post=103046"},{"taxonomy":"42wp_author","embeddable":true,"href":"https:\/\/grandepremio.com\/br\/wp-json\/wp\/v2\/42wp_author?post=103046"}],"curies":[{"name":"wp","href":"https:\/\/api.w.org\/{rel}","templated":true}]}}