{"id":103057,"date":"2023-05-16T09:26:00","date_gmt":"2023-05-16T12:26:00","guid":{"rendered":"https:\/\/grandepremio.com\/br\/noticias\/mclaren-pede-fia-simplifique-regras-formula-1-muito-complexo-para-todos\/"},"modified":"2023-05-16T14:13:19","modified_gmt":"2023-05-16T17:13:19","slug":"mclaren-pede-fia-simplifique-regras-formula-1-muito-complexo-para-todos","status":"publish","type":"post","link":"https:\/\/grandepremio.com\/br\/f1\/mclaren-pede-fia-simplifique-regras-formula-1-muito-complexo-para-todos\/","title":{"rendered":"McLaren pede que FIA simplifique regras da F1: &#8220;Est\u00e1 muito complexo para todos&#8221;"},"content":{"rendered":"\n<figure class=\"wp-block-embed is-type-video is-provider-youtube wp-block-embed-youtube wp-embed-aspect-16-9 wp-has-aspect-ratio\"><div class=\"wp-block-embed__wrapper\">\n<iframe loading=\"lazy\" title=\"F1 2023 INICIA FASE EUROPEIA EM \u00cdMOLA: VERSTAPPEN VAI ABRIR? | Paddock GP #329\" width=\"500\" height=\"281\" src=\"https:\/\/www.youtube.com\/embed\/1tu7nhiiFBw?feature=oembed\" frameborder=\"0\" allow=\"accelerometer; autoplay; clipboard-write; encrypted-media; gyroscope; picture-in-picture; web-share\" referrerpolicy=\"strict-origin-when-cross-origin\" allowfullscreen><\/iframe>\n<\/div><figcaption>F1 2023 INICIA FASE EUROPEIA EM \u00cdMOLA: VERSTAPPEN VAI ABRIR? | Paddock GP\u00a0<a href=\"https:\/\/www.youtube.com\/hashtag\/329\">#329<\/a><\/figcaption><\/figure>\n\n\n\n<p class=\"wp-block-paragraph\">\u00c9 hora de transformar o livro de regras da <strong><a href=\"https:\/\/www.grandepremio.com\/br\/f1\" class=\"ek-link\">F\u00f3rmula 1<\/a><\/strong> em algo mais simples? Essa \u00e9 a opini\u00e3o de <strong>Andrea Stella<\/strong>, chefe da <strong>McLaren<\/strong> desde o come\u00e7o do ano. De acordo com Stella, o campeonato se tornou complexo demais para ser disputado, mas tamb\u00e9m para ser averiguado e inspecionado. Por isso, aponta, chegou o momento da <strong>FIA<\/strong> pensar numa simplifica\u00e7\u00e3o.<\/p>\n\n\n\n<p class=\"wp-block-paragraph\"><strong>\u25b6\ufe0f\u00a0Inscreva-se nos dois canais do GRANDE PR\u00caMIO no YouTube:\u00a0<a href=\"https:\/\/www.youtube.com\/channel\/UC9OlHEgxoaY6QY6nWPoiqQg?sub_confirmation=1\" target=\"_blank\" rel=\"noreferrer noopener\">GP<\/a>\u00a0|\u00a0<a href=\"https:\/\/www.youtube.com\/channel\/UC9csiS6q_C3C0FYhyr1rnFA?sub_confirmation=1\" target=\"_blank\" rel=\"noreferrer noopener\">GP2<\/a><\/strong><br><strong>\u25b6\ufe0f\u00a0<a href=\"https:\/\/www.twitch.tv\/grandepremio\" target=\"_blank\" rel=\"noreferrer noopener\">Conhe\u00e7a o canal do GRANDE PR\u00caMIO na Twitch clicando aqui!<\/a><\/strong><\/p>\n\n\n\n<p class=\"wp-block-paragraph\">A defini\u00e7\u00e3o de Stella vem ap\u00f3s uma contrata\u00e7\u00e3o importante para a tomada de decis\u00f5es da McLaren, o retorno de <strong>Gil de Ferran<\/strong> como um consultor n\u00e3o-executivo. A chegada do ex-piloto \u2014 e ex-diretor esportivo na pr\u00f3pria equipe \u2014 \u00e9, segundo o chefe, algo para vitaminar a lideran\u00e7a da equipe frente a tais dificuldades.<\/p>\n\n\n\n<p class=\"wp-block-paragraph\">&#8220;O processo de inova\u00e7\u00e3o e evolu\u00e7\u00e3o que come\u00e7amos na McLaren teve algumas prioridades que identificamos relativamente r\u00e1pido. Tinham a ver com \u00e1rea t\u00e9cnica, aerodin\u00e2mica, mas quando voc\u00ea come\u00e7a a analisar uma equipe de F\u00f3rmula 1, nota que se trata de uma entidade muito complexa&#8221;, afirmou.<\/p>\n\n\n\n<p class=\"wp-block-paragraph\">&#8220;Especialmente hoje em dia, em que eu diria que at\u00e9 os moldes regulat\u00f3rios se complicaram em rela\u00e7\u00e3o ao passado. As regras financeiras, por exemplo. Um elemento que quer\u00edamos tratar era ter capacidade o bastante ao n\u00edvel da lideran\u00e7a para avaliar todas as oportunidades poss\u00edveis&#8221;, seguiu.<\/p>\n\n\n\n<figure class=\"wp-block-image size-large\"><img decoding=\"async\" src=\"https:\/\/www.grandepremio.com\/br\/wp-content\/uploads\/2023\/03\/Largada-1024x576.jpg\" alt=\"\" class=\"wp-image-658716\"\/><figcaption>F\u00f3rmula 1 precisa de simplifica\u00e7\u00e3o? (Foto: Red Bull Content Pool)<\/figcaption><\/figure>\n\n\n\n<p class=\"wp-block-paragraph\">Para refor\u00e7ar o apontamento da necessidade de facilita\u00e7\u00e3o nas regras, Stella lembrou a dificuldade da FIA para inspecionar as justificativas financeiras das equipes quanto ao compliance junto \u00e0 regra do teto or\u00e7ament\u00e1rio. Os n\u00fameros de 2021, afinal, s\u00f3 foram finalizados em outubro de 2022.<\/p>\n\n\n\n<p class=\"wp-block-paragraph\">&#8220;\u00c9 muito complexo para todas as partes, para as equipes e at\u00e9 para a FIA. \u00c9 s\u00f3 notar quanto tempo demora para a FIA checar todas as declara\u00e7\u00f5es, tudo que \u00e9 submetido pelas equipes: leva meses, eles mesmos reconhecem. \u00c9 um fluxo de trabalho que todas as equipes dividem. A McLaren apoia uma simplifica\u00e7\u00e3o das regras pela FIA&#8221;, disse.<\/p>\n\n\n\n<p class=\"wp-block-paragraph\">No <strong><a href=\"https:\/\/www.grandepremio.com\/br\/f1\/noticias\/sergio-perez-cumpre-missao-evita-remontada-max-verstappen-vence-gp-da-arabia-saudita-formula-1\/\" class=\"ek-link\">GP da Ar\u00e1bia Saudita<\/a><\/strong>, realizado no \u00faltimo m\u00eas de mar\u00e7o, a <strong>Aston Martin<\/strong> conseguiu <strong><a href=\"https:\/\/www.grandepremio.com\/br\/f1\/noticias\/fia-volta-atras-reclamacao-aston-martin-devolve-podio-fernando-alonso-jeda\/\" class=\"ek-link\">cancelar uma puni\u00e7\u00e3o de 5s<\/a><\/strong> para <strong>Fernando Alonso<\/strong> ao atacar diretamente uma diretiva da pr\u00f3pria FIA. Na sequ\u00eancia, as cr\u00edticas a maneira como a implementa\u00e7\u00e3o das regras tem sido feito come\u00e7aram a disparar. Os pedidos de simplifica\u00e7\u00e3o, tamb\u00e9m.<\/p>\n\n\n\n<p class=\"wp-block-paragraph\">&#8220;\u00c9 uma dire\u00e7\u00e3o em que temos de ir, porque, no momento, [a complexidade] torna liderar e gerenciar equipes de F1 algo muito complicado. \u00c9 mais que era no passado, mas tamb\u00e9m \u00e9 mais complicado para a FIA&#8221;, finalizou.<\/p>\n\n\n\n<p class=\"wp-block-paragraph\">A F\u00f3rmula 1 retorna no fim de semana dos dias 19-21 de maio, em \u00cdmola, com o GP da Em\u00edlia-Romanha.<\/p>\n\n\n\n<figure class=\"wp-block-embed is-type-video is-provider-youtube wp-block-embed-youtube wp-embed-aspect-16-9 wp-has-aspect-ratio\"><div class=\"wp-block-embed__wrapper\">\n<iframe loading=\"lazy\" title=\"&quot;ALPINE NUNCA VAI TER SUCESSO NA F1 ENQUANTO FOR AL\u00c9RGICA A PLANOS&quot; | GP \u00e0s 10\" width=\"500\" height=\"281\" src=\"https:\/\/www.youtube.com\/embed\/1mYPnSp7FXw?feature=oembed\" frameborder=\"0\" allow=\"accelerometer; autoplay; clipboard-write; encrypted-media; gyroscope; picture-in-picture; web-share\" referrerpolicy=\"strict-origin-when-cross-origin\" allowfullscreen><\/iframe>\n<\/div><figcaption>&#8220;ALPINE NUNCA VAI TER SUCESSO NA F1 ENQUANTO FOR AL\u00c9RGICA A PLANOS&#8221; | GP \u00e0s 10<\/figcaption><\/figure>\n","protected":false},"excerpt":{"rendered":"<p>Andrea Stella, chefe da McLaren, argumentou que a F\u00f3rmula 1 se tornou complexa demais tanto para as equipes quanto para a averigua\u00e7\u00e3o da FIA<\/p>\n","protected":false},"author":0,"featured_media":1000645481,"comment_status":"closed","ping_status":"closed","sticky":false,"template":"","format":"standard","meta":{"42wp_featured_image_caption":"","42wp_featured_image_credits":"","42wp_featured_video":"","42wp_featured_image_hidden":false,"42wp_authors_list":[],"footnotes":""},"categories":[2],"tags":[7094,6533,103,30722,1491,30103,28285,90],"42wp_author":[47120],"class_list":["post-103057","post","type-post","status-publish","format-standard","has-post-thumbnail","hentry","category-f1","tag-andrea-stella","tag-f1-2023","tag-fia","tag-formula-1-2023","tag-grande-premio","tag-grande-premio-f1","tag-grandepremio","tag-mclaren","42wp_author-pedro-henrique-marum"],"_links":{"self":[{"href":"https:\/\/grandepremio.com\/br\/wp-json\/wp\/v2\/posts\/103057","targetHints":{"allow":["GET"]}}],"collection":[{"href":"https:\/\/grandepremio.com\/br\/wp-json\/wp\/v2\/posts"}],"about":[{"href":"https:\/\/grandepremio.com\/br\/wp-json\/wp\/v2\/types\/post"}],"replies":[{"embeddable":true,"href":"https:\/\/grandepremio.com\/br\/wp-json\/wp\/v2\/comments?post=103057"}],"version-history":[{"count":0,"href":"https:\/\/grandepremio.com\/br\/wp-json\/wp\/v2\/posts\/103057\/revisions"}],"wp:featuredmedia":[{"embeddable":true,"href":"https:\/\/grandepremio.com\/br\/wp-json\/wp\/v2\/media\/1000645481"}],"wp:attachment":[{"href":"https:\/\/grandepremio.com\/br\/wp-json\/wp\/v2\/media?parent=103057"}],"wp:term":[{"taxonomy":"category","embeddable":true,"href":"https:\/\/grandepremio.com\/br\/wp-json\/wp\/v2\/categories?post=103057"},{"taxonomy":"post_tag","embeddable":true,"href":"https:\/\/grandepremio.com\/br\/wp-json\/wp\/v2\/tags?post=103057"},{"taxonomy":"42wp_author","embeddable":true,"href":"https:\/\/grandepremio.com\/br\/wp-json\/wp\/v2\/42wp_author?post=103057"}],"curies":[{"name":"wp","href":"https:\/\/api.w.org\/{rel}","templated":true}]}}