{"id":103177,"date":"2023-05-11T15:00:00","date_gmt":"2023-05-11T18:00:00","guid":{"rendered":"https:\/\/grandepremio.com\/br\/noticias\/nyck-de-vries-sai-daniel-ricciardo-entra-marc-marquez-volta-motogp-wgp\/"},"modified":"2023-05-11T14:31:21","modified_gmt":"2023-05-11T17:31:21","slug":"nyck-de-vries-sai-daniel-ricciardo-entra-marc-marquez-volta-motogp-wgp","status":"publish","type":"post","link":"https:\/\/grandepremio.com\/br\/grande-premio\/nyck-de-vries-sai-daniel-ricciardo-entra-marc-marquez-volta-motogp-wgp\/","title":{"rendered":"De Vries sai, Ricciardo entra? + Marc M\u00e1rquez de volta na MotoGP | WGP"},"content":{"rendered":"\n<p class=\"wp-block-paragraph\">A temporada da <strong>F\u00f3rmula 1<\/strong> est\u00e1 ainda no in\u00edcio, mas <strong>Nyck De Vries<\/strong> j\u00e1 sente a press\u00e3o por correr dentro da estrutura da <strong>Red Bull<\/strong>. Al\u00e9m da falta de performance do piloto da <strong>AlphaTauri<\/strong>, a presen\u00e7a de <strong>Daniel Ricciardo <\/strong>como piloto de testes \u00e9 outro fator a ser considerado.<\/p>\n\n\n\n<p class=\"wp-block-paragraph\">Nesta quinta-feira, o <strong>WGP <\/strong>debateu o futuro do piloto da <strong>AlphaTauri<\/strong>, al\u00e9m de abordar a escolha de motores para 2026 e a atual situa\u00e7\u00e3o da <strong>Aston Martin<\/strong>.<\/p>\n\n\n\n<p class=\"wp-block-paragraph\">O programa abordou, tamb\u00e9m, o retorno de <strong>Marc M\u00e1rquez <\/strong>\u00e0 <strong>MotoGP <\/strong>e o hist\u00f3rico fim de semana do 1000\u00ba GP do <strong>Mundial de Motovelocidade<\/strong>.<\/p>\n\n\n\n<p class=\"wp-block-paragraph\">Estes s\u00e3o alguns dos temas do WGP desta quinta-feira (11). O programa tem apresenta\u00e7\u00e3o de Juliana Tesser e coment\u00e1rios de <strong>Luana Marino<\/strong>, <strong>Ana Paula Cerveira<\/strong> e <strong>Evelyn Guimar\u00e3es<\/strong>.<\/p>\n\n\n\n<p class=\"wp-block-paragraph\"><strong>ASSISTA!<\/strong><\/p>\n\n\n\n<figure class=\"wp-block-embed is-type-video is-provider-youtube wp-block-embed-youtube wp-embed-aspect-16-9 wp-has-aspect-ratio\"><div class=\"wp-block-embed__wrapper\">\n<iframe loading=\"lazy\" title=\"DE VRIES SAI, RICCIARDO ENTRA? MARC M\u00c1RQUEZ DE VOLTA NA MOTOGP | WGP\" width=\"500\" height=\"281\" src=\"https:\/\/www.youtube.com\/embed\/_pkLfZqqqNA?feature=oembed\" frameborder=\"0\" allow=\"accelerometer; autoplay; clipboard-write; encrypted-media; gyroscope; picture-in-picture; web-share\" referrerpolicy=\"strict-origin-when-cross-origin\" allowfullscreen><\/iframe>\n<\/div><\/figure>\n","protected":false},"excerpt":{"rendered":"<p>Apagadinho na temporada 2023, Nyck De Vries j\u00e1 come\u00e7a a ser amea\u00e7ado pela tradicional falta de paci\u00eancia da Red Bull. Com Daniel Ricciardo na reserva, o fantasma da substitui\u00e7\u00e3o j\u00e1 assombra o grid da F\u00f3rmula 1<\/p>\n","protected":false},"author":0,"featured_media":1000681921,"comment_status":"closed","ping_status":"closed","sticky":false,"template":"","format":"standard","meta":{"42wp_featured_image_caption":"","42wp_featured_image_credits":"","42wp_featured_video":"","42wp_featured_image_hidden":false,"42wp_authors_list":[],"footnotes":""},"categories":[4],"tags":[5214,896,147,6533,180,30722,33465,24979,28285,1208,2470,79,78,27538,33202,33200,33201,25819,29345,28766,33467,33203,26690],"42wp_author":[47113],"class_list":["post-103177","post","type-post","status-publish","format-standard","has-post-thumbnail","hentry","category-grande-premio","tag-classificacao-motogp","tag-estados-unidos","tag-f1","tag-f1-2023","tag-formula-1","tag-formula-1-2023","tag-formula-1-classificacao-2023","tag-franca","tag-grandepremio","tag-le-mans","tag-miami","tag-moto-gp","tag-motogp","tag-motogp-2023","tag-motogp-2023-calendario","tag-motogp-calendario-2023","tag-motogp-classificacao-2023","tag-motogp-hoje","tag-motogp-horario","tag-motogp-standings","tag-onde-assistir-f1-2023","tag-onde-assistir-motogp-2023","tag-pilotos-motogp","42wp_author-juliana-tesser"],"_links":{"self":[{"href":"https:\/\/grandepremio.com\/br\/wp-json\/wp\/v2\/posts\/103177","targetHints":{"allow":["GET"]}}],"collection":[{"href":"https:\/\/grandepremio.com\/br\/wp-json\/wp\/v2\/posts"}],"about":[{"href":"https:\/\/grandepremio.com\/br\/wp-json\/wp\/v2\/types\/post"}],"replies":[{"embeddable":true,"href":"https:\/\/grandepremio.com\/br\/wp-json\/wp\/v2\/comments?post=103177"}],"version-history":[{"count":0,"href":"https:\/\/grandepremio.com\/br\/wp-json\/wp\/v2\/posts\/103177\/revisions"}],"wp:featuredmedia":[{"embeddable":true,"href":"https:\/\/grandepremio.com\/br\/wp-json\/wp\/v2\/media\/1000681921"}],"wp:attachment":[{"href":"https:\/\/grandepremio.com\/br\/wp-json\/wp\/v2\/media?parent=103177"}],"wp:term":[{"taxonomy":"category","embeddable":true,"href":"https:\/\/grandepremio.com\/br\/wp-json\/wp\/v2\/categories?post=103177"},{"taxonomy":"post_tag","embeddable":true,"href":"https:\/\/grandepremio.com\/br\/wp-json\/wp\/v2\/tags?post=103177"},{"taxonomy":"42wp_author","embeddable":true,"href":"https:\/\/grandepremio.com\/br\/wp-json\/wp\/v2\/42wp_author?post=103177"}],"curies":[{"name":"wp","href":"https:\/\/api.w.org\/{rel}","templated":true}]}}