{"id":103200,"date":"2023-05-10T14:40:27","date_gmt":"2023-05-10T17:40:27","guid":{"rendered":"https:\/\/grandepremio.com\/br\/noticias\/tt-gp-pessima-pilotagem-formula-1-2023-rb19-melhor-carro-historia\/"},"modified":"2023-05-10T15:05:01","modified_gmt":"2023-05-10T18:05:01","slug":"tt-gp-pessima-pilotagem-formula-1-2023-rb19-melhor-carro-historia","status":"publish","type":"post","link":"https:\/\/grandepremio.com\/br\/f1\/tt-gp-pessima-pilotagem-formula-1-2023-rb19-melhor-carro-historia\/","title":{"rendered":"A p\u00e9ssima pilotagem na F1 2023 + RB19 \u00e9 melhor carro da hist\u00f3ria? | TT GP #94"},"content":{"rendered":"\n<p class=\"wp-block-paragraph\">A temporada 2023 da <strong><a href=\"https:\/\/www.grandepremio.com\/br\/f1\" class=\"ek-link\">F\u00f3rmula 1<\/a><\/strong> tem vistos muitos problemas causados pelos carros e pistas ou, na realidade, o que acontece \u00e9 uma epidemia de pilotagem abaixo da cr\u00edtica? Quantos pilotos est\u00e3o realmente atendendo \u00e0s expexctativas e ao n\u00edvel habitual que se deve ter no grid da F1? \u00c9 um dos debates de hoje no <strong>TT GP<\/strong>.<\/p>\n\n\n\n<p class=\"wp-block-paragraph\">Outra quest\u00e3o est\u00e1 no carro que manda no campeonato: o <strong>RB19<\/strong>, da <strong>Red Bull<\/strong>. Ap\u00f3s cinco vit\u00f3rias e quatro dobradinhas em cinco corridas na temporada, a m\u00e1quina taurina come\u00e7a a dialogar com as maiores de todos os tempos. Em qual lugar est\u00e1?<\/p>\n\n\n\n<p class=\"wp-block-paragraph\"><strong>\u25b6\ufe0f\u00a0Inscreva-se nos dois canais do GRANDE PR\u00caMIO no YouTube:\u00a0<a href=\"https:\/\/www.youtube.com\/channel\/UC9OlHEgxoaY6QY6nWPoiqQg?sub_confirmation=1\" target=\"_blank\" rel=\"noreferrer noopener\">GP<\/a>\u00a0|\u00a0<a href=\"https:\/\/www.youtube.com\/channel\/UC9csiS6q_C3C0FYhyr1rnFA?sub_confirmation=1\" target=\"_blank\" rel=\"noreferrer noopener\">GP2<\/a><\/strong><br><strong>\u25b6\ufe0f\u00a0<a href=\"https:\/\/www.twitch.tv\/grandepremio\" target=\"_blank\" rel=\"noreferrer noopener\">Conhe\u00e7a o canal do GRANDE PR\u00caMIO na Twitch clicando aqui!<\/a><\/strong><\/p>\n\n\n\n<p class=\"wp-block-paragraph\">O TT GP ainda aborda a novidade do notici\u00e1rio: de aproxima\u00e7\u00e3o entre Honda e Aston Martin, algo que j\u00e1 tinha sido tratado por interesse h\u00e1 algumas semanas.<\/p>\n\n\n\n<p class=\"wp-block-paragraph\"><strong>Pedro Henrique Marum<\/strong> apresenta o TT GP e conta com os coment\u00e1rios de <strong>Jo\u00e3o Pedro Nascimento<\/strong> e <strong>Guilherme Bloisi<\/strong>, al\u00e9m da produ\u00e7\u00e3o de <strong>Rodrigo Berton<\/strong>.<\/p>\n\n\n\n<figure class=\"wp-block-embed is-type-video is-provider-youtube wp-block-embed-youtube wp-embed-aspect-16-9 wp-has-aspect-ratio\"><div class=\"wp-block-embed__wrapper\">\n<iframe loading=\"lazy\" title=\"A P\u00c9SSIMA PILOTAGEM DA F1 2023 + RB19 \u00c9 MELHOR CARRO DA HIST\u00d3RIA? | TT GP #95\" width=\"500\" height=\"281\" src=\"https:\/\/www.youtube.com\/embed\/CP46FPyVR48?feature=oembed\" frameborder=\"0\" allow=\"accelerometer; autoplay; clipboard-write; encrypted-media; gyroscope; picture-in-picture; web-share\" referrerpolicy=\"strict-origin-when-cross-origin\" allowfullscreen><\/iframe>\n<\/div><\/figure>\n","protected":false},"excerpt":{"rendered":"<p>Edi\u00e7\u00e3o #94 do TT GP trata dos problemas de pilotagem no grid da F\u00f3rmula 1 2023, mas tamb\u00e9m fala do namoro entre Honda e Aston Martin e na for\u00e7a hist\u00f3rica do RB19<\/p>\n","protected":false},"author":0,"featured_media":1000681593,"comment_status":"closed","ping_status":"closed","sticky":false,"template":"","format":"standard","meta":{"42wp_featured_image_caption":"","42wp_featured_image_credits":"","42wp_featured_video":"","42wp_featured_image_hidden":false,"42wp_authors_list":[],"footnotes":""},"categories":[2],"tags":[309,6533,30722,1491,30103,28285,1541,130,30267,1556,570,33169,204,1296,27402],"42wp_author":[47120],"class_list":["post-103200","post","type-post","status-publish","format-standard","has-post-thumbnail","hentry","category-f1","tag-aston-martin","tag-f1-2023","tag-formula-1-2023","tag-grande-premio","tag-grande-premio-f1","tag-grandepremio","tag-guilherme-bloisi","tag-honda","tag-joao-pedro-nascimento","tag-nyck-de-vries","tag-pedro-henrique-marum","tag-rb19","tag-red-bull","tag-rodrigo-berton","tag-tt-gp","42wp_author-pedro-henrique-marum"],"_links":{"self":[{"href":"https:\/\/grandepremio.com\/br\/wp-json\/wp\/v2\/posts\/103200","targetHints":{"allow":["GET"]}}],"collection":[{"href":"https:\/\/grandepremio.com\/br\/wp-json\/wp\/v2\/posts"}],"about":[{"href":"https:\/\/grandepremio.com\/br\/wp-json\/wp\/v2\/types\/post"}],"replies":[{"embeddable":true,"href":"https:\/\/grandepremio.com\/br\/wp-json\/wp\/v2\/comments?post=103200"}],"version-history":[{"count":0,"href":"https:\/\/grandepremio.com\/br\/wp-json\/wp\/v2\/posts\/103200\/revisions"}],"wp:featuredmedia":[{"embeddable":true,"href":"https:\/\/grandepremio.com\/br\/wp-json\/wp\/v2\/media\/1000681593"}],"wp:attachment":[{"href":"https:\/\/grandepremio.com\/br\/wp-json\/wp\/v2\/media?parent=103200"}],"wp:term":[{"taxonomy":"category","embeddable":true,"href":"https:\/\/grandepremio.com\/br\/wp-json\/wp\/v2\/categories?post=103200"},{"taxonomy":"post_tag","embeddable":true,"href":"https:\/\/grandepremio.com\/br\/wp-json\/wp\/v2\/tags?post=103200"},{"taxonomy":"42wp_author","embeddable":true,"href":"https:\/\/grandepremio.com\/br\/wp-json\/wp\/v2\/42wp_author?post=103200"}],"curies":[{"name":"wp","href":"https:\/\/api.w.org\/{rel}","templated":true}]}}