{"id":103224,"date":"2023-05-09T13:00:00","date_gmt":"2023-05-09T16:00:00","guid":{"rendered":"https:\/\/grandepremio.com\/br\/noticias\/gabriel-curty-diz-max-verstappen-teve-miami-melhor-vitoria-ultima-semana\/"},"modified":"2023-05-09T09:42:43","modified_gmt":"2023-05-09T12:42:43","slug":"gabriel-curty-diz-max-verstappen-teve-miami-melhor-vitoria-ultima-semana","status":"publish","type":"post","link":"https:\/\/grandepremio.com\/br\/f1\/gabriel-curty-diz-max-verstappen-teve-miami-melhor-vitoria-ultima-semana\/","title":{"rendered":"Gabriel Curty diz que Verstappen teve em Miami &#8220;melhor vit\u00f3ria da \u00faltima semana&#8221;"},"content":{"rendered":"\n<p class=\"wp-block-paragraph\">A vit\u00f3ria dominante de Max Verstappen no GP de Miami do \u00faltimo domingo foi a mais importante de sua carreira? No Paddock GP #328, Gabriel Curty lista outras, mas p\u00f5e, de fato, a etapa americana como &#8220;a melhor dos \u00faltimos tempos da \u00faltima semana&#8221;.<\/p>\n\n\n\n<p class=\"wp-block-paragraph\"><strong>Confira o trecho completo abaixo:<\/strong><\/p>\n\n\n\n<figure class=\"wp-block-embed is-type-rich is-provider-incorporar-manipulador wp-block-embed-incorporar-manipulador wp-embed-aspect-16-9 wp-has-aspect-ratio\"><div class=\"wp-block-embed__wrapper\">\nhttps:\/\/www.youtube.com\/watch?v=-YLpLILPc0g?t=544\n<\/div><\/figure>\n","protected":false},"excerpt":{"rendered":"<p>No Paddock GP #328, Gabriel Curty lista outras, mas p\u00f5e, de fato, a etapa americana como &#8220;a melhor dos \u00faltimos tempos da \u00faltima semana&#8221;<\/p>\n","protected":false},"author":0,"featured_media":1000680894,"comment_status":"closed","ping_status":"closed","sticky":false,"template":"","format":"standard","meta":{"42wp_featured_image_caption":"","42wp_featured_image_credits":"","42wp_featured_video":"","42wp_featured_image_hidden":false,"42wp_authors_list":[],"footnotes":""},"categories":[2],"tags":[2154,6533,207,180,30722,1492,230,873,34737,1491,30103,28285,82,2470,1537,27357,204,31447,486],"42wp_author":[47139],"class_list":["post-103224","post","type-post","status-publish","format-standard","has-post-thumbnail","hentry","category-f1","tag-evelyn-guimaraes","tag-f1-2023","tag-ferrari","tag-formula-1","tag-formula-1-2023","tag-gabriel-carvalho","tag-gabriel-curty","tag-gp-de-miami","tag-gp-de-miami-f1","tag-grande-premio","tag-grande-premio-f1","tag-grandepremio","tag-mercedes","tag-miami","tag-paddock-gp","tag-programas-grande-premio","tag-red-bull","tag-temporada-2023-f1","tag-victor-martins","42wp_author-ana-cerveira"],"_links":{"self":[{"href":"https:\/\/grandepremio.com\/br\/wp-json\/wp\/v2\/posts\/103224","targetHints":{"allow":["GET"]}}],"collection":[{"href":"https:\/\/grandepremio.com\/br\/wp-json\/wp\/v2\/posts"}],"about":[{"href":"https:\/\/grandepremio.com\/br\/wp-json\/wp\/v2\/types\/post"}],"replies":[{"embeddable":true,"href":"https:\/\/grandepremio.com\/br\/wp-json\/wp\/v2\/comments?post=103224"}],"version-history":[{"count":0,"href":"https:\/\/grandepremio.com\/br\/wp-json\/wp\/v2\/posts\/103224\/revisions"}],"wp:featuredmedia":[{"embeddable":true,"href":"https:\/\/grandepremio.com\/br\/wp-json\/wp\/v2\/media\/1000680894"}],"wp:attachment":[{"href":"https:\/\/grandepremio.com\/br\/wp-json\/wp\/v2\/media?parent=103224"}],"wp:term":[{"taxonomy":"category","embeddable":true,"href":"https:\/\/grandepremio.com\/br\/wp-json\/wp\/v2\/categories?post=103224"},{"taxonomy":"post_tag","embeddable":true,"href":"https:\/\/grandepremio.com\/br\/wp-json\/wp\/v2\/tags?post=103224"},{"taxonomy":"42wp_author","embeddable":true,"href":"https:\/\/grandepremio.com\/br\/wp-json\/wp\/v2\/42wp_author?post=103224"}],"curies":[{"name":"wp","href":"https:\/\/api.w.org\/{rel}","templated":true}]}}