{"id":103251,"date":"2023-05-08T13:38:10","date_gmt":"2023-05-08T16:38:10","guid":{"rendered":"https:\/\/grandepremio.com\/br\/noticias\/haas-ve-comeco-ano-positivo-destaca-decimo-magnussen-miami-cada-ponto-conta\/"},"modified":"2023-05-08T13:39:19","modified_gmt":"2023-05-08T16:39:19","slug":"haas-ve-comeco-ano-positivo-destaca-decimo-magnussen-miami-cada-ponto-conta","status":"publish","type":"post","link":"https:\/\/grandepremio.com\/br\/f1\/haas-ve-comeco-ano-positivo-destaca-decimo-magnussen-miami-cada-ponto-conta\/","title":{"rendered":"Haas v\u00ea come\u00e7o de ano positivo e destaca 10\u00ba de Magnussen em Miami: &#8220;Cada ponto conta&#8221;"},"content":{"rendered":"\n<p class=\"wp-block-paragraph\">A <strong>Haas <\/strong>conquistou no<strong> GP de Miami<\/strong>, realizado neste domingo (7), mais um ponto para o <strong>Mundial de Construtores<\/strong> com <strong>Kevin Magnussen<\/strong>. O piloto dinamarqu\u00eas largou em quarto e teve dificuldades para acompanhar o ritmo dos concorrentes \u2014 principalmente de <strong>Red Bull, Aston Martin, Ferrari e Mercedes<\/strong> \u2014, mas <a href=\"https:\/\/www.grandepremio.com\/br\/f1\/noticias\/max-verstappen-trucida-sergio-perez-estrategia-vence-gp-miami-formula-1\/\" class=\"ek-link\">mesmo assim conseguiu terminar em 10\u00ba<\/a>, \u00e0 frente de <strong>Yuki Tsunoda<\/strong>, da <strong>AlphaTauri<\/strong>.<\/p>\n\n\n\n<p class=\"wp-block-paragraph\">Embora a escuderia americana esteja pontuando no ritmo de &#8220;conta gotas&#8221;, o chefe da equipe, <strong>Guenther Steiner<\/strong>, fez uma avalia\u00e7\u00e3o positiva das cinco primeiras etapas da temporada 2023. Segundo ele, os carros da Haas t\u00eam se posicionado pr\u00f3ximos das grandes equipes e a qualquer momento podem alcan\u00e7ar resultados melhores.<\/p>\n\n\n\n<p class=\"wp-block-paragraph\">\u201cMarcamos pontos novamente. \u00c9 a terceira vez em cinco neste ano, e isso \u00e9 bom, mas temos uma concorr\u00eancia forte l\u00e1 fora. Estamos l\u00e1 [na zona de pontua\u00e7\u00e3o] ou perto disso e se nada acontecer na frente, ent\u00e3o estamos lutando pelos \u00faltimos pontos que sobram, e os conquistamos neste fim de semana depois de uma classifica\u00e7\u00e3o muito boa&#8221;, disse Steiner.<\/p>\n\n\n\n<p class=\"wp-block-paragraph\"><strong>\u25b6\ufe0f\u00a0Inscreva-se nos dois canais do GRANDE PR\u00caMIO no YouTube:\u00a0<a href=\"https:\/\/www.youtube.com\/channel\/UC9OlHEgxoaY6QY6nWPoiqQg?sub_confirmation=1\" target=\"_blank\" rel=\"noreferrer noopener\">GP<\/a>\u00a0|\u00a0<a href=\"https:\/\/www.youtube.com\/channel\/UC9csiS6q_C3C0FYhyr1rnFA?sub_confirmation=1\" target=\"_blank\" rel=\"noreferrer noopener\">GP2<\/a><\/strong><br><strong>\u25b6\ufe0f\u00a0<a href=\"https:\/\/www.twitch.tv\/grandepremio\" target=\"_blank\" rel=\"noreferrer noopener\">Conhe\u00e7a o canal do GRANDE PR\u00caMIO na Twitch clicando aqui!<\/a><\/strong><\/p>\n\n\n\n<figure class=\"wp-block-image size-large\"><img decoding=\"async\" src=\"https:\/\/www.grandepremio.com\/br\/wp-content\/uploads\/2023\/05\/f1-2023-miami-treinos-livres-haas-kevinmagnussen-03-1-1024x683.jpg\" alt=\"\" class=\"wp-image-680536\"\/><figcaption>Kevin Magnussen conquistou um ponto para a Haas no GP de Miami (Foto: Haas F1 Team)<\/figcaption><\/figure>\n\n\n\n<p class=\"wp-block-paragraph\">&#8220;Come\u00e7amos a corrida muito bem. No meio [da corrida], ca\u00edmos um pouco para tr\u00e1s, mas levamos um ponto para casa. Em resumo, ainda \u00e9 positivo. \u00c9 dif\u00edcil e cada ponto conta neste ano, e precisamos estar por perto quando h\u00e1 grandes pontos a serem disputados. Acho que estamos sempre por perto, ent\u00e3o esse dia chegar\u00e1, mas tiramos algo de nossa primeira corrida em casa&#8221;, completou.<\/p>\n\n\n\n<p class=\"wp-block-paragraph\">Apesar de Magnussen ter terminado na zona de pontua\u00e7\u00e3o, o resultado de <strong>Nico H\u00fclkenberg<\/strong> foi decepcionante. O alem\u00e3o largou em 12\u00ba, chegou a ficar v\u00e1rias voltas no top-10, mas fechou em 15\u00ba, sendo ultrapassado por alguns dos seus principais advers\u00e1rios.<\/p>\n\n\n\n<p class=\"wp-block-paragraph\">Com os resultados em <strong>Miami<\/strong>, <a href=\"https:\/\/www.grandepremio.com\/br\/f1\/classificacao\/\" class=\"ek-link\">a Haas se manteve na s\u00e9tima posi\u00e7\u00e3o do <strong>Mundial de Construtores<\/strong><\/a> com oito pontos. A luta \u00e9 pela quinta for\u00e7a com <strong>McLaren<\/strong> e <strong>Alpine<\/strong>, sendo que a diferen\u00e7a para ambas \u00e9 de seis pontos. Por sua vez, no <strong>Mundial de Pilotos<\/strong>, <a href=\"https:\/\/www.grandepremio.com\/br\/f1\/classificacao\/\" class=\"ek-link\">Magnussen \u00e9 o 17\u00ba com dois e H\u00fclkenberg, o 11\u00ba com seis<\/a>.<\/p>\n\n\n\n<p class=\"wp-block-paragraph\">A F\u00f3rmula 1 retorna no pr\u00f3ximo dia 21 com o <strong>GP da Em\u00edlia-Romanha<\/strong>, no circuito de <strong>\u00cdmola<\/strong>, na <strong>It\u00e1lia<\/strong>. A prova ter\u00e1 cobertura completa do <strong>GRANDE PR\u00caMIO<\/strong>.<\/p>\n","protected":false},"excerpt":{"rendered":"<p>Chefe da Haas, Guenther Steiner, valorizou a regularidade dos seus pilotos na zona de pontua\u00e7\u00e3o e disse que a qualquer momento a equipe pode conquistar um grande resultado<\/p>\n","protected":false},"author":0,"featured_media":1000681074,"comment_status":"closed","ping_status":"closed","sticky":false,"template":"","format":"standard","meta":{"42wp_featured_image_caption":"","42wp_featured_image_credits":"","42wp_featured_video":"","42wp_featured_image_hidden":false,"42wp_authors_list":[],"footnotes":""},"categories":[2],"tags":[5660,147,6533,180,30722,873,32594,1491,28285,1490,119,13814,117,15373,1117,1645,1521,7048],"42wp_author":[47153],"class_list":["post-103251","post","type-post","status-publish","format-standard","has-post-thumbnail","hentry","category-f1","tag-classificacao","tag-f1","tag-f1-2023","tag-formula-1","tag-formula-1-2023","tag-gp-de-miami","tag-gp-de-miami-2023","tag-grande-premio","tag-grandepremio","tag-guenther-steiner","tag-haas","tag-hulkenberg","tag-kevin-magnussen","tag-magnussen","tag-mundial-de-construtores","tag-mundial-de-pilotos","tag-nico-hulkenberg","tag-steiner","42wp_author-gabriel-pitor"],"_links":{"self":[{"href":"https:\/\/grandepremio.com\/br\/wp-json\/wp\/v2\/posts\/103251","targetHints":{"allow":["GET"]}}],"collection":[{"href":"https:\/\/grandepremio.com\/br\/wp-json\/wp\/v2\/posts"}],"about":[{"href":"https:\/\/grandepremio.com\/br\/wp-json\/wp\/v2\/types\/post"}],"replies":[{"embeddable":true,"href":"https:\/\/grandepremio.com\/br\/wp-json\/wp\/v2\/comments?post=103251"}],"version-history":[{"count":0,"href":"https:\/\/grandepremio.com\/br\/wp-json\/wp\/v2\/posts\/103251\/revisions"}],"wp:featuredmedia":[{"embeddable":true,"href":"https:\/\/grandepremio.com\/br\/wp-json\/wp\/v2\/media\/1000681074"}],"wp:attachment":[{"href":"https:\/\/grandepremio.com\/br\/wp-json\/wp\/v2\/media?parent=103251"}],"wp:term":[{"taxonomy":"category","embeddable":true,"href":"https:\/\/grandepremio.com\/br\/wp-json\/wp\/v2\/categories?post=103251"},{"taxonomy":"post_tag","embeddable":true,"href":"https:\/\/grandepremio.com\/br\/wp-json\/wp\/v2\/tags?post=103251"},{"taxonomy":"42wp_author","embeddable":true,"href":"https:\/\/grandepremio.com\/br\/wp-json\/wp\/v2\/42wp_author?post=103251"}],"curies":[{"name":"wp","href":"https:\/\/api.w.org\/{rel}","templated":true}]}}