{"id":103275,"date":"2023-05-07T22:52:17","date_gmt":"2023-05-08T01:52:17","guid":{"rendered":"https:\/\/grandepremio.com\/br\/noticias\/confira-declaracoes-dos-pilotos-apos-gp-de-miami-de-formula-1-2023\/"},"modified":"2023-05-07T23:20:04","modified_gmt":"2023-05-08T02:20:04","slug":"confira-declaracoes-dos-pilotos-apos-gp-de-miami-de-formula-1-2023","status":"publish","type":"post","link":"https:\/\/grandepremio.com\/br\/f1\/confira-declaracoes-dos-pilotos-apos-gp-de-miami-de-formula-1-2023\/","title":{"rendered":"Confira declara\u00e7\u00f5es dos pilotos ap\u00f3s GP de Miami de F\u00f3rmula 1 2023"},"content":{"rendered":"\n<figure class=\"wp-block-embed is-type-video is-provider-youtube wp-block-embed-youtube wp-embed-aspect-16-9 wp-has-aspect-ratio\"><div class=\"wp-block-embed__wrapper\">\n<iframe loading=\"lazy\" title=\"F1 2023 EM MIAMI: VERSTAPPEN VENCE, P\u00c9REZ 2\u00ba: TUDO NO GRANDE PR\u00caMIO | Briefing\" width=\"500\" height=\"281\" src=\"https:\/\/www.youtube.com\/embed\/Ri55Ut9Dppg?feature=oembed\" frameborder=\"0\" allow=\"accelerometer; autoplay; clipboard-write; encrypted-media; gyroscope; picture-in-picture; web-share\" referrerpolicy=\"strict-origin-when-cross-origin\" allowfullscreen><\/iframe>\n<\/div><\/figure>\n\n\n\n<p class=\"wp-block-paragraph\">A <strong>F\u00f3rmula 1<\/strong> <a href=\"https:\/\/www.grandepremio.com\/br\/f1\/noticias\/max-verstappen-trucida-sergio-perez-estrategia-vence-gp-miami-formula-1\/\" target=\"_blank\" aria-label=\"realizou sua quinta etapa da temporada 2023 neste domingo (7) (opens in a new tab)\" rel=\"noreferrer noopener\" class=\"ek-link\">realizou sua quinta etapa da temporada 2023 neste domingo (7)<\/a>, com o <strong>GP de Miami<\/strong>, e <strong>Max Verstappen<\/strong> venceu pela terceira vez no ano em uma corrida at\u00edpica para o bicampe\u00e3o: largando em nono, precisou ganhar v\u00e1rias posi\u00e7\u00f5es at\u00e9 desafiar <strong>Sergio P\u00e9rez<\/strong> pela ponta. O mexicano da <strong>Red Bull <\/strong>terminou logo atr\u00e1s, completando o quarto 1-2 dos taurinos em cinco provas na temporada. Avassalador.<\/p>\n\n\n\n<p class=\"wp-block-paragraph\"><strong>Fernando<\/strong> <strong>Alonso<\/strong> voltou ao p\u00f3dio ap\u00f3s o GP do Azerbaij\u00e3o \u2014 seu primeiro fora do top-3 \u2014, na terceira coloca\u00e7\u00e3o, enquanto <strong>George Russell<\/strong> terminou em quarto e <strong>Carlos Sainz<\/strong> perdeu duas posi\u00e7\u00f5es em rela\u00e7\u00e3o ao grid de largada, finalizando em quinto. <strong>Lewis Hamilton<\/strong> foi o sexto, ap\u00f3s largar em 13\u00ba e ganhar sete posi\u00e7\u00f5es, e <strong>Charles Leclerc<\/strong> terminou em s\u00e9timo \u2014 mesma posi\u00e7\u00e3o em que largou.<\/p>\n\n\n\n<p class=\"wp-block-paragraph\"><strong>Pierre Gasly<\/strong> foi o oitavo, uma coloca\u00e7\u00e3o \u00e0 frente de seu companheiro de equipe <strong>Esteban Ocon<\/strong>, enquanto <strong>Kevin Magnussen<\/strong> fechou o top-10 ap\u00f3s largar em quarto com a <strong>Haas<\/strong>.<\/p>\n\n\n\n<p class=\"wp-block-paragraph\">A pr\u00f3xima parada da\u00a0<a href=\"https:\/\/www.grandepremio.com\/f1\/\" target=\"_blank\" aria-label=\" (opens in a new tab)\" rel=\"noreferrer noopener\" class=\"ek-link\">F\u00f3rmula 1<\/a>\u00a0acontece entre os dias\u00a0<strong>19<\/strong>\u00a0e\u00a0<strong>21 de maio<\/strong>, com o\u00a0<strong>GP da Em\u00edlia-Romanha<\/strong>, e o\u00a0<strong>GRANDE<\/strong>\u00a0<strong>PR\u00caMIO<\/strong>\u00a0faz a cobertura completa do evento.<\/p>\n\n\n\n<p class=\"wp-block-paragraph\"><strong>\u25b6\ufe0f\u00a0<a href=\"https:\/\/www.twitch.tv\/grandepremio\" target=\"_blank\" rel=\"noreferrer noopener\">Conhe\u00e7a o canal do GRANDE PR\u00caMIO na Twitch clicando aqui!<\/a><\/strong><\/p>\n\n\n\n<p class=\"wp-block-paragraph\"><strong>\u25b6\ufe0f\u00a0Inscreva-se nos dois canais do GRANDE PR\u00caMIO no YouTube:\u00a0<a href=\"https:\/\/www.youtube.com\/channel\/UC9OlHEgxoaY6QY6nWPoiqQg?sub_confirmation=1\" target=\"_blank\" rel=\"noreferrer noopener\">GP<\/a>\u00a0|\u00a0<a href=\"https:\/\/www.youtube.com\/channel\/UC9csiS6q_C3C0FYhyr1rnFA?sub_confirmation=1\" target=\"_blank\" rel=\"noreferrer noopener\">GP2<\/a><\/strong><\/p>\n\n\n\n<figure class=\"wp-block-image size-large\"><img decoding=\"async\" src=\"https:\/\/www.grandepremio.com\/br\/wp-content\/uploads\/2023\/05\/f1-2023-miami-treinos-livres-redbull-sergioperez-06-1024x568.jpg\" alt=\"\" class=\"wp-image-680560\"\/><figcaption>P\u00e9rez largou na pole, mas n\u00e3o foi o suficiente para impedir a terceira vit\u00f3ria de Verstappen em 2023 (Foto: Red Bull Content Pool)<\/figcaption><\/figure>\n\n\n\n<p class=\"wp-block-paragraph\"><strong>Confira todas as declara\u00e7\u00f5es dos pilotos ap\u00f3s o GP de Miami de 2023:<\/strong><\/p>\n\n\n\n<p class=\"wp-block-paragraph\"><strong>Max Verstappen, primeiro: <\/strong><a href=\"https:\/\/www.grandepremio.com\/br\/f1\/noticias\/max-verstappen-vibra-apos-vitoria-em-miami-e-reconhece-estrategia-fez-a-diferenca\/\" target=\"_blank\" aria-label=\" (opens in a new tab)\" rel=\"noreferrer noopener\" class=\"ek-link\">Verstappen vibra ap\u00f3s vit\u00f3ria em Miami e reconhece: \u201cEstrat\u00e9gia fez a diferen\u00e7a\u201d<\/a><\/p>\n\n\n\n<p class=\"wp-block-paragraph\"><strong>Sergio P\u00e9rez, segundo: <\/strong><a href=\"https:\/\/www.grandepremio.com\/br\/f1\/noticias\/sergio-perez-reconhece-superioridade-max-verstappen-miami-ritmo-pessimo-pneus-medios\/\" target=\"_blank\" aria-label=\" (opens in a new tab)\" rel=\"noreferrer noopener\" class=\"ek-link\">P\u00e9rez reconhece superioridade de Verstappen em Miami e \u201critmo p\u00e9ssimo de pneus m\u00e9dios\u201d<\/a><\/p>\n\n\n\n<p class=\"wp-block-paragraph\"><strong>Fernando Alonso, terceiro: <\/strong><a href=\"https:\/\/www.grandepremio.com\/br\/f1\/noticias\/fernando-alonso-celebra-podio-miami-cutuca-ferrari-esperavamos-oposicao-mais-forte\/\" target=\"_blank\" aria-label=\" (opens in a new tab)\" rel=\"noreferrer noopener\" class=\"ek-link\">Alonso celebra p\u00f3dio em Miami e cutuca Ferrari: \u201cEsper\u00e1vamos oposi\u00e7\u00e3o mais forte\u201d<\/a><\/p>\n\n\n\n<p class=\"wp-block-paragraph\"><strong>George Russell, quarto: <\/strong><a href=\"https:\/\/www.grandepremio.com\/br\/f1\/noticias\/russell-destaca-ritmo-forte-em-miami-mas-admite-que-w14-ainda-e-imprevisivel\/\" class=\"ek-link\">Russell destaca ritmo forte em Miami, mas admite que W14 \u201cainda \u00e9 imprevis\u00edvel\u201d<\/a><\/p>\n\n\n\n<p class=\"wp-block-paragraph\"><strong>Carlos Sainz, quinto: <\/strong><a href=\"https:\/\/www.grandepremio.com\/br\/f1\/noticias\/carlos-sainz-perdido-falta-de-ritmo-pneus-duros-miami-carro-inconsistente\/\" target=\"_blank\" aria-label=\" (opens in a new tab)\" rel=\"noreferrer noopener\" class=\"ek-link\">Sainz fica perdido com falta de ritmo de pneus duros em Miami: \u201cCarro inconsistente\u201d<\/a><\/p>\n\n\n\n<p class=\"wp-block-paragraph\"><strong>Lewis Hamilton, sexto: <\/strong><a href=\"https:\/\/www.grandepremio.com\/br\/f1\/noticias\/lewis-hamilton-celebra-corrida-de-recuperacao-miami-bom-ter-uma-batalha\/\" target=\"_blank\" aria-label=\" (opens in a new tab)\" rel=\"noreferrer noopener\" class=\"ek-link\">Hamilton celebra corrida de recupera\u00e7\u00e3o em Miami: \u201cBom ter uma batalha\u201d<\/a><\/p>\n\n\n\n<p class=\"wp-block-paragraph\"><strong>Charles Leclerc, s\u00e9timo: <\/strong><a href=\"https:\/\/www.grandepremio.com\/br\/f1\/noticias\/charles-leclerc-critica-ritmo-corrida-ferrari-7o-miami-sofremos-como-loucos\/\" target=\"_blank\" aria-label=\" (opens in a new tab)\" rel=\"noreferrer noopener\" class=\"ek-link\">Leclerc critica ritmo de corrida da Ferrari ap\u00f3s ser 7\u00ba em Miami: \u201cSofremos como loucos\u201d<\/a><\/p>\n\n\n\n<p class=\"wp-block-paragraph\"><strong>Pierre Gasly, oitavo: <\/strong><a href=\"https:\/\/www.grandepremio.com\/br\/f1\/noticias\/esteban-ocon-festeja-pontuacao-dupla-pierre-gasly-alpine-5a-melhor-equipe-miami\/\" target=\"_blank\" aria-label=\" (opens in a new tab)\" rel=\"noreferrer noopener\" class=\"ek-link\">Gasly v\u00ea Alpine como &#8220;5\u00aa melhor equipe&#8221; no GP de Miami<\/a><\/p>\n\n\n\n<p class=\"wp-block-paragraph\"><strong>Esteban Ocon, nono: <\/strong><a href=\"https:\/\/www.grandepremio.com\/br\/f1\/noticias\/esteban-ocon-festeja-pontuacao-dupla-pierre-gasly-alpine-5a-melhor-equipe-miami\/\" target=\"_blank\" aria-label=\" (opens in a new tab)\" rel=\"noreferrer noopener\" class=\"ek-link\">Ocon festeja pontua\u00e7\u00e3o dupla da Alpine em Miami: &#8220;Acertamos a estrat\u00e9gia&#8221;<\/a><\/p>\n\n\n\n<p class=\"wp-block-paragraph\"><strong>Kevin Magnussen, d\u00e9cimo: <\/strong><a href=\"https:\/\/www.grandepremio.com\/br\/f1\/noticias\/kevin-magnussen-celebra-ponto-corrida-dificil-admite-sonhava-com-um-pouco-mais\/\" target=\"_blank\" aria-label=\" (opens in a new tab)\" rel=\"noreferrer noopener\" class=\"ek-link\">Magnussen celebra ponto em \u201ccorrida dif\u00edcil\u201d, mas admite: \u201cSonhava com um pouco mais\u201d<\/a><\/p>\n\n\n\n<figure class=\"wp-block-image size-large\"><img decoding=\"async\" src=\"https:\/\/www.grandepremio.com\/br\/wp-content\/uploads\/2023\/05\/f1-2023-miami-treinos-livres-astonmartin-fernandoalonso-afp-01-3-1024x683.jpg\" alt=\"\" class=\"wp-image-680624\"\/><figcaption>Depois da primeira corrida sem p\u00f3dio em 2023, no Azerbaij\u00e3o, Alonso voltou ao top-3 em Miami (Foto: AFP)<\/figcaption><\/figure>\n\n\n\n<p class=\"wp-block-paragraph\"><strong>Yuki Tsunoda, 11\u00ba: <\/strong>\u201cFoi uma boa corrida, uma boa recupera\u00e7\u00e3o minha e da equipe. Acho que consegui tirar m\u00e1ximo proveito do carro. Foi uma pena ter pontuado, dei o meu melhor, mas estou feliz com o meu desempenho. Foi uma corrida mentalmente dif\u00edcil; n\u00e3o havia muita folga, porque sempre tinha algu\u00e9m \u00e0 minha frente ou atr\u00e1s de mim. N\u00e3o esperava por um ritmo de corrida t\u00e3o alto, mas \u00e9 encorajador para as pr\u00f3ximas etapas. Eu me senti confiante nas freadas, por isso consegui muitas ultrapassagens. Teremos algumas novidades em \u00cdmola, esperamos que funcionem bem e que nos permitam somar pontos de forma consistente.&#8221;<\/p>\n\n\n\n<p class=\"wp-block-paragraph\"><strong>Lance Stroll, 12\u00ba: <\/strong>&#8220;Foi uma corrida dif\u00edcil hoje, foi dif\u00edcil fazer muito progresso depois de largar em 18\u00ba. O carro pareceu bom, mas fiquei preso no trem de DRS, com muito tr\u00e1fego ao meu redor. Optamos por um longo stint com pneus duros, e consegui gerenci\u00e1-los bem. Ent\u00e3o, foi apenas o caso de decidir quando parar, para garantirmos que haveria voltas restantes para maximizarmos o ritmo com pneus m\u00e9dios. Consegui uma ultrapassagem divertida sobre Albon na curva 1, mas, analisando agora, poder\u00edamos ter parado algumas voltas antes para tentar ca\u00e7ar a d\u00e9cima posi\u00e7\u00e3o. Foi um fim de semana para aprender, o que faremos, e estou ansioso para voltar \u00e0 pista em \u00cdmola.&#8221;<\/p>\n\n\n\n<p class=\"wp-block-paragraph\"><strong>Valtteri Bottas, 13\u00ba: <\/strong>&#8220;H\u00e1 alguns pontos positivos a serem tirados deste fim de semana, ainda que tenhamos muito trabalho a fazer para brigar no top-10. O come\u00e7o da minha corrida foi bom, conseguimos ganhar algumas posi\u00e7\u00f5es e est\u00e1vamos bem nos pontos. Eu tentei o meu melhor para manter a briga e defender minha posi\u00e7\u00e3o. Infelizmente, n\u00e3o t\u00ednhamos o ritmo que mostramos ontem, quando conseguimos ser competitivos em ritmo de volta lan\u00e7ada. Acho que nossa posi\u00e7\u00e3o final reflete onde estamos no momento, e precisamos continuar trabalhando para melhorar. Nosso foco principal precisa ser dar aquele passo \u00e0 frente a mais, para que possamos ser competitivos de novo. Vamos trazer atualiza\u00e7\u00f5es em \u00cdmola, e espero que elas nos permitam progredir e voltar a brigar por pontos. Estou confiante no trabalho que estamos fazendo como equipe e ansioso para as pr\u00f3ximas etapas.&#8221;<\/p>\n\n\n\n<p class=\"wp-block-paragraph\"><strong>Alexander Albon, 14\u00ba: <\/strong>&#8220;Foi uma corrida bastante complicada, simplesmente n\u00e3o t\u00ednhamos o ritmo necess\u00e1rio hoje. Chegamos achando que t\u00ednhamos o nono carro mais r\u00e1pido, e hoje era realmente isso. Est\u00e1vamos gerenciando os quatro pneus, mas n\u00e3o t\u00ednhamos ader\u00eancia, eu estava escorregando bastante. As pistas que est\u00e3o prestes a vir n\u00e3o tendem a favorecer nosso carro e h\u00e1 algumas atualiza\u00e7\u00f5es chegando nas outras equipes, ent\u00e3o precisamos resolver isso para que elas n\u00e3o se distanciem de n\u00f3s. Temos alguns pontos positivos para tirar do fim de semana, mas corridas como a de hoje nos exp\u00f5em um pouco e mostram onde realmente estamos.&#8221;<\/p>\n\n\n\n<p class=\"wp-block-paragraph\"><strong>Nico H\u00fclkenberg, 15\u00ba: <\/strong>&#8220;Foi uma corrida dif\u00edcil, complicada, e n\u00e3o acabou exatamente do jeito que quer\u00edamos. O come\u00e7o foi bom, mas acho que tivemos dificuldades com o tr\u00e1fego. Quando ficamos ao redor de outros carros, n\u00f3s sofremos com a consist\u00eancia e a ader\u00eancia, o que tornou o dia mais dif\u00edcil para mim hoje. Isso tamb\u00e9m se traduz em um alto desgaste, ent\u00e3o talvez n\u00e3o tenha sido uma boa corrida, mas ainda sinto que algumas li\u00e7\u00f5es valiosas foram aprendidas e bons dados foram coletados.&#8221;<\/p>\n\n\n\n<figure class=\"wp-block-image size-large\"><img decoding=\"async\" src=\"https:\/\/www.grandepremio.com\/br\/wp-content\/uploads\/2023\/05\/f1-2023-miami-treinos-livres-haas-nicohulkenberg-01-3-1024x683.jpg\" alt=\"\" class=\"wp-image-680569\"\/><figcaption>Nico H\u00fclkenberg passou bastante tempo no top-10, mas n\u00e3o conseguiu pontuar no fim (Foto: Haas F1 Team)<\/figcaption><\/figure>\n\n\n\n<p class=\"wp-block-paragraph\"><strong>Guanyu Zhou, 16\u00ba: <\/strong>&#8220;Demos um passo \u00e0 frente neste fim de semana, especialmente na classifica\u00e7\u00e3o, mas ainda precisamos trabalhar duro para voltar ao top-10 no domingo. Hoje, foi muito dif\u00edcil quebrar o trem de DRS, apenas depois que a corrida progrediu que eu consegui encontrar um pouco mais de velocidade e espa\u00e7o. Vamos tirar os pontos positivos do s\u00e1bado e olhar em frente: sei que todos est\u00e3o trabalhando duro na f\u00e1brica para fazermos progresso. Estou ansioso para as atualiza\u00e7\u00f5es que teremos em \u00cdmola, e tamb\u00e9m para correr em uma pista permanente \u2014 parece que elas se ajustam melhor ao nosso conjunto no momento. Vamos manter nossa cabe\u00e7a erguida e trabalhar duro.&#8221;<\/p>\n\n\n\n<p class=\"wp-block-paragraph\"><strong>Lando Norris, 17\u00ba: <\/strong>\u201cDia dif\u00edcil. Apenas lutamos com o ritmo. Tive uma boa largada, mas tivemos um toque por tr\u00e1s na curva 1, e isso nos jogou para o fundo. Tentamos diferentes estrat\u00e9gias que exigiam algo de diferente acontecendo durante a corrida, mas n\u00e3o funcionou. Vamos voltar para a f\u00e1brica, recome\u00e7ar e continuar pressionando bastante para um resultado melhor na pr\u00f3xima corrida.&#8221;<\/p>\n\n\n\n<p class=\"wp-block-paragraph\"><strong>Nyck de Vries, 18\u00ba: <\/strong>\u201cDepois da primeira volta, fui parar no fundo. Foi erro meu, travei na hora da freada e toquei em Norris. Isso comprometeu um pouco o nosso primeiro stint, pois fiquei com muita vibra\u00e7\u00e3o na frente que afetaram o ritmo. Quando voc\u00ea est\u00e1 muito atr\u00e1s e fora do alcance do DRS, perde tanto tempo nas retas que \u00e9 dif\u00edcil recuperar. Eu estava atr\u00e1s, sozinho. Naturalmente \u00e9 mais f\u00e1cil quando voc\u00ea n\u00e3o est\u00e1 lutando como se estivesse no meio do pelot\u00e3o, quando cada momento conta. O fim de semana foi de altos e baixos. Ontem, tivemos um dia melhor, e hoje foi uma pena ter perdido tantas posi\u00e7\u00f5es na primeira volta. Vamos levar algumas atualiza\u00e7\u00f5es para \u00cdmola, ent\u00e3o esperamos melhorar e come\u00e7ar de novo.&#8221;<\/p>\n\n\n\n<p class=\"wp-block-paragraph\"><strong>Oscar Piastri, 19\u00ba: <\/strong>\u201cTive v\u00e1rios problemas com o carro na corrida. Tivemos uma falha no sistema de freio por seis ou sete voltas. Eu passei a gerenciar muitos problemas depois disso. Eu realmente fiz uma primeira volta boa, em que ultrapassei cinco carros, e esse foi o ponto alto do final de semana. Por outro lado, foi uma tarde frustrante, tentando contornar todos esses problemas. Agora vamos trabalhar duro e focar em ter um final de semana melhor em \u00cdmola.&#8221;<\/p>\n\n\n\n<p class=\"wp-block-paragraph\"><strong>Logan Sargeant, 20\u00ba: <\/strong>&#8220;Eu coloquei o carro em um lugar que n\u00e3o devia na primeira volta e perdi minha asa dianteira. Dali em diante, foi uma tarde dif\u00edcil. Pe\u00e7o desculpas a meu companheiro de equipe pelo erro. Uma vez que sa\u00edmos para o stint longo de pneus duros, senti que consegui gerenciar bem. Os pneus estavam sofrendo no fim, mas isso j\u00e1 era esperado. Em uma estrat\u00e9gia normal, nosso ritmo teria sido bem s\u00f3lido, com todas as coisas a se considerar. Apesar de hoje, ainda amei este fim de semana.&#8221;<\/p>\n","protected":false},"excerpt":{"rendered":"<p>Em mais uma apresenta\u00e7\u00e3o irretoc\u00e1vel de Max Verstappen, Red Bull conquistou seu quarto 1-2 em cinco corridas no GP de Miami. Confira tudo que os pilotos falaram ap\u00f3s a disputa<\/p>\n","protected":false},"author":0,"featured_media":1000680627,"comment_status":"closed","ping_status":"closed","sticky":false,"template":"","format":"standard","meta":{"42wp_featured_image_caption":"","42wp_featured_image_credits":"","42wp_featured_video":"","42wp_featured_image_hidden":false,"42wp_authors_list":[],"footnotes":""},"categories":[2],"tags":[896,147,6533,180,873,1491,30103,28285,2834,203,204],"42wp_author":[47142],"class_list":["post-103275","post","type-post","status-publish","format-standard","has-post-thumbnail","hentry","category-f1","tag-estados-unidos","tag-f1","tag-f1-2023","tag-formula-1","tag-gp-de-miami","tag-grande-premio","tag-grande-premio-f1","tag-grandepremio","tag-hard-rock-stadium","tag-max-verstappen","tag-red-bull","42wp_author-jp-nascimento"],"_links":{"self":[{"href":"https:\/\/grandepremio.com\/br\/wp-json\/wp\/v2\/posts\/103275","targetHints":{"allow":["GET"]}}],"collection":[{"href":"https:\/\/grandepremio.com\/br\/wp-json\/wp\/v2\/posts"}],"about":[{"href":"https:\/\/grandepremio.com\/br\/wp-json\/wp\/v2\/types\/post"}],"replies":[{"embeddable":true,"href":"https:\/\/grandepremio.com\/br\/wp-json\/wp\/v2\/comments?post=103275"}],"version-history":[{"count":0,"href":"https:\/\/grandepremio.com\/br\/wp-json\/wp\/v2\/posts\/103275\/revisions"}],"wp:featuredmedia":[{"embeddable":true,"href":"https:\/\/grandepremio.com\/br\/wp-json\/wp\/v2\/media\/1000680627"}],"wp:attachment":[{"href":"https:\/\/grandepremio.com\/br\/wp-json\/wp\/v2\/media?parent=103275"}],"wp:term":[{"taxonomy":"category","embeddable":true,"href":"https:\/\/grandepremio.com\/br\/wp-json\/wp\/v2\/categories?post=103275"},{"taxonomy":"post_tag","embeddable":true,"href":"https:\/\/grandepremio.com\/br\/wp-json\/wp\/v2\/tags?post=103275"},{"taxonomy":"42wp_author","embeddable":true,"href":"https:\/\/grandepremio.com\/br\/wp-json\/wp\/v2\/42wp_author?post=103275"}],"curies":[{"name":"wp","href":"https:\/\/api.w.org\/{rel}","templated":true}]}}