{"id":103287,"date":"2023-05-07T20:21:16","date_gmt":"2023-05-07T23:21:16","guid":{"rendered":"https:\/\/grandepremio.com\/br\/noticias\/ferrari-admite-inconsistencia-miami-ve-charles-leclerc-e-carlos-sainz-em-montanha-russa\/"},"modified":"2023-05-07T20:22:58","modified_gmt":"2023-05-07T23:22:58","slug":"ferrari-admite-inconsistencia-miami-ve-charles-leclerc-e-carlos-sainz-em-montanha-russa","status":"publish","type":"post","link":"https:\/\/grandepremio.com\/br\/f1\/ferrari-admite-inconsistencia-miami-ve-charles-leclerc-e-carlos-sainz-em-montanha-russa\/","title":{"rendered":"Ferrari admite &#8220;inconsist\u00eancia&#8221; em Miami e v\u00ea Leclerc e Sainz em &#8216;montanha-russa&#8217;"},"content":{"rendered":"\n<figure class=\"wp-block-embed is-type-video is-provider-youtube wp-block-embed-youtube wp-embed-aspect-16-9 wp-has-aspect-ratio\"><div class=\"wp-block-embed__wrapper\">\n<iframe loading=\"lazy\" title=\"F1 2023 EM MIAMI: VERSTAPPEN VENCE, P\u00c9REZ 2\u00ba: TUDO NO GRANDE PR\u00caMIO | Briefing\" width=\"500\" height=\"281\" src=\"https:\/\/www.youtube.com\/embed\/Ri55Ut9Dppg?feature=oembed\" frameborder=\"0\" allow=\"accelerometer; autoplay; clipboard-write; encrypted-media; gyroscope; picture-in-picture; web-share\" referrerpolicy=\"strict-origin-when-cross-origin\" allowfullscreen><\/iframe>\n<\/div><\/figure>\n\n\n\n<p class=\"wp-block-paragraph\">A <strong>Ferrari <\/strong>voltou a sofrer com o ritmo de corrida durante o<strong> GP de Miami<\/strong>, realizado na tarde deste domingo (7). Depois de completar uma boa sess\u00e3o de classifica\u00e7\u00e3o, em que <strong>Carlos Sainz<\/strong> anotou o terceiro melhor tempo, a escuderia italiana almejava terminar a etapa americana entre os tr\u00eas primeiros. No entanto, tanto o carro #55 do espanhol quanto o #16 de <strong>Charles Leclerc<\/strong> tiveram oscila\u00e7\u00f5es no desempenho e <a href=\"https:\/\/www.grandepremio.com\/br\/f1\/noticias\/max-verstappen-trucida-sergio-perez-estrategia-vence-gp-miami-formula-1\/\" class=\"ek-link\">fecharam a prova em quinto e s\u00e9timo<\/a>, respectivamente.<\/p>\n\n\n\n<p class=\"wp-block-paragraph\">Ap\u00f3s a corrida, <strong>Fr\u00e9d\u00e9ric Vasseur<\/strong>, chefe da Ferrari, definiu o resultado como uma &#8220;sensa\u00e7\u00e3o estranha&#8221;, uma vez que o ritmo no domingo variou, tanto para melhor, quanto para pior, \u00e0 medida que o GP avan\u00e7ava.<\/p>\n\n\n\n<p class=\"wp-block-paragraph\"><strong>\u25b6\ufe0f&nbsp;Inscreva-se nos dois canais do GRANDE PR\u00caMIO no YouTube:&nbsp;<a href=\"https:\/\/www.youtube.com\/channel\/UC9OlHEgxoaY6QY6nWPoiqQg?sub_confirmation=1\" target=\"_blank\" rel=\"noreferrer noopener\">GP<\/a>&nbsp;|&nbsp;<a href=\"https:\/\/www.youtube.com\/channel\/UC9csiS6q_C3C0FYhyr1rnFA?sub_confirmation=1\" target=\"_blank\" rel=\"noreferrer noopener\">GP2<\/a><\/strong><br><strong>\u25b6\ufe0f&nbsp;<a href=\"https:\/\/www.twitch.tv\/grandepremio\" target=\"_blank\" rel=\"noreferrer noopener\">Conhe\u00e7a o canal do GRANDE PR\u00caMIO na Twitch clicando aqui!<\/a><\/strong><\/p>\n\n\n\n<figure class=\"wp-block-gallery has-nested-images columns-default is-cropped wp-block-gallery-1 is-layout-flex wp-block-gallery-is-layout-flex\">\n<figure class=\"wp-block-image size-large\"><img decoding=\"async\" data-id=\"671780\" src=\"https:\/\/www.grandepremio.com\/br\/wp-content\/uploads\/2023\/04\/Vasseur-scaled.jpg\" alt=\"\" class=\"wp-image-671780\"\/><figcaption>Vasseur quer ver Ferrari melhorando em ritmo de corrida (Foto: Ferrari)<\/figcaption><\/figure>\n<\/figure>\n\n\n\n<p class=\"wp-block-paragraph\">&#8220;Foi uma sensa\u00e7\u00e3o estranha. As condi\u00e7\u00f5es, ou apenas o carro, n\u00e3o estavam certas. O ritmo na classifica\u00e7\u00e3o foi bom, mas hoje n\u00e3o houve consist\u00eancia. Est\u00e1vamos lentos, depois fomos r\u00e1pidos, depois n\u00e3o&#8221;, disse o dirigente da equipe italiana.<\/p>\n\n\n\n<p class=\"wp-block-paragraph\">Vasseur usou a performance de Sainz e de Leclerc para descrever o qu\u00e3o estranho era o desempenho da SF-23 durante o GP de Miami.<\/p>\n\n\n\n<p class=\"wp-block-paragraph\">&#8220;Carlos e Charles tiveram corridas opostas em termos de ritmo. A posi\u00e7\u00e3o de largada e a luta n\u00e3o ajudaram o stint de Charles, mas Carlos foi r\u00e1pido. Depois foi o contr\u00e1rio, o Charles foi mais r\u00e1pido e o Carlos perdeu a sensibilidade do carro&#8221;, explicou o chefe da Ferrari.<\/p>\n\n\n\n<p class=\"wp-block-paragraph\">Embora n\u00e3o tenha conseguido o resultado desejado, o franc\u00eas explicou que, ainda que existam alguns pontos que precisam ser compreendidos, a etapa nos Estados Unidos mostrou que a SF-23 tem seus pontos fortes.<\/p>\n\n\n\n<p class=\"wp-block-paragraph\">&#8220;Com certeza, precisamos dar uma boa olhada no fim de semana. Mas podemos ter uma vis\u00e3o positiva do ritmo de classifica\u00e7\u00e3o geral, mesmo que n\u00e3o tenhamos montado tudo. O ritmo estava l\u00e1&#8221;, disse. &#8220;Hoje foi um pouco mais dif\u00edcil. Acho que fomos um pouco inconsistentes na corrida. Precisamos entender por que tivemos altos e baixos na corrida&#8221;, finalizou Vasseur.<\/p>\n\n\n\n<figure class=\"wp-block-embed is-type-video is-provider-youtube wp-block-embed-youtube wp-embed-aspect-16-9 wp-has-aspect-ratio\"><div class=\"wp-block-embed__wrapper\">\n<iframe loading=\"lazy\" title=\"CORRIDA F1 EM MIAMI: ACOMPANHE TUDO NO GRANDE PR\u00caMIO\" width=\"500\" height=\"281\" src=\"https:\/\/www.youtube.com\/embed\/XDMsjTEjdZE?feature=oembed\" frameborder=\"0\" allow=\"accelerometer; autoplay; clipboard-write; encrypted-media; gyroscope; picture-in-picture; web-share\" referrerpolicy=\"strict-origin-when-cross-origin\" allowfullscreen><\/iframe>\n<\/div><\/figure>\n","protected":false},"excerpt":{"rendered":"<p>Fr\u00e9d\u00e9ric Vasseur, chefe da Ferrari, celebrou o bom desempenho da SF-23 em voltas lan\u00e7adas. No entanto, reconheceu que o carro pode apresentar um ritmo que oscila bastante durante a corrida, como foi em Miami<\/p>\n","protected":false},"author":0,"featured_media":1000680667,"comment_status":"closed","ping_status":"closed","sticky":false,"template":"","format":"standard","meta":{"42wp_featured_image_caption":"","42wp_featured_image_credits":"","42wp_featured_video":"","42wp_featured_image_hidden":false,"42wp_authors_list":[],"footnotes":""},"categories":[2],"tags":[546,209,147,207,180,1322,34707,1491,28285,33737],"42wp_author":[47149],"class_list":["post-103287","post","type-post","status-publish","format-standard","has-post-thumbnail","hentry","category-f1","tag-carlos-sainz","tag-charles-leclerc","tag-f1","tag-ferrari","tag-formula-1","tag-frederic-vasseur","tag-gp-miami","tag-grande-premio","tag-grandepremio","tag-sf-23","42wp_author-bernardo-castro"],"_links":{"self":[{"href":"https:\/\/grandepremio.com\/br\/wp-json\/wp\/v2\/posts\/103287","targetHints":{"allow":["GET"]}}],"collection":[{"href":"https:\/\/grandepremio.com\/br\/wp-json\/wp\/v2\/posts"}],"about":[{"href":"https:\/\/grandepremio.com\/br\/wp-json\/wp\/v2\/types\/post"}],"replies":[{"embeddable":true,"href":"https:\/\/grandepremio.com\/br\/wp-json\/wp\/v2\/comments?post=103287"}],"version-history":[{"count":0,"href":"https:\/\/grandepremio.com\/br\/wp-json\/wp\/v2\/posts\/103287\/revisions"}],"wp:featuredmedia":[{"embeddable":true,"href":"https:\/\/grandepremio.com\/br\/wp-json\/wp\/v2\/media\/1000680667"}],"wp:attachment":[{"href":"https:\/\/grandepremio.com\/br\/wp-json\/wp\/v2\/media?parent=103287"}],"wp:term":[{"taxonomy":"category","embeddable":true,"href":"https:\/\/grandepremio.com\/br\/wp-json\/wp\/v2\/categories?post=103287"},{"taxonomy":"post_tag","embeddable":true,"href":"https:\/\/grandepremio.com\/br\/wp-json\/wp\/v2\/tags?post=103287"},{"taxonomy":"42wp_author","embeddable":true,"href":"https:\/\/grandepremio.com\/br\/wp-json\/wp\/v2\/42wp_author?post=103287"}],"curies":[{"name":"wp","href":"https:\/\/api.w.org\/{rel}","templated":true}]}}