{"id":103315,"date":"2023-05-06T21:30:29","date_gmt":"2023-05-07T00:30:29","guid":{"rendered":"https:\/\/grandepremio.com\/br\/noticias\/confira-declaracoes-pilotos-classificacao-gp-miami-f1-2023\/"},"modified":"2023-05-06T21:36:11","modified_gmt":"2023-05-07T00:36:11","slug":"confira-declaracoes-pilotos-classificacao-gp-miami-f1-2023","status":"publish","type":"post","link":"https:\/\/grandepremio.com\/br\/f1\/confira-declaracoes-pilotos-classificacao-gp-miami-f1-2023\/","title":{"rendered":"Confira declara\u00e7\u00f5es dos pilotos ap\u00f3s classifica\u00e7\u00e3o do GP de Miami de F1 2023"},"content":{"rendered":"\n<p class=\"wp-block-paragraph\"><a href=\"https:\/\/www.grandepremio.com\/br\/f1\/noticias\/sergio-perez-pole-miami-ajuda-acidente-charles-leclerc-max-verstappen-9o\/\" class=\"ek-link\"><strong>Sergio P\u00e9rez <\/strong>garantiu a pole-position para o GP de <strong>Miami <\/strong>de <strong>F\u00f3rmula 1<\/strong><\/a>. O mexicano tirou proveito de um sess\u00e3o encerrada mais cedo por uma bandeira vermelha e, com 1min26s841, garantiu a posi\u00e7\u00e3o de honra.<\/p>\n\n\n\n<p class=\"wp-block-paragraph\">0s361 mais lento, <strong>Fernando Alonso <\/strong>ficou em segundo, diante de <strong>Carlos Sainz Jr.<\/strong> <strong>Kevin Magnussen<\/strong> colocou a <strong>Haas <\/strong>na quarta coloca\u00e7\u00e3o, seguido por <strong>Pierre Gasly <\/strong>e <strong>George Russell<\/strong>. <strong>Charles Leclerc<\/strong>, que bateu e causou a interrup\u00e7\u00e3o da sess\u00e3o, ficou em s\u00e9timo, acompanhado por <strong>Esteban Ocon<\/strong>. Sem tempo registrado no Q3, <strong>Max Verstappen<\/strong> e <strong>Valtteri Bottas <\/strong>fecham o top-10.<\/p>\n\n\n\n<figure class=\"wp-block-image size-large\"><img decoding=\"async\" src=\"https:\/\/www.grandepremio.com\/br\/wp-content\/uploads\/2023\/05\/f1-2023-miami-treinos-livres-redbull-sergioperez-01-2-1024x683.jpg\" alt=\"\" class=\"wp-image-680136\"\/><figcaption>Sergio P\u00e9rez anotou a pole em Miami (Foto: Red Bull Content Pool)<\/figcaption><\/figure>\n\n\n\n<p class=\"wp-block-paragraph\"><strong>\u25b6\ufe0f&nbsp;Inscreva-se nos dois canais do GRANDE PR\u00caMIO no YouTube:&nbsp;<a href=\"https:\/\/www.youtube.com\/channel\/UC9OlHEgxoaY6QY6nWPoiqQg?sub_confirmation=1\" target=\"_blank\" rel=\"noreferrer noopener\">GP<\/a>&nbsp;|&nbsp;<a href=\"https:\/\/www.youtube.com\/channel\/UC9csiS6q_C3C0FYhyr1rnFA?sub_confirmation=1\" target=\"_blank\" rel=\"noreferrer noopener\">GP2<\/a><\/strong><br><strong>\u25b6\ufe0f&nbsp;<a href=\"https:\/\/www.twitch.tv\/grandepremio\" target=\"_blank\" rel=\"noreferrer noopener\">Conhe\u00e7a o canal do GRANDE PR\u00caMIO na Twitch clicando aqui!<\/a><\/strong><\/p>\n\n\n\n<p class=\"wp-block-paragraph\"><strong>Alex Albon<\/strong>, <strong>Nico H\u00fclkenberg<\/strong>, <strong>Lewis Hamilton<\/strong>, <strong>Guanyu Zhou<\/strong>, <strong>Nyck de Vries<\/strong>, <strong>Lando Norris<\/strong>, <strong>Yuki Tsunoda<\/strong>, <strong>Lance Stroll<\/strong>, <strong>Oscar Piastri <\/strong>e <strong>Logan Sargeant <\/strong>completam o grid.<\/p>\n\n\n\n<h3 class=\"wp-block-heading\" id=\"h-confira-as-declaracoes-dos-pilotos\"><strong>Confira as declara\u00e7\u00f5es dos pilotos:<\/strong><\/h3>\n\n\n\n<p class=\"wp-block-paragraph\"><strong>Sergio P\u00e9rez, pole: <a href=\"https:\/\/www.grandepremio.com\/br\/f1\/noticias\/sergio-perez-surpreende-pole-miami-pior-fim-semana-classificacao\/\" class=\"ek-link\">P\u00e9rez se surpreende com pole em Miami: \u201cPior fim de semana at\u00e9 a classifica\u00e7\u00e3o\u201d<\/a><\/strong><\/p>\n\n\n\n<p class=\"wp-block-paragraph\"><strong>Fernando Alonso, segundo: <a href=\"https:\/\/www.grandepremio.com\/br\/f1\/noticias\/fernando-alonso-vibra-carro-aston-martin-renasceu-classificacao-em-miami\/https:\/\/www.grandepremio.com\/br\/f1\/noticias\/fernando-alonso-vibra-carro-aston-martin-renasceu-classificacao-em-miami\/\" class=\"ek-link\">Alonso vibra com carro da Aston Martin que \u201crenasceu\u201d na classifica\u00e7\u00e3o em Miami<\/a><\/strong><\/p>\n\n\n\n<p class=\"wp-block-paragraph\"><strong>Carlos Sainz Jr., terceiro: <a href=\"https:\/\/www.grandepremio.com\/br\/f1\/noticias\/carlos-sainz-celebra-3o-lugar-muito-bom-no-grid-em-miami-estamos-melhorando\/\" class=\"ek-link\">Sainz celebra 3\u00ba lugar \u201cmuito bom\u201d no grid em Miami: \u201cEstamos melhorando\u201d<\/a><\/strong><\/p>\n\n\n\n<p class=\"wp-block-paragraph\"><strong>Kevin Magnussen, quarto: <a href=\"https:\/\/www.grandepremio.com\/br\/f1\/noticias\/kevin-magnussen-reconhece-bom-ritmo-da-haas-mas-prega-cautela-tivemos-sorte\/\" class=\"ek-link\">Magnussen reconhece bom ritmo da Haas, mas prega cautela: \u201cTivemos sorte\u201d<\/a><\/strong><\/p>\n\n\n\n<p class=\"wp-block-paragraph\"><strong>Pierre Gasly, quinto: <a href=\"https:\/\/www.grandepremio.com\/br\/f1\/noticias\/pierre-gasly-elogia-ritmo-alpine-classificacao-ve-boa-chance-pontuar-miami\/\" class=\"ek-link\">Gasly elogia ritmo da Alpine na classifica\u00e7\u00e3o e v\u00ea \u201cboa chance de pontuar\u201d em Miami<\/a><\/strong><\/p>\n\n\n\n<p class=\"wp-block-paragraph\"><strong>George Russell, sexto: <a href=\"https:\/\/www.grandepremio.com\/br\/f1\/noticias\/george-russell-6o-lugar-lisonjeiro-desabafa-nao-diria-estou-muito-satisfeito\/\" class=\"ek-link\">Russell v\u00ea 6\u00ba lugar \u201clisonjeiro\u201d, mas desabafa: \u201cN\u00e3o diria que estou muito satisfeito\u201d<\/a><\/strong><\/p>\n\n\n\n<p class=\"wp-block-paragraph\"><strong>Charles Leclerc, s\u00e9timo: <a href=\"https:\/\/www.grandepremio.com\/br\/f1\/noticias\/charles-leclerc-se-culpa-erro-repetido-diz-que-acidente-miami-inaceitavel\/\" class=\"ek-link\">Leclerc se culpa por \u201cerro repetido\u201d e diz que acidente em Miami \u00e9 \u201cinaceit\u00e1vel\u201d<\/a><\/strong><\/p>\n\n\n\n<figure class=\"wp-block-image size-large\"><img decoding=\"async\" src=\"https:\/\/www.grandepremio.com\/br\/wp-content\/uploads\/2023\/05\/f1-2023-miami-treinos-livres-ferrari-charlesleclerc-01-1-1024x683.jpg\" alt=\"\" class=\"wp-image-680127\"\/><figcaption>Charles Leclerc (Foto: Ferrari)<\/figcaption><\/figure>\n\n\n\n<p class=\"wp-block-paragraph\"><strong>Esteban Ocon, oitavo:<\/strong> \u201cQue diferen\u00e7a uma semana faz. Estou orgulhoso da equipe por esta recupera\u00e7\u00e3o forte ap\u00f3s a decep\u00e7\u00e3o em Baku e merecemos muito ter os dois carros no Q3 na classifica\u00e7\u00e3o. Provavelmente tivemos um pouco de azar com a bandeira vermelha no final porque sinto que havia mais por vir e poder\u00edamos ter ficado mais \u00e0 frente no grid. Ainda estamos em uma boa posi\u00e7\u00e3o para a corrida de amanh\u00e3 e temos um carro bom o suficiente para sair deste fim de semana com pontos na bagagem\u201d.<\/p>\n\n\n\n<p class=\"wp-block-paragraph\"><strong>Max Verstappen, nono: <a href=\"https:\/\/www.grandepremio.com\/br\/f1\/noticias\/max-verstappen-assume-foi-limite-q3-lamenta-dificultei-mesmo\/\" class=\"ek-link\">Verstappen assume que foi ao limite no Q3 e lamenta: \u201cDificultei para mim mesmo\u201d<\/a><\/strong><\/p>\n\n\n\n<p class=\"wp-block-paragraph\"><strong>Valtteri Bottas, d\u00e9cimo:<\/strong> \u201c\u00c9 \u00f3timo estar de volta ao Q3 e estou muito satisfeito por estar no top-10 antes a corrida. Demos um grande passo \u00e0 frente ao longo da noite e conseguimos tirar o m\u00e1ximo do acerto, o que mostra que a equipe est\u00e1 fazendo um bom trabalho em reagir ap\u00f3s as \u00faltimas corridas. A bandeira vermelha no Q3, obviamente, nos penalizou: s\u00f3 tinha um jogo de pneus faltando e n\u00e3o pude marcar tempo quando a sess\u00e3o foi interrompida, mas acho que poder\u00edamos estar mais \u00e0 frente. N\u00e3o h\u00e1 sentido em focar nisso, no entanto: o potencial para um bom resultado est\u00e1 l\u00e1 e n\u00f3s devemos nos preparar bem para lutar pelos pontos amanh\u00e3. Ser\u00e1 uma longa corrida e, como vimos, \u00e9 f\u00e1cil cometer um erro aqui, mas estamos confiantes e motivados. E, se fizermos bem o nosso trabalho, temos uma chance s\u00f3lida de levar para casa um bom resultado\u201d.<\/p>\n\n\n\n<p class=\"wp-block-paragraph\"><strong>Alex Albon, 11\u00ba:<\/strong> \u201cAcho que maximizamos tudo na classifica\u00e7\u00e3o e estamos em uma boa posi\u00e7\u00e3o para amanh\u00e3. \u00c0s vezes, a gente fica chateado porque est\u00e1 muito perto do Q3, mas precisa se lembrar de que ainda \u00e9 um bom trabalho. Estou feliz com a volta que dei e fizemos o que era certo para o nosso carro. Realmente precisamos de uma volta limpa para colocar os pneus em um bom lugar, e \u00e9 por isso que tendemos a ir um pouco melhor no s\u00e1bado do que outras equipes. Com a evolu\u00e7\u00e3o da pista do jeito que est\u00e1, \u00e9 muito agressiva, muito mais do que a maioria das pistas em que andamos, porque as ader\u00eancias s\u00e3o t\u00e3o baixas, que 5 minutos s\u00e3o suficientes para a pista ser melhor 1 d\u00e9cimo, e isso significa Q3. \u00c9 uma grande inc\u00f3gnita o que os pneus v\u00e3o fazer na corrida, mas largando em 11\u00ba, espero que possamos transformar em algo amanh\u00e3\u201d.<\/p>\n\n\n\n<figure class=\"wp-block-image size-large\"><img decoding=\"async\" src=\"https:\/\/www.grandepremio.com\/br\/wp-content\/uploads\/2023\/05\/f1-2023-miami-treinos-livres-williams-alexanderalbon-04-1024x684.jpg\" alt=\"\" class=\"wp-image-680185\"\/><figcaption>Alexander Albon (Foto: Williams)<\/figcaption><\/figure>\n\n\n\n<p class=\"wp-block-paragraph\"><strong>Nico H\u00fclkenberg, 12\u00ba:<\/strong> \u201cO carro pareceu bom e n\u00f3s, definitivamente, dever\u00edamos estar no top-10, mas, infelizmente, minha \u00faltima sa\u00edda foi realmente comprometida na volta de sa\u00edda pelo tr\u00e1fego e n\u00e3o fiz a segunda volta com novos pneus \u2014 meu Q2 foi com pneus usados. \u00c9 frustrante e uma enorme pena, pois o carro tinha muito mais nele e muito mais potencial. O carro encaixa bem neste lugar, ent\u00e3o, pelo menos, isso \u00e9 um grande positivo para amanh\u00e3. Vamos para a corrida com ritmo\u201d.<\/p>\n\n\n\n<p class=\"wp-block-paragraph\"><strong>Lewis Hamilton, 13\u00ba: <a href=\"https:\/\/www.grandepremio.com\/br\/f1\/noticias\/lewis-hamilton-saiu-tarde-demais-q2-mira-baixar-cabeca-buscar-reacao\/\" class=\"ek-link\">Hamilton diz que saiu \u201ctarde demais\u201d no Q2, mas mira \u201cbaixar cabe\u00e7a\u201d e buscar rea\u00e7\u00e3o<\/a><\/strong><\/p>\n\n\n\n<p class=\"wp-block-paragraph\"><strong>Guanyu Zhou, 14\u00ba:<\/strong> \u201cHoje foi um bom dia para a equipe e um sinal de que podemos voltar \u00e0 luta pelos pontos. Me sinto muito mais confort\u00e1vel no carro, especialmente em compara\u00e7\u00e3o com as \u00faltimas corridas, ent\u00e3o estamos indo na dire\u00e7\u00e3o certa. O Q1 foi uma sess\u00e3o limpa, mas no Q2 eu sofri um pouco na frente do pelot\u00e3o. Senti falta de v\u00e1cuo e, com um pelot\u00e3o t\u00e3o apertado, n\u00e3o foi o bastante para passar a linha de corte. Miami \u00e9 um circuito complicado e o tr\u00e1fego no \u00faltimo setor, especialmente no Q1, foi um problema. No entanto, estou feliz em ver nosso pacote funcionando bem aqui, j\u00e1 que \u00e9 uma grande motiva\u00e7\u00e3o para amanh\u00e3. Vamos dar tudo, sabendo que temos ritmo para lutar pelos pontos\u201d.<\/p>\n\n\n\n<p class=\"wp-block-paragraph\"><strong>Nyck de Vries, 15\u00ba:<\/strong> \u201cClaro, sempre queremos mais, mas olhando para o TL1 e o TL2, n\u00f3s, como equipe, estamos satisfeitos e felizes com os ganhos de performance que fizemos. Ficamos atr\u00e1s, mas o progresso que fizemos ao longo da noite nos ajudou a chegar ao Q2 pela primeira vez, o que \u00e9 uma grande conquista para n\u00f3s. N\u00f3s falta experi\u00eancia no long-run aqui e ultrapassar \u00e9 dif\u00edcil, mas ser\u00e1 uma longa corrida e talvez existam oportunidades, com as quais possamos capitalizar. Os n\u00edveis de ader\u00eancia s\u00e3o baixos, especialmente se voc\u00ea est\u00e1 fora da linha, fica muito escorregadio, mas \u00e9 um novo dia amanh\u00e3\u201d.<\/p>\n\n\n\n<p class=\"wp-block-paragraph\"><strong>Lando Norris, 16\u00ba: <a href=\"https:\/\/www.grandepremio.com\/br\/f1\/noticias\/lando-norris-nega-surpresa-16o-grid-miami-sabiamos-seria-dificil-passar-q1\/\" class=\"ek-link\">Norris nega surpresa com 16\u00ba no grid de Miami: \u201cSab\u00edamos que seria dif\u00edcil passar do Q1\u201d<\/a><\/strong><\/p>\n\n\n\n<figure class=\"wp-block-image size-large\"><img decoding=\"async\" src=\"https:\/\/www.grandepremio.com\/br\/wp-content\/uploads\/2023\/05\/f1-2023-miami-treinos-livres-astonmartin-lancestroll-02-1024x683.jpg\" alt=\"\" class=\"wp-image-680171\"\/><figcaption>Lance Stroll (Foto: Aston Martin)<\/figcaption><\/figure>\n\n\n\n<p class=\"wp-block-paragraph\"><strong>Yuki Tsunoda, 17\u00ba: <\/strong>\u201c\u00c9, definitivamente, um resultado que n\u00e3o quer\u00edamos. N\u00e3o tivemos ritmo desde o in\u00edcio e sofremos bastante. O pelot\u00e3o intermedi\u00e1rio est\u00e3o t\u00e3o apertado quanto esteve nas \u00faltimas corrias, mas amanh\u00e3 \u00e9 um novo dia , ent\u00e3o vamos ver como ser\u00e1. Mudamos bastante o acerto, ainda n\u00e3o parece funcionar bem, mas temos de seguir adiante e seguir focados. O equil\u00edbrio em si estava bom, no entanto, a ader\u00eancia \u00e9 baixa. Temos de aceitar que \u00e9 dif\u00edcil e que n\u00e3o foi a minha melhor classifica\u00e7\u00e3o, mas vamos analisar todos os dados esta noite e tentar encontrar um pouco mais de performance amanh\u00e3\u201d.<\/p>\n\n\n\n<p class=\"wp-block-paragraph\"><strong>Lance Stroll, 18\u00ba: <a href=\"https:\/\/www.grandepremio.com\/br\/f1\/noticias\/lance-stroll-assume-culpa-queda-q1-miami-mas-ve-tatica-errada-de-pneus\/\" class=\"ek-link\">Stroll assume culpa por queda no Q1 em Miami, mas v\u00ea t\u00e1tica errada de pneus<\/a><\/strong><\/p>\n\n\n\n<p class=\"wp-block-paragraph\"><strong>Oscar Piastri, 19\u00ba:<\/strong> \u201cEstou desapontado por ser eliminado no Q1. Est\u00e1vamos muito pr\u00f3ximos de todos ao nosso redor. Sab\u00edamos que seria duro hoje e foi assim mesmo. Vamos dar uma olhada e ver o que podemos fazer amanh\u00e3 para tentar avan\u00e7ar\u201d.<\/p>\n\n\n\n<p class=\"wp-block-paragraph\"><strong>Logan Sargeant, 20\u00ba:<\/strong> \u201cDemos um bom passo do TL3 para a classifica\u00e7\u00e3o e pusemos o carro em uma boa posi\u00e7\u00e3o. Eu precisava de uns 2 d\u00e9cimos para avan\u00e7ar para o Q2. Precisei fazer isso na primeira sa\u00edda, mas fiz na segunda e senti que os pneus estavam desmanchando no segundo e terceiro setores daquela volta. Foi extremamente apertado l\u00e1 fora com pouca margem. Vamos pegar os pontos positivos que devem nos deixar em um lugar melhor para a corrida. Olhando para amanh\u00e3, vamos tentar ser oportunistas e aproveitar ao m\u00e1ximo\u201d.<\/p>\n\n\n\n<p class=\"wp-block-paragraph\">A largada para o&nbsp;<strong>GP de&nbsp;<a href=\"https:\/\/www.grandepremio.com\/br\/circuito\/miami\/\" target=\"_blank\" rel=\"noreferrer noopener\">Miami<\/a>&nbsp;<\/strong>est\u00e1 marcada para as 16h30 (de Bras\u00edlia, GMT-3). O&nbsp;<strong>GRANDE PR\u00caMIO<\/strong>&nbsp;acompanha todas as atividades da temporada 2023 da&nbsp;<strong><a href=\"https:\/\/www.grandepremio.com\/formula-1\/\" target=\"_blank\" rel=\"noreferrer noopener\">F\u00f3rmula 1<\/a>&nbsp;AO VIVO<\/strong>&nbsp;e<strong>&nbsp;EM&nbsp;<a href=\"https:\/\/www.grandepremio.com\/br\/ao-vivo\/\" target=\"_blank\" rel=\"noreferrer noopener\">TEMPO REAL<\/a><\/strong>. Neste domingo, tem ainda a segunda tela da corrida em parceria com a Voz do Esporte a partir das 16h10.<\/p>\n\n\n\n<figure class=\"wp-block-embed is-type-video is-provider-youtube wp-block-embed-youtube wp-embed-aspect-16-9 wp-has-aspect-ratio\"><div class=\"wp-block-embed__wrapper\">\n<iframe loading=\"lazy\" title=\"F1 2023 EM MIAMI: P\u00c9REZ POLE, VERSTAPPEN ERRA, LECLERC BATE! TUDO NO GRANDE PR\u00caMIO | Briefing\" width=\"500\" height=\"281\" src=\"https:\/\/www.youtube.com\/embed\/kY-ZuHbjFmk?feature=oembed\" frameborder=\"0\" allow=\"accelerometer; autoplay; clipboard-write; encrypted-media; gyroscope; picture-in-picture; web-share\" referrerpolicy=\"strict-origin-when-cross-origin\" allowfullscreen><\/iframe>\n<\/div><\/figure>\n","protected":false},"excerpt":{"rendered":"<p>Sergio P\u00e9rez aproveitou o final antecipado da classifica\u00e7\u00e3o e assegurou a pole-position em Miami neste s\u00e1bado (6). Fernando Alonso sai em segundo, diante de Carlos Sainz Jr.<\/p>\n","protected":false},"author":0,"featured_media":1000680160,"comment_status":"closed","ping_status":"closed","sticky":false,"template":"","format":"standard","meta":{"42wp_featured_image_caption":"","42wp_featured_image_credits":"","42wp_featured_video":"","42wp_featured_image_hidden":false,"42wp_authors_list":[],"footnotes":""},"categories":[2],"tags":[896,147,6533,180,30722,33465,28285,2470,33467],"42wp_author":[47109],"class_list":["post-103315","post","type-post","status-publish","format-standard","has-post-thumbnail","hentry","category-f1","tag-estados-unidos","tag-f1","tag-f1-2023","tag-formula-1","tag-formula-1-2023","tag-formula-1-classificacao-2023","tag-grandepremio","tag-miami","tag-onde-assistir-f1-2023","42wp_author-redacao-gp"],"_links":{"self":[{"href":"https:\/\/grandepremio.com\/br\/wp-json\/wp\/v2\/posts\/103315","targetHints":{"allow":["GET"]}}],"collection":[{"href":"https:\/\/grandepremio.com\/br\/wp-json\/wp\/v2\/posts"}],"about":[{"href":"https:\/\/grandepremio.com\/br\/wp-json\/wp\/v2\/types\/post"}],"replies":[{"embeddable":true,"href":"https:\/\/grandepremio.com\/br\/wp-json\/wp\/v2\/comments?post=103315"}],"version-history":[{"count":0,"href":"https:\/\/grandepremio.com\/br\/wp-json\/wp\/v2\/posts\/103315\/revisions"}],"wp:featuredmedia":[{"embeddable":true,"href":"https:\/\/grandepremio.com\/br\/wp-json\/wp\/v2\/media\/1000680160"}],"wp:attachment":[{"href":"https:\/\/grandepremio.com\/br\/wp-json\/wp\/v2\/media?parent=103315"}],"wp:term":[{"taxonomy":"category","embeddable":true,"href":"https:\/\/grandepremio.com\/br\/wp-json\/wp\/v2\/categories?post=103315"},{"taxonomy":"post_tag","embeddable":true,"href":"https:\/\/grandepremio.com\/br\/wp-json\/wp\/v2\/tags?post=103315"},{"taxonomy":"42wp_author","embeddable":true,"href":"https:\/\/grandepremio.com\/br\/wp-json\/wp\/v2\/42wp_author?post=103315"}],"curies":[{"name":"wp","href":"https:\/\/api.w.org\/{rel}","templated":true}]}}