{"id":103323,"date":"2023-05-06T19:35:33","date_gmt":"2023-05-06T22:35:33","guid":{"rendered":"https:\/\/grandepremio.com\/br\/noticias\/carlos-sainz-celebra-3o-lugar-muito-bom-no-grid-em-miami-estamos-melhorando\/"},"modified":"2023-05-06T19:35:39","modified_gmt":"2023-05-06T22:35:39","slug":"carlos-sainz-celebra-3o-lugar-muito-bom-no-grid-em-miami-estamos-melhorando","status":"publish","type":"post","link":"https:\/\/grandepremio.com\/br\/f1\/carlos-sainz-celebra-3o-lugar-muito-bom-no-grid-em-miami-estamos-melhorando\/","title":{"rendered":"Sainz celebra 3\u00ba lugar &#8220;muito bom&#8221; no grid em Miami: &#8220;Estamos melhorando&#8221;"},"content":{"rendered":"\n<p class=\"wp-block-paragraph\"><strong>Carlos Sainz<\/strong> teve o seu melhor resultado em classifica\u00e7\u00e3o em 2023, depois de cravar o terceiro lugar no grid para o <strong>GP de Miami,<\/strong> que acontece no pr\u00f3ximo domingo. Para alcan\u00e7ar o feito, o espanhol da <strong>Ferrari <\/strong>se valeu do bom ritmo de volta lan\u00e7ada da <strong>SF-23<\/strong>, e ainda contou com a <a href=\"https:\/\/www.grandepremio.com\/br\/f1\/noticias\/charles-leclerc-bate-forte-no-final-do-q3-e-decide-classificacao-a-favor-de-perez-em-miami\/\" class=\"ek-link\">bandeira vermelha causada pelo companheiro C<strong>harles Leclerc<\/strong><\/a>, que impediu que <strong>Max Verstappen<\/strong> \u2014 favorito \u00e0 pole \u2014 registrasse um tempo de volta no Q3.<\/p>\n\n\n\n<p class=\"wp-block-paragraph\">Sainz reconheceu que a sess\u00e3o realizada no s\u00e1bado n\u00e3o foi das mais f\u00e1ceis para a Ferrari. No entanto, mostrou felicidade com o terceiro lugar e admitiu que a equipe est\u00e1 evoluindo na temporada 2023 da <strong>F\u00f3rmula 1.<\/strong><\/p>\n\n\n\n<p class=\"wp-block-paragraph\"><strong>\u25b6\ufe0f&nbsp;Inscreva-se nos dois canais do GRANDE PR\u00caMIO no YouTube:&nbsp;<a href=\"https:\/\/www.youtube.com\/channel\/UC9OlHEgxoaY6QY6nWPoiqQg?sub_confirmation=1\" target=\"_blank\" rel=\"noreferrer noopener\">GP<\/a>&nbsp;|&nbsp;<a href=\"https:\/\/www.youtube.com\/channel\/UC9csiS6q_C3C0FYhyr1rnFA?sub_confirmation=1\" target=\"_blank\" rel=\"noreferrer noopener\">GP2<\/a><\/strong><br><strong>\u25b6\ufe0f&nbsp;<a href=\"https:\/\/www.twitch.tv\/grandepremio\" target=\"_blank\" rel=\"noreferrer noopener\">Conhe\u00e7a o canal do GRANDE PR\u00caMIO na Twitch clicando aqui!<\/a><\/strong><\/p>\n\n\n\n<p class=\"wp-block-paragraph\">&#8220;Foi uma classifica\u00e7\u00e3o bem dif\u00edcil para a gente, n\u00e3o est\u00e1vamos conseguindo compreender muito bem o funcionamento dos pneus, ent\u00e3o estava dif\u00edcil n\u00e3o cometer erros. Al\u00e9m disso come\u00e7ou a ventar demais, o que dificultou ainda mais as coisas. Mas terceiro foi muito bom, era mais ou menos onde eu deveria estar. Acho que estamos melhorando&#8221;, celebrou o #55 da Ferrari.<\/p>\n\n\n\n<figure class=\"wp-block-image size-large\"><img decoding=\"async\" src=\"https:\/\/www.grandepremio.com\/br\/wp-content\/uploads\/2023\/05\/f1-2023-miami-treinos-livres-ferrari-carlossainz-03-1024x683.jpg\" alt=\"\" class=\"wp-image-680196\"\/><figcaption>Carlos Sainz vai largar da terceira posi\u00e7\u00e3o (Foto: Ferrari)<\/figcaption><\/figure>\n\n\n\n<p class=\"wp-block-paragraph\">Para a corrida, no entanto, Sainz preferiu conter as expectativas, j\u00e1 que a corrida n\u00e3o \u00e9 o ponto forte da escuderia italiana, e a alta temperatura pode trazer alguns imprevistos para a <strong>SF-23.<\/strong><\/p>\n\n\n\n<p class=\"wp-block-paragraph\">&#8220;A gente n\u00e3o sabe muito como o carro vai performar no calor, normalmente a corrida \u00e9 nosso ponto fraco. Eu vou tentar fazer um trabalho melhor do que na \u00faltima [corrida] e tentar conseguir um p\u00f3dio&#8221;, disse. &#8220;A Red Bull \u00e9 favorita, mas com Fernando [Alonso] e as Mercedes, que est\u00e3o um pouco mais para tr\u00e1s, vai ser uma briga boa&#8221;, finalizou.<\/p>\n\n\n\n<p class=\"wp-block-paragraph\">Com o bom rendimento na classifica\u00e7\u00e3o, e rivais diretos como a dupla da <strong>Mercedes<\/strong>, Leclerc e Verstappen largando mais para tr\u00e1s do grid, Sainz tem uma boa chance de conquistar seu primeiro p\u00f3dio na temporada 2023 da F\u00f3rmula 1.<\/p>\n\n\n\n<p class=\"wp-block-paragraph\">A largada para o <strong>GP de Miami<\/strong> est\u00e1 marcada para 16h30 (de Bras\u00edlia, GMT-3) deste domingo. <strong>O GRANDE PR\u00caMIO<\/strong> acompanha todas as atividades da <strong>temporada 2023 da F\u00f3rmula 1 AO VIVO e EM TEMPO REAL. <\/strong>Tem ainda a segunda tela da corrida em parceria com a Voz do Esporte a partir das 16h10.<\/p>\n","protected":false},"excerpt":{"rendered":"<p>Carlos Sainz gostou do resultado obtido na classifica\u00e7\u00e3o e, embora reconhe\u00e7a uma melhora no desempenho da Ferrari, acredita que a temperatura elevada durante o GP de Miami pode ser um problema para o rendimento da SF-23<\/p>\n","protected":false},"author":0,"featured_media":1000680151,"comment_status":"closed","ping_status":"closed","sticky":false,"template":"","format":"standard","meta":{"42wp_featured_image_caption":"","42wp_featured_image_credits":"","42wp_featured_video":"","42wp_featured_image_hidden":false,"42wp_authors_list":[],"footnotes":""},"categories":[2],"tags":[388,309,546,147,207,34707,24836,28285,2780,82,204,2639,3132,33737],"42wp_author":[47149],"class_list":["post-103323","post","type-post","status-publish","format-standard","has-post-thumbnail","hentry","category-f1","tag-alonso","tag-aston-martin","tag-carlos-sainz","tag-f1","tag-ferrari","tag-gp-miami","tag-grande-premio-2","tag-grandepremio","tag-leclerc","tag-mercedes","tag-red-bull","tag-red-bull-racing","tag-sergio-perez","tag-sf-23","42wp_author-bernardo-castro"],"_links":{"self":[{"href":"https:\/\/grandepremio.com\/br\/wp-json\/wp\/v2\/posts\/103323","targetHints":{"allow":["GET"]}}],"collection":[{"href":"https:\/\/grandepremio.com\/br\/wp-json\/wp\/v2\/posts"}],"about":[{"href":"https:\/\/grandepremio.com\/br\/wp-json\/wp\/v2\/types\/post"}],"replies":[{"embeddable":true,"href":"https:\/\/grandepremio.com\/br\/wp-json\/wp\/v2\/comments?post=103323"}],"version-history":[{"count":0,"href":"https:\/\/grandepremio.com\/br\/wp-json\/wp\/v2\/posts\/103323\/revisions"}],"wp:featuredmedia":[{"embeddable":true,"href":"https:\/\/grandepremio.com\/br\/wp-json\/wp\/v2\/media\/1000680151"}],"wp:attachment":[{"href":"https:\/\/grandepremio.com\/br\/wp-json\/wp\/v2\/media?parent=103323"}],"wp:term":[{"taxonomy":"category","embeddable":true,"href":"https:\/\/grandepremio.com\/br\/wp-json\/wp\/v2\/categories?post=103323"},{"taxonomy":"post_tag","embeddable":true,"href":"https:\/\/grandepremio.com\/br\/wp-json\/wp\/v2\/tags?post=103323"},{"taxonomy":"42wp_author","embeddable":true,"href":"https:\/\/grandepremio.com\/br\/wp-json\/wp\/v2\/42wp_author?post=103323"}],"curies":[{"name":"wp","href":"https:\/\/api.w.org\/{rel}","templated":true}]}}