{"id":103324,"date":"2023-05-06T19:32:35","date_gmt":"2023-05-06T22:32:35","guid":{"rendered":"https:\/\/grandepremio.com\/br\/noticias\/george-russell-6o-lugar-lisonjeiro-desabafa-nao-diria-estou-muito-satisfeito\/"},"modified":"2023-05-06T19:43:49","modified_gmt":"2023-05-06T22:43:49","slug":"george-russell-6o-lugar-lisonjeiro-desabafa-nao-diria-estou-muito-satisfeito","status":"publish","type":"post","link":"https:\/\/grandepremio.com\/br\/f1\/george-russell-6o-lugar-lisonjeiro-desabafa-nao-diria-estou-muito-satisfeito\/","title":{"rendered":"Russell v\u00ea 6\u00ba lugar \u201clisonjeiro\u201d, mas desabafa: \u201cN\u00e3o diria que estou muito satisfeito\u201d"},"content":{"rendered":"\n<p class=\"wp-block-paragraph\"><strong>George Russell<\/strong> classificou o resultado da <a href=\"https:\/\/www.grandepremio.com\/br\/f1\/noticias\/sergio-perez-pole-miami-ajuda-acidente-charles-leclerc-max-verstappen-9o\/\" class=\"ek-link\">classifica\u00e7\u00e3o para o GP de <strong>Miami<\/strong><\/a><strong> <\/strong>como \u201clisonjeiro\u201d. Ainda assim, o brit\u00e2nico reconheceu que n\u00e3o diria que ficou \u201cmuito satisfeito\u201d com o sexto posto conquistado neste s\u00e1bado (6).<\/p>\n\n\n\n<p class=\"wp-block-paragraph\">A <a href=\"https:\/\/www.grandepremio.com\/br\/f1\/noticias\/charles-leclerc-bate-forte-no-final-do-q3-e-decide-classificacao-a-favor-de-perez-em-miami\/\" class=\"ek-link\">classifica\u00e7\u00e3o em Miami teve o final antecipado por causa de um acidente de <strong>Charles Leclerc<\/strong>, que bateu nos minutos finais e motivou uma bandeira vermelha<\/a>. Mas, diferente de alguns favoritos, que foram atrapalhados pelo incidente, Russell acabou beneficiado e, com 1min27s804, garantiu o direito de fechar a terceira fila do grid.<\/p>\n\n\n\n<figure class=\"wp-block-image size-large\"><img decoding=\"async\" src=\"https:\/\/www.grandepremio.com\/br\/wp-content\/uploads\/2023\/05\/f1-2023-miami-treinos-livres-mercedes-georgerussell-01-2-1024x683.jpg\" alt=\"\" class=\"wp-image-680131\"\/><figcaption>George Russell torceu para n\u00e3o ficar travado em Gasly e Magnussen (Foto: Mercedes)<\/figcaption><\/figure>\n\n\n\n<p class=\"wp-block-paragraph\"><strong>\u25b6\ufe0f\u00a0Inscreva-se nos dois canais do GRANDE PR\u00caMIO no YouTube:\u00a0<a href=\"https:\/\/www.youtube.com\/channel\/UC9OlHEgxoaY6QY6nWPoiqQg?sub_confirmation=1\" target=\"_blank\" rel=\"noreferrer noopener\">GP<\/a>\u00a0|\u00a0<a href=\"https:\/\/www.youtube.com\/channel\/UC9csiS6q_C3C0FYhyr1rnFA?sub_confirmation=1\" target=\"_blank\" rel=\"noreferrer noopener\">GP2<\/a><\/strong><br><strong>\u25b6\ufe0f\u00a0<a href=\"https:\/\/www.twitch.tv\/grandepremio\" target=\"_blank\" rel=\"noreferrer noopener\">Conhe\u00e7a o canal do GRANDE PR\u00caMIO na Twitch clicando aqui!<\/a><\/strong><\/p>\n\n\n\n<p class=\"wp-block-paragraph\">\u201cEu n\u00e3o diria, necessariamente, muito satisfeito. Claro, aceito o resultado, \u00e9 muito lisonjeiro para a performance que demonstramos\u201d, disse Russell. \u201cFiz uma volta realmente decente no Q2 apenas para passar, s\u00f3 para entrar no Q3 e n\u00e3o \u00e9 onde dever\u00edamos entrar. Todos est\u00e3o trabalhando muito, muito duro para trazer mais performance para o carro. Definitivamente, n\u00e3o \u00e9 por falta de esfor\u00e7o, s\u00f3 n\u00e3o est\u00e1 dando certo para n\u00f3s\u201d, ressaltou.<\/p>\n\n\n\n<p class=\"wp-block-paragraph\">Russell apontou que a <strong>Mercedes <\/strong>costuma ser melhor aos domingos e torceu para n\u00e3o ficar travado pela <strong>Haas <\/strong>de <strong>Kevin Magnussen <\/strong>e pela <strong>Alpine <\/strong>de <strong>Pierre Gasly<\/strong>, quarto e quinto, respectivamente.<\/p>\n\n\n\n<p class=\"wp-block-paragraph\">\u201c\u00c9 uma quest\u00e3o para n\u00f3s que, geralmente, temos um domingo melhor do que o s\u00e1bado\u201d, pontuou. \u201cObviamente, temos a Alpine e a Haas ao nosso redor. Tomara que possamos pass\u00e1-los. A Ferrari tende a sofrer um pouco mais no domingo\u201d, comentou.<\/p>\n\n\n\n<p class=\"wp-block-paragraph\">\u201cVamos focar em amanh\u00e3, mas precisamos pensar no quadro maior e como vamos levar a luta para os caras da ponta\u201d, concluiu.<\/p>\n\n\n\n<p class=\"wp-block-paragraph\">A largada para o\u00a0<strong>GP de\u00a0<a href=\"https:\/\/www.grandepremio.com\/br\/circuito\/miami\/\" target=\"_blank\" rel=\"noreferrer noopener\">Miami<\/a>\u00a0<\/strong>est\u00e1 marcada para as 16h30 (de Bras\u00edlia, GMT-3). O\u00a0<strong>GRANDE PR\u00caMIO<\/strong>\u00a0acompanha todas as atividades da temporada 2023 da\u00a0<strong><a href=\"https:\/\/www.grandepremio.com\/formula-1\/\" target=\"_blank\" rel=\"noreferrer noopener\">F\u00f3rmula 1<\/a>\u00a0AO VIVO<\/strong>\u00a0e<strong>\u00a0EM\u00a0<a href=\"https:\/\/www.grandepremio.com\/br\/ao-vivo\/\" target=\"_blank\" rel=\"noreferrer noopener\">TEMPO REAL<\/a><\/strong>. Neste domingo, tem ainda a segunda tela da corrida em parceria com a Voz do Esporte a partir das 16h10.<\/p>\n\n\n\n<figure class=\"wp-block-embed is-type-video is-provider-youtube wp-block-embed-youtube wp-embed-aspect-16-9 wp-has-aspect-ratio\"><div class=\"wp-block-embed__wrapper\">\n<iframe loading=\"lazy\" title=\"F1 2023 EM MIAMI: P\u00c9REZ POLE, VERSTAPPEN ERRA, LECLERC BATE! TUDO NO GRANDE PR\u00caMIO | Briefing\" width=\"500\" height=\"281\" src=\"https:\/\/www.youtube.com\/embed\/kY-ZuHbjFmk?feature=oembed\" frameborder=\"0\" allow=\"accelerometer; autoplay; clipboard-write; encrypted-media; gyroscope; picture-in-picture; web-share\" referrerpolicy=\"strict-origin-when-cross-origin\" allowfullscreen><\/iframe>\n<\/div><\/figure>\n","protected":false},"excerpt":{"rendered":"<p>Sexto colocado no grid de largada para o GP de Miami, George Russell afirmou que a Mercedes segue empenhada em melhorar, mas as coisas n\u00e3o est\u00e3o acontecendo como esperado<\/p>\n","protected":false},"author":0,"featured_media":1000680182,"comment_status":"closed","ping_status":"closed","sticky":false,"template":"","format":"standard","meta":{"42wp_featured_image_caption":"","42wp_featured_image_credits":"","42wp_featured_video":"","42wp_featured_image_hidden":false,"42wp_authors_list":[],"footnotes":""},"categories":[2],"tags":[33466,896,147,6533,180,30722,33465,800,28285,82,2470,33467],"42wp_author":[47113],"class_list":["post-103324","post","type-post","status-publish","format-standard","has-post-thumbnail","hentry","category-f1","tag-calendario-formula-1-2023","tag-estados-unidos","tag-f1","tag-f1-2023","tag-formula-1","tag-formula-1-2023","tag-formula-1-classificacao-2023","tag-george-russell","tag-grandepremio","tag-mercedes","tag-miami","tag-onde-assistir-f1-2023","42wp_author-juliana-tesser"],"_links":{"self":[{"href":"https:\/\/grandepremio.com\/br\/wp-json\/wp\/v2\/posts\/103324","targetHints":{"allow":["GET"]}}],"collection":[{"href":"https:\/\/grandepremio.com\/br\/wp-json\/wp\/v2\/posts"}],"about":[{"href":"https:\/\/grandepremio.com\/br\/wp-json\/wp\/v2\/types\/post"}],"replies":[{"embeddable":true,"href":"https:\/\/grandepremio.com\/br\/wp-json\/wp\/v2\/comments?post=103324"}],"version-history":[{"count":0,"href":"https:\/\/grandepremio.com\/br\/wp-json\/wp\/v2\/posts\/103324\/revisions"}],"wp:featuredmedia":[{"embeddable":true,"href":"https:\/\/grandepremio.com\/br\/wp-json\/wp\/v2\/media\/1000680182"}],"wp:attachment":[{"href":"https:\/\/grandepremio.com\/br\/wp-json\/wp\/v2\/media?parent=103324"}],"wp:term":[{"taxonomy":"category","embeddable":true,"href":"https:\/\/grandepremio.com\/br\/wp-json\/wp\/v2\/categories?post=103324"},{"taxonomy":"post_tag","embeddable":true,"href":"https:\/\/grandepremio.com\/br\/wp-json\/wp\/v2\/tags?post=103324"},{"taxonomy":"42wp_author","embeddable":true,"href":"https:\/\/grandepremio.com\/br\/wp-json\/wp\/v2\/42wp_author?post=103324"}],"curies":[{"name":"wp","href":"https:\/\/api.w.org\/{rel}","templated":true}]}}