{"id":103326,"date":"2023-05-06T19:12:48","date_gmt":"2023-05-06T22:12:48","guid":{"rendered":"https:\/\/grandepremio.com\/br\/noticias\/max-verstappen-assume-foi-limite-q3-lamenta-dificultei-mesmo\/"},"modified":"2023-05-06T21:42:27","modified_gmt":"2023-05-07T00:42:27","slug":"max-verstappen-assume-foi-limite-q3-lamenta-dificultei-mesmo","status":"publish","type":"post","link":"https:\/\/grandepremio.com\/br\/f1\/max-verstappen-assume-foi-limite-q3-lamenta-dificultei-mesmo\/","title":{"rendered":"Verstappen assume que foi ao limite no Q3 e lamenta: &#8220;Dificultei para mim mesmo&#8221;"},"content":{"rendered":"\n<figure class=\"wp-block-embed is-type-video is-provider-youtube wp-block-embed-youtube wp-embed-aspect-16-9 wp-has-aspect-ratio\"><div class=\"wp-block-embed__wrapper\">\n<iframe loading=\"lazy\" title=\"F1 2023 EM MIAMI: P\u00c9REZ POLE, VERSTAPPEN ERRA, LECLERC BATE! TUDO NO GRANDE PR\u00caMIO | Briefing\" width=\"500\" height=\"281\" src=\"https:\/\/www.youtube.com\/embed\/kY-ZuHbjFmk?feature=oembed\" frameborder=\"0\" allow=\"accelerometer; autoplay; clipboard-write; encrypted-media; gyroscope; picture-in-picture; web-share\" referrerpolicy=\"strict-origin-when-cross-origin\" allowfullscreen><\/iframe>\n<\/div><\/figure>\n\n\n\n<p class=\"wp-block-paragraph\"><strong>Max Verstappen<\/strong> n\u00e3o nega: saiu com um gosto amargo da classifica\u00e7\u00e3o do <strong>GP de Miami<\/strong> neste s\u00e1bado (6). <a href=\"https:\/\/www.grandepremio.com\/br\/f1\/noticias\/sergio-perez-pole-miami-ajuda-acidente-charles-leclerc-max-verstappen-9o\/\" class=\"ek-link\">Por causa da bandeira vermelha acionada por <strong>Charles Leclerc<\/strong>, o bicampe\u00e3o mundial n\u00e3o conseguiu dar seu \u00faltimo giro e vai partir da nona posi\u00e7\u00e3o. <\/a><\/p>\n\n\n\n<p class=\"wp-block-paragraph\">Mas ele n\u00e3o culpou o monegasco. Pelo contr\u00e1rio, culpou a si mesmo pelo resultado ruim. No in\u00edcio do Q3, o #1 quase perdeu o controle do carro ap\u00f3s, segundo ele mesmo, dar uma volta &#8220;muito agressiva&#8221;, a qual acabou abortando, no final das contas. Uma oportunidade perdida. <\/p>\n\n\n\n<p class=\"wp-block-paragraph\"><strong>\u25b6\ufe0f\u00a0Inscreva-se nos dois canais do GRANDE PR\u00caMIO no YouTube:\u00a0<a href=\"https:\/\/www.youtube.com\/channel\/UC9OlHEgxoaY6QY6nWPoiqQg?sub_confirmation=1\" target=\"_blank\" rel=\"noreferrer noopener\">GP<\/a>\u00a0|\u00a0<a href=\"https:\/\/www.youtube.com\/channel\/UC9csiS6q_C3C0FYhyr1rnFA?sub_confirmation=1\" target=\"_blank\" rel=\"noreferrer noopener\">GP2<\/a><\/strong><br><strong>\u25b6\ufe0f\u00a0<a href=\"https:\/\/www.twitch.tv\/grandepremio\" target=\"_blank\" rel=\"noreferrer noopener\">Conhe\u00e7a o canal do GRANDE PR\u00caMIO na Twitch clicando aqui!<\/a><\/strong><\/p>\n\n\n\n<figure class=\"wp-block-image size-large\"><img decoding=\"async\" src=\"https:\/\/www.grandepremio.com\/br\/wp-content\/uploads\/2023\/05\/f1-2023-miami-treinos-livres-redbull-maxverstappen-afp-01-2-1024x683.jpg\" alt=\"\" class=\"wp-image-680192\"\/><figcaption>Max Verstappen lamentou a classifica\u00e7\u00e3o de Miami (Foto: AFP) <\/figcaption><\/figure>\n\n\n\n<p class=\"wp-block-paragraph\">\u201cEu estava tentando ir ao limite, ent\u00e3o cometi um erro e tive de abortar a volta\u201d, disse Verstappen. &#8220;Voc\u00ea conta com um pouco de sorte de que n\u00e3o haver\u00e1 bandeira vermelha, mas isso pode acontecer em um circuito de rua. Estou um pouco chateado comigo mesmo&#8221;, completou. <\/p>\n\n\n\n<p class=\"wp-block-paragraph\">&#8220;Vai ser dif\u00edcil. Eu dificultei para mim mesmo, ent\u00e3o tenho de aceitar isso&#8221;, lamentou o holand\u00eas. <\/p>\n\n\n\n<p class=\"wp-block-paragraph\">Seu companheiro de equipe,<strong> Sergio P\u00e9rez<\/strong>, saiu com um sorriso de orelha a orelha: \u00e9 pole e num tipo de pista que ele costuma ir bem. A dist\u00e2ncia entre ele e Verstappen no<strong> Mundial de Pilotos<\/strong> \u00e9 de apenas seis pontos, o que deixa tudo ainda mais interessante para a corrida americana. <\/p>\n\n\n\n<p class=\"wp-block-paragraph\">A largada para o&nbsp;<strong>GP de&nbsp;<a href=\"https:\/\/www.grandepremio.com\/br\/circuito\/miami\/\" target=\"_blank\" rel=\"noreferrer noopener\">Miami<\/a>&nbsp;<\/strong>est\u00e1 marcada para as 16h30 (de Bras\u00edlia, GMT-3). O&nbsp;<strong>GRANDE PR\u00caMIO<\/strong>&nbsp;acompanha todas as atividades da temporada 2023 da&nbsp;<strong><a href=\"https:\/\/www.grandepremio.com\/formula-1\/\" target=\"_blank\" rel=\"noreferrer noopener\">F\u00f3rmula 1<\/a>&nbsp;AO VIVO<\/strong>&nbsp;e<strong>&nbsp;EM&nbsp;<a href=\"https:\/\/www.grandepremio.com\/br\/ao-vivo\/\" target=\"_blank\" rel=\"noreferrer noopener\">TEMPO REAL<\/a><\/strong>. Neste domingo, tem ainda a segunda tela da corrida em parceria com a Voz do Esporte a partir das 16h10.<\/p>\n","protected":false},"excerpt":{"rendered":"<p>Max Verstappen assumiu a culpa pelo resultado ruim na classifica\u00e7\u00e3o do GP de Miami e admitiu que ir ao limite no Q3 n\u00e3o foi a melhor escolha <\/p>\n","protected":false},"author":0,"featured_media":1000680158,"comment_status":"closed","ping_status":"closed","sticky":false,"template":"","format":"standard","meta":{"42wp_featured_image_caption":"","42wp_featured_image_credits":"","42wp_featured_video":"","42wp_featured_image_hidden":false,"42wp_authors_list":[],"footnotes":""},"categories":[2],"tags":[147,6533,180,30722,873,1491,30103,28285,203,2470,204,31447],"42wp_author":[47139],"class_list":["post-103326","post","type-post","status-publish","format-standard","has-post-thumbnail","hentry","category-f1","tag-f1","tag-f1-2023","tag-formula-1","tag-formula-1-2023","tag-gp-de-miami","tag-grande-premio","tag-grande-premio-f1","tag-grandepremio","tag-max-verstappen","tag-miami","tag-red-bull","tag-temporada-2023-f1","42wp_author-ana-cerveira"],"_links":{"self":[{"href":"https:\/\/grandepremio.com\/br\/wp-json\/wp\/v2\/posts\/103326","targetHints":{"allow":["GET"]}}],"collection":[{"href":"https:\/\/grandepremio.com\/br\/wp-json\/wp\/v2\/posts"}],"about":[{"href":"https:\/\/grandepremio.com\/br\/wp-json\/wp\/v2\/types\/post"}],"replies":[{"embeddable":true,"href":"https:\/\/grandepremio.com\/br\/wp-json\/wp\/v2\/comments?post=103326"}],"version-history":[{"count":0,"href":"https:\/\/grandepremio.com\/br\/wp-json\/wp\/v2\/posts\/103326\/revisions"}],"wp:featuredmedia":[{"embeddable":true,"href":"https:\/\/grandepremio.com\/br\/wp-json\/wp\/v2\/media\/1000680158"}],"wp:attachment":[{"href":"https:\/\/grandepremio.com\/br\/wp-json\/wp\/v2\/media?parent=103326"}],"wp:term":[{"taxonomy":"category","embeddable":true,"href":"https:\/\/grandepremio.com\/br\/wp-json\/wp\/v2\/categories?post=103326"},{"taxonomy":"post_tag","embeddable":true,"href":"https:\/\/grandepremio.com\/br\/wp-json\/wp\/v2\/tags?post=103326"},{"taxonomy":"42wp_author","embeddable":true,"href":"https:\/\/grandepremio.com\/br\/wp-json\/wp\/v2\/42wp_author?post=103326"}],"curies":[{"name":"wp","href":"https:\/\/api.w.org\/{rel}","templated":true}]}}