{"id":103329,"date":"2023-05-06T18:43:43","date_gmt":"2023-05-06T21:43:43","guid":{"rendered":"https:\/\/grandepremio.com\/br\/noticias\/ferrari-defende-charles-leclerc-batida-miami-nao-da-dizer-forcou-demais\/"},"modified":"2023-05-06T18:45:45","modified_gmt":"2023-05-06T21:45:45","slug":"ferrari-defende-charles-leclerc-batida-miami-nao-da-dizer-forcou-demais","status":"publish","type":"post","link":"https:\/\/grandepremio.com\/br\/f1\/ferrari-defende-charles-leclerc-batida-miami-nao-da-dizer-forcou-demais\/","title":{"rendered":"Ferrari defende Leclerc por batida em Miami: \u201cN\u00e3o d\u00e1 para dizer que ele for\u00e7ou demais\u201d"},"content":{"rendered":"\n<p class=\"wp-block-paragraph\">Chefe da <strong>Ferrari<\/strong>, <strong>Fr\u00e9d\u00e9ric Vasseur<\/strong> isentou <strong>Charles Leclerc <\/strong>pela batida que <a href=\"https:\/\/www.grandepremio.com\/br\/f1\/noticias\/sergio-perez-pole-miami-ajuda-acidente-charles-leclerc-max-verstappen-9o\/\" class=\"ek-link\">antecipou o final da classifica\u00e7\u00e3o da <strong>F\u00f3rmula 1<\/strong> para o GP de <strong>Miami<\/strong><\/a>. O dirigente considerou que, quando se briga pela pole, n\u00e3o h\u00e1 alternativa a n\u00e3o ser for\u00e7ar ao m\u00e1ximo.<\/p>\n\n\n\n<p class=\"wp-block-paragraph\">Faltando menos de dois minutos para o fim do Q2 deste s\u00e1bado (6), Leclerc bateu a <strong>Ferrari <\/strong>e motivou a interrup\u00e7\u00e3o da sess\u00e3o em bandeira vermelha. Com pouco tempo ainda no cron\u00f4metro, a <strong>F1 <\/strong>deu a sess\u00e3o por encerrada, o que assegurou a pole-position de <strong>Sergio P\u00e9rez <\/strong>e deixou <strong>Max Verstappen <\/strong>s\u00f3 em nono. Charles vai sair s\u00f3 em s\u00e9timo.<\/p>\n\n\n\n<figure class=\"wp-block-image size-large\"><img decoding=\"async\" src=\"https:\/\/www.grandepremio.com\/br\/wp-content\/uploads\/2023\/04\/Vasseur-1024x683.jpg\" alt=\"\" class=\"wp-image-671780\"\/><figcaption>Vasseur evitou criticar Leclerc pelo acidente em Miami (Foto: Ferrari)<\/figcaption><\/figure>\n\n\n\n<p class=\"wp-block-paragraph\"><strong>\u25b6\ufe0f\u00a0Inscreva-se nos dois canais do GRANDE PR\u00caMIO no YouTube:\u00a0<a href=\"https:\/\/www.youtube.com\/channel\/UC9OlHEgxoaY6QY6nWPoiqQg?sub_confirmation=1\" target=\"_blank\" rel=\"noreferrer noopener\">GP<\/a>\u00a0|\u00a0<a href=\"https:\/\/www.youtube.com\/channel\/UC9csiS6q_C3C0FYhyr1rnFA?sub_confirmation=1\" target=\"_blank\" rel=\"noreferrer noopener\">GP2<\/a><\/strong><br><strong>\u25b6\ufe0f\u00a0<a href=\"https:\/\/www.twitch.tv\/grandepremio\" target=\"_blank\" rel=\"noreferrer noopener\">Conhe\u00e7a o canal do GRANDE PR\u00caMIO na Twitch clicando aqui!<\/a><\/strong><\/p>\n\n\n\n<p class=\"wp-block-paragraph\">Vasseur, por\u00e9m, n\u00e3o criticou o monegasco e considerou que, com chances de pole, era normal que Leclerc for\u00e7asse o ritmo.<\/p>\n\n\n\n<p class=\"wp-block-paragraph\">\u201cLeclerc estava no limite\u201d, disse o chefe da Ferrari \u00e0 TV italiana. \u201cNos primeiros setores, ele fez o melhor tempo e tinha ritmo para primeira fila\u201d, comentou.<\/p>\n\n\n\n<p class=\"wp-block-paragraph\">Ainda, Vasseur diz que prefere um piloto que peque pelo excesso do que um que encerre a classifica\u00e7\u00e3o dizendo que poderia ter feito mais.<\/p>\n\n\n\n<p class=\"wp-block-paragraph\">\u201cQuando voc\u00ea est\u00e1 lutando pela pole, voc\u00ea tem que for\u00e7ar. N\u00e3o d\u00e1 para dizer que ele for\u00e7ou demais\u201d, defendeu. \u201cMelhor algu\u00e9m que force demais, do que algu\u00e9m que chega no fim da classifica\u00e7\u00e3o e diz: podia ter for\u00e7ado mais\u201d, ponderou.<\/p>\n\n\n\n<p class=\"wp-block-paragraph\">Por fim, o dirigente disse que a Ferrari ainda tem chances de se recuperar no domingo, mas tem a velocidade da Red Bull como principal obst\u00e1culo.<\/p>\n\n\n\n<p class=\"wp-block-paragraph\">\u201cAmanh\u00e3 n\u00f3s podemos recuperar, mas o problema \u00e9 a velocidade da Red Bull\u201d, reconheceu. \u201cPena que o Sainz n\u00e3o repetiu o tempo do Q2 no Q3, sen\u00e3o estaria na primeira fila\u201d, encerrou.<\/p>\n\n\n\n<p class=\"wp-block-paragraph\">A largada para o\u00a0<strong>GP de\u00a0<a href=\"https:\/\/www.grandepremio.com\/br\/circuito\/miami\/\" target=\"_blank\" rel=\"noreferrer noopener\">Miami<\/a>\u00a0<\/strong>est\u00e1 marcada para as 16h30 (de Bras\u00edlia, GMT-3). O\u00a0<strong>GRANDE PR\u00caMIO<\/strong>\u00a0acompanha todas as atividades da temporada 2023 da\u00a0<strong><a href=\"https:\/\/www.grandepremio.com\/formula-1\/\" target=\"_blank\" rel=\"noreferrer noopener\">F\u00f3rmula 1<\/a>\u00a0AO VIVO<\/strong>\u00a0e<strong>\u00a0EM\u00a0<a href=\"https:\/\/www.grandepremio.com\/br\/ao-vivo\/\" target=\"_blank\" rel=\"noreferrer noopener\">TEMPO REAL<\/a><\/strong>. Neste domingo, tem ainda a segunda tela da corrida em parceria com a Voz do Esporte a partir das 16h10.<\/p>\n\n\n\n<figure class=\"wp-block-embed is-type-video is-provider-youtube wp-block-embed-youtube wp-embed-aspect-16-9 wp-has-aspect-ratio\"><div class=\"wp-block-embed__wrapper\">\n<iframe loading=\"lazy\" title=\"F1 2023 EM MIAMI: P\u00c9REZ POLE, VERSTAPPEN ERRA, LECLERC BATE! TUDO NO GRANDE PR\u00caMIO | Briefing\" width=\"500\" height=\"281\" src=\"https:\/\/www.youtube.com\/embed\/kY-ZuHbjFmk?feature=oembed\" frameborder=\"0\" allow=\"accelerometer; autoplay; clipboard-write; encrypted-media; gyroscope; picture-in-picture; web-share\" referrerpolicy=\"strict-origin-when-cross-origin\" allowfullscreen><\/iframe>\n<\/div><\/figure>\n","protected":false},"excerpt":{"rendered":"<p>Chefe da Ferrari, Fr\u00e9d\u00e9ric Vasseur avaliou que n\u00e3o d\u00e1 para culpar Charles Leclerc por ter for\u00e7ado demais na classifica\u00e7\u00e3o, j\u00e1 que ele brigava pela pole do GP de Miami. Dirigente colocou a velocidade da Red Bull como obst\u00e1culo para uma prova de recupera\u00e7\u00e3o<\/p>\n","protected":false},"author":0,"featured_media":1000680225,"comment_status":"closed","ping_status":"closed","sticky":false,"template":"","format":"standard","meta":{"42wp_featured_image_caption":"","42wp_featured_image_credits":"","42wp_featured_video":"","42wp_featured_image_hidden":false,"42wp_authors_list":[],"footnotes":""},"categories":[2],"tags":[209,896,147,6533,207,180,30722,33465,1322,28285,2470,33467],"42wp_author":[47113],"class_list":["post-103329","post","type-post","status-publish","format-standard","has-post-thumbnail","hentry","category-f1","tag-charles-leclerc","tag-estados-unidos","tag-f1","tag-f1-2023","tag-ferrari","tag-formula-1","tag-formula-1-2023","tag-formula-1-classificacao-2023","tag-frederic-vasseur","tag-grandepremio","tag-miami","tag-onde-assistir-f1-2023","42wp_author-juliana-tesser"],"_links":{"self":[{"href":"https:\/\/grandepremio.com\/br\/wp-json\/wp\/v2\/posts\/103329","targetHints":{"allow":["GET"]}}],"collection":[{"href":"https:\/\/grandepremio.com\/br\/wp-json\/wp\/v2\/posts"}],"about":[{"href":"https:\/\/grandepremio.com\/br\/wp-json\/wp\/v2\/types\/post"}],"replies":[{"embeddable":true,"href":"https:\/\/grandepremio.com\/br\/wp-json\/wp\/v2\/comments?post=103329"}],"version-history":[{"count":0,"href":"https:\/\/grandepremio.com\/br\/wp-json\/wp\/v2\/posts\/103329\/revisions"}],"wp:featuredmedia":[{"embeddable":true,"href":"https:\/\/grandepremio.com\/br\/wp-json\/wp\/v2\/media\/1000680225"}],"wp:attachment":[{"href":"https:\/\/grandepremio.com\/br\/wp-json\/wp\/v2\/media?parent=103329"}],"wp:term":[{"taxonomy":"category","embeddable":true,"href":"https:\/\/grandepremio.com\/br\/wp-json\/wp\/v2\/categories?post=103329"},{"taxonomy":"post_tag","embeddable":true,"href":"https:\/\/grandepremio.com\/br\/wp-json\/wp\/v2\/tags?post=103329"},{"taxonomy":"42wp_author","embeddable":true,"href":"https:\/\/grandepremio.com\/br\/wp-json\/wp\/v2\/42wp_author?post=103329"}],"curies":[{"name":"wp","href":"https:\/\/api.w.org\/{rel}","templated":true}]}}