{"id":103368,"date":"2023-05-05T21:15:15","date_gmt":"2023-05-06T00:15:15","guid":{"rendered":"https:\/\/grandepremio.com\/br\/noticias\/fernando-alonso-fala-em-sexta-feira-rotineira-e-poe-classificacao-como-crucial-em-miami\/"},"modified":"2023-05-05T21:16:46","modified_gmt":"2023-05-06T00:16:46","slug":"fernando-alonso-fala-em-sexta-feira-rotineira-e-poe-classificacao-como-crucial-em-miami","status":"publish","type":"post","link":"https:\/\/grandepremio.com\/br\/f1\/fernando-alonso-fala-em-sexta-feira-rotineira-e-poe-classificacao-como-crucial-em-miami\/","title":{"rendered":"Alonso fala em &#8220;sexta-feira rotineira&#8221; e p\u00f5e classifica\u00e7\u00e3o como crucial em Miami"},"content":{"rendered":"\n<p class=\"wp-block-paragraph\"><strong>Fernando Alonso<\/strong> n\u00e3o pareceu t\u00e3o entusiasmo ap\u00f3s o primeiro dia de treinos livres do <strong>GP de Miami <\/strong>de F1. O bicampe\u00e3o falou sobre o trabalho de limpeza do circuito \u2014 o tra\u00e7ado foi todo recapeado e exigiu paci\u00eancia dos pilotos na busca por ader\u00eancia ao longo da sexta-feira. O espanhol tamb\u00e9m citou as bandeiras vermelhas e <a href=\"https:\/\/www.grandepremio.com\/br\/f1\/noticias\/max-verstappen-voa-e-fecha-segundo-treino-livre-na-ponta-em-miami-charles-leclerc-bate\/\" class=\"ek-link\">se deu por satisfeito com o quinto melhor tempo da tabela<\/a>, em uma diferen\u00e7a de 0s7 para o l\u00edder <strong>Max Verstappen<\/strong>.<\/p>\n\n\n\n<p class=\"wp-block-paragraph\">O piloto da Aston Martin celebrou o maior tempo de pista para acertar o carro e entender melhor o comportamento dos pneus. &#8220;Foi uma sexta-feira relativamente rotineira para n\u00f3s depois do formato diferente em Baku. Tivemos mais tempo para aprender sobre o carro e os pneus neste fim de semana, apesar de algumas bandeiras vermelhas atrapalharem as sess\u00f5es&#8221;, falou Alonso, se referindo aos incidentes de Nico H\u00fclkenberg no TL1 e Charles Leclerc na segunda sess\u00e3o.<\/p>\n\n\n\n<p class=\"wp-block-paragraph\"><strong>\u25b6\ufe0f\u00a0Inscreva-se nos dois canais do GRANDE PR\u00caMIO no YouTube:\u00a0<a href=\"https:\/\/www.youtube.com\/channel\/UC9OlHEgxoaY6QY6nWPoiqQg?sub_confirmation=1\" target=\"_blank\" rel=\"noreferrer noopener\">GP<\/a>\u00a0|\u00a0<a href=\"https:\/\/www.youtube.com\/channel\/UC9csiS6q_C3C0FYhyr1rnFA?sub_confirmation=1\" target=\"_blank\" rel=\"noreferrer noopener\">GP2<\/a><\/strong><br><strong>\u25b6\ufe0f\u00a0<a href=\"https:\/\/www.twitch.tv\/grandepremio\" target=\"_blank\" rel=\"noreferrer noopener\">Conhe\u00e7a o canal do GRANDE PR\u00caMIO na Twitch clicando aqui!<\/a><\/strong><\/p>\n\n\n\n<figure class=\"wp-block-image size-large\"><img decoding=\"async\" src=\"https:\/\/www.grandepremio.com\/br\/wp-content\/uploads\/2023\/05\/GP2305_120358_U1A4503-1024x683.jpg\" alt=\"\" class=\"wp-image-679298\"\/><figcaption>Fernando Alonso destacou o asfalto novo do circuito de Miami (Foto: Aston Martin)<\/figcaption><\/figure>\n\n\n\n<p class=\"wp-block-paragraph\">&#8220;At\u00e9 agora, acho que a nova superf\u00edcie da pista parece ser melhor, mas basicamente limpamos o tra\u00e7ado hoje. Parece que quando voc\u00ea se afasta da trajet\u00f3ria, \u00e9 muito escorregadio, ent\u00e3o isso pode dificultar as ultrapassagens&#8221;, acrescentou Fernando. <\/p>\n\n\n\n<p class=\"wp-block-paragraph\">Sobre o fim de semana em si, Alonso ressaltou que, dada as caracter\u00edsticas do circuito norte-americano, a classifica\u00e7\u00e3o deste s\u00e1bado ser\u00e1 fundamental. Mas confia no melhor ritmo de corrida da Aston Martin. &#8220;A classifica\u00e7\u00e3o amanh\u00e3 \u00e9 importante, mas nossa for\u00e7a normalmente est\u00e1 no domingo, ent\u00e3o veremos o que fazer&#8221;, concluiu.<\/p>\n\n\n\n<p class=\"wp-block-paragraph\">O terceiro treino livre est\u00e1 marcado para o s\u00e1bado, a partir das 13h30 (de Bras\u00edlia, GMT-3). A classifica\u00e7\u00e3o, que define o grid de largada em\u00a0<a href=\"https:\/\/www.grandepremio.com\/br\/circuito\/miami\/\" target=\"_blank\" rel=\"noreferrer noopener\">Miami<\/a>, acontece \u00e0s 17h. O\u00a0<strong>GRANDE PR\u00caMIO<\/strong>\u00a0acompanha todas as atividades da\u00a0<a href=\"https:\/\/www.grandepremio.com\/formula-1\/\" target=\"_blank\" rel=\"noreferrer noopener\">F\u00f3rmula 1<\/a>\u00a0em Miami\u00a0<strong>AO VIVO<\/strong>\u00a0e\u00a0<strong>EM\u00a0<a href=\"https:\/\/www.grandepremio.com\/br\/ao-vivo\/\" target=\"_blank\" rel=\"noreferrer noopener\">TEMPO REAL<\/a><\/strong>.<br><\/p>\n","protected":false},"excerpt":{"rendered":"<p>Fernando Alonso destacou o trabalho para encontrar ader\u00eancia em uma pista rec\u00e9m-recapeada em Miami, mas se mostrou confiante no ritmo de corrida da Aston Martin. O espanhol ainda destacou a import\u00e2ncia da posi\u00e7\u00e3o de largada da etapa americana da F\u00f3rmula 1<\/p>\n","protected":false},"author":0,"featured_media":1000679549,"comment_status":"closed","ping_status":"closed","sticky":false,"template":"","format":"standard","meta":{"42wp_featured_image_caption":"","42wp_featured_image_credits":"","42wp_featured_video":"","42wp_featured_image_hidden":false,"42wp_authors_list":[],"footnotes":""},"categories":[2],"tags":[1566,309,1280,5660,969,896,1983,147,6533,642,160,176,180,30722,873,1491,30103,28285,2306,159,3724,28415,32087,33467,25771,26036,34066,675,17143,25978,2036],"42wp_author":[47115],"class_list":["post-103368","post","type-post","status-publish","format-standard","has-post-thumbnail","hentry","category-f1","tag-ao-vivo","tag-aston-martin","tag-band","tag-classificacao","tag-corrida","tag-estados-unidos","tag-eua","tag-f1","tag-f1-2023","tag-f1-ao-vivo","tag-f1-tv","tag-fernando-alonso","tag-formula-1","tag-formula-1-2023","tag-gp-de-miami","tag-grande-premio","tag-grande-premio-f1","tag-grandepremio","tag-grid-de-largada","tag-horarios-da-f1","tag-mundial-de-f1","tag-novos-carros-da-f1","tag-onde-assistir","tag-onde-assistir-f1-2023","tag-programacao","tag-programacao-de-tv","tag-segunda-tela","tag-streaming","tag-tempo-real","tag-temporada-2023","tag-treinos-livres","42wp_author-evelyn-guimaraes"],"_links":{"self":[{"href":"https:\/\/grandepremio.com\/br\/wp-json\/wp\/v2\/posts\/103368","targetHints":{"allow":["GET"]}}],"collection":[{"href":"https:\/\/grandepremio.com\/br\/wp-json\/wp\/v2\/posts"}],"about":[{"href":"https:\/\/grandepremio.com\/br\/wp-json\/wp\/v2\/types\/post"}],"replies":[{"embeddable":true,"href":"https:\/\/grandepremio.com\/br\/wp-json\/wp\/v2\/comments?post=103368"}],"version-history":[{"count":0,"href":"https:\/\/grandepremio.com\/br\/wp-json\/wp\/v2\/posts\/103368\/revisions"}],"wp:featuredmedia":[{"embeddable":true,"href":"https:\/\/grandepremio.com\/br\/wp-json\/wp\/v2\/media\/1000679549"}],"wp:attachment":[{"href":"https:\/\/grandepremio.com\/br\/wp-json\/wp\/v2\/media?parent=103368"}],"wp:term":[{"taxonomy":"category","embeddable":true,"href":"https:\/\/grandepremio.com\/br\/wp-json\/wp\/v2\/categories?post=103368"},{"taxonomy":"post_tag","embeddable":true,"href":"https:\/\/grandepremio.com\/br\/wp-json\/wp\/v2\/tags?post=103368"},{"taxonomy":"42wp_author","embeddable":true,"href":"https:\/\/grandepremio.com\/br\/wp-json\/wp\/v2\/42wp_author?post=103368"}],"curies":[{"name":"wp","href":"https:\/\/api.w.org\/{rel}","templated":true}]}}