{"id":103389,"date":"2023-05-05T10:35:04","date_gmt":"2023-05-05T13:35:04","guid":{"rendered":"https:\/\/grandepremio.com\/br\/noticias\/lewis-hamilton-confirma-capacete-arco-iris-dispara-contra-governo-miami-nao-apoio\/"},"modified":"2023-05-05T10:53:05","modified_gmt":"2023-05-05T13:53:05","slug":"lewis-hamilton-confirma-capacete-arco-iris-dispara-contra-governo-miami-nao-apoio","status":"publish","type":"post","link":"https:\/\/grandepremio.com\/br\/f1\/lewis-hamilton-confirma-capacete-arco-iris-dispara-contra-governo-miami-nao-apoio\/","title":{"rendered":"Hamilton confirma capacete com arco-\u00edris e dispara contra governo de Miami: &#8220;N\u00e3o apoio&#8221;"},"content":{"rendered":"\n<figure class=\"wp-block-embed is-type-video is-provider-youtube wp-block-embed-youtube wp-embed-aspect-16-9 wp-has-aspect-ratio\"><div class=\"wp-block-embed__wrapper\">\n<iframe loading=\"lazy\" title=\"RED BULL LIBERA DISPUTA NA F1 2023\u2026 AT\u00c9 VERSTAPPEN RECLAMAR | GP \u00e0s 10\" width=\"500\" height=\"281\" src=\"https:\/\/www.youtube.com\/embed\/VnDqwg_E4yA?feature=oembed\" frameborder=\"0\" allow=\"accelerometer; autoplay; clipboard-write; encrypted-media; gyroscope; picture-in-picture; web-share\" referrerpolicy=\"strict-origin-when-cross-origin\" allowfullscreen><\/iframe>\n<\/div><\/figure>\n\n\n\n<p class=\"wp-block-paragraph\">A <strong>F\u00f3rmula 1<\/strong> se prepara para voltar a <strong>Miami<\/strong> neste fim de semana, com o in\u00edcio das atividades de pista programado para esta sexta-feira (5), e <strong>Lewis Hamilton<\/strong> admitiu seu inc\u00f4modo com as pol\u00edticas atuais da cidade americana, uma das maiores da Fl\u00f3rida. Governador do estado, o pol\u00edtico conservador <strong>Ron<\/strong> <strong>DeSantis<\/strong> aprovou no fim de mar\u00e7o uma lei que pro\u00edbe &#8220;discuss\u00f5es ou instru\u00e7\u00f5es&#8221; sobre orienta\u00e7\u00e3o sexual e identidade de g\u00eanero em escolas.<\/p>\n\n\n\n<p class=\"wp-block-paragraph\">Hamilton, como n\u00e3o poderia deixar de ser, se colocou contra a decis\u00e3o do pol\u00edtico e garantiu que usar\u00e1 a bandeira do arco-\u00edris no capacete como forma de protesto \u00e0s medidas do governo e apoio \u00e0 comunidade LGBTQIA+. N\u00e3o \u00e9 a primeira vez que o heptacampe\u00e3o opta pela homenagem, j\u00e1 utilizada no GP do Catar de 2021, por exemplo.<\/p>\n\n\n\n<p class=\"wp-block-paragraph\"><strong>\u25b6\ufe0f&nbsp;<a href=\"https:\/\/www.twitch.tv\/grandepremio\" target=\"_blank\" rel=\"noreferrer noopener\">Conhe\u00e7a o canal do GRANDE PR\u00caMIO na Twitch clicando aqui!<\/a><\/strong><\/p>\n\n\n\n<figure class=\"wp-block-image size-large\"><img decoding=\"async\" src=\"https:\/\/www.grandepremio.com\/br\/wp-content\/uploads\/2023\/04\/mercedes-lewishamilton-afp-02-3-1024x683.jpg\" alt=\"\" class=\"wp-image-675943\"\/><figcaption>Hamilton fez quest\u00e3o de se colocar contra o governo da Fl\u00f3rida (Foto: AFP) <\/figcaption><\/figure>\n\n\n\n<p class=\"wp-block-paragraph\"><strong>\u25b6\ufe0f&nbsp;<a href=\"https:\/\/www.twitch.tv\/grandepremio\" target=\"_blank\" rel=\"noreferrer noopener\">Conhe\u00e7a o canal do GRANDE PR\u00caMIO na Twitch clicando aqui!<\/a><\/strong><\/p>\n\n\n\n<p class=\"wp-block-paragraph\">&#8220;Eu li sobre algumas decis\u00f5es que foram tomadas pelos governo aqui [em Miami] e n\u00e3o concordo com isso, n\u00e3o as apoio&#8221;, disparou Hamilton. &#8220;Eu realmente quero continuar ao lado da comunidade LGBTQIA+ e vou usar a bandeira do arco-\u00edris no meu capacete este fim de semana&#8221;, frisou.<\/p>\n\n\n\n<p class=\"wp-block-paragraph\">&#8220;Quero continuar apoiando a comunidade daqui, para que eles saibam que estou junto a eles&#8221;, disse. &#8220;Espero que eles continuem lutando contra isso&#8221;, destacou.<\/p>\n\n\n\n<p class=\"wp-block-paragraph\">Engajado em assuntos sociais fora da F\u00f3rmula 1, Hamilton argumentou que a categoria estar\u00e1 em Miami mesmo sem sua presen\u00e7a, e disse que sua forma de se colocar contra as decis\u00f5es da pol\u00edtica local ser\u00e1 ostentando a bandeira da comunidade LGBTQIA+ no capacete. Segundo ele, \u00e9 uma maneira de tentar chamar aten\u00e7\u00e3o para a causa.<\/p>\n\n\n\n<p class=\"wp-block-paragraph\">&#8220;N\u00e3o s\u00e3o as pessoas de Miami que est\u00e3o tomando essas decis\u00f5es, s\u00e3o as pessoas no governo \u2014 e esse \u00e9 o problema&#8221;, afirmou. &#8220;O esporte estar\u00e1 aqui comigo ou n\u00e3o, ent\u00e3o, enquanto eu estiver aqui, vou continuar a apoiar simplesmente por estar aqui e usar isso em meu capacete. Espero que isso aumente o volume [das vozes da comunidade]&#8221;, finalizou.<\/p>\n\n\n\n<p class=\"wp-block-paragraph\">O GP de Miami acontece nos arredores do Hard Rock Stadium, entre os dias 5 e 7 de maio. O <strong>GRANDE<\/strong> <strong>PR\u00caMIO<\/strong> faz a cobertura completa do evento.<\/p>\n","protected":false},"excerpt":{"rendered":"<p>Lewis Hamilton se colocou contra a pol\u00edtica do governador da Fl\u00f3rida, Ron DeSantis, e garantiu que usar\u00e1 a bandeira LGBTQIA+ no capacete durante o fim de semana em Miami<\/p>\n","protected":false},"author":0,"featured_media":1000526837,"comment_status":"closed","ping_status":"closed","sticky":false,"template":"","format":"standard","meta":{"42wp_featured_image_caption":"","42wp_featured_image_credits":"","42wp_featured_video":"","42wp_featured_image_hidden":false,"42wp_authors_list":[],"footnotes":""},"categories":[2],"tags":[4371,147,6533,180,24976,1491,30103,28285,87,26684,82,27748],"42wp_author":[47142],"class_list":["post-103389","post","type-post","status-publish","format-standard","has-post-thumbnail","hentry","category-f1","tag-baku","tag-f1","tag-f1-2023","tag-formula-1","tag-gp-do-azerbaijao","tag-grande-premio","tag-grande-premio-f1","tag-grandepremio","tag-lewis-hamilton","tag-lgbtqia","tag-mercedes","tag-politica","42wp_author-jp-nascimento"],"_links":{"self":[{"href":"https:\/\/grandepremio.com\/br\/wp-json\/wp\/v2\/posts\/103389","targetHints":{"allow":["GET"]}}],"collection":[{"href":"https:\/\/grandepremio.com\/br\/wp-json\/wp\/v2\/posts"}],"about":[{"href":"https:\/\/grandepremio.com\/br\/wp-json\/wp\/v2\/types\/post"}],"replies":[{"embeddable":true,"href":"https:\/\/grandepremio.com\/br\/wp-json\/wp\/v2\/comments?post=103389"}],"version-history":[{"count":0,"href":"https:\/\/grandepremio.com\/br\/wp-json\/wp\/v2\/posts\/103389\/revisions"}],"wp:featuredmedia":[{"embeddable":true,"href":"https:\/\/grandepremio.com\/br\/wp-json\/wp\/v2\/media\/1000526837"}],"wp:attachment":[{"href":"https:\/\/grandepremio.com\/br\/wp-json\/wp\/v2\/media?parent=103389"}],"wp:term":[{"taxonomy":"category","embeddable":true,"href":"https:\/\/grandepremio.com\/br\/wp-json\/wp\/v2\/categories?post=103389"},{"taxonomy":"post_tag","embeddable":true,"href":"https:\/\/grandepremio.com\/br\/wp-json\/wp\/v2\/tags?post=103389"},{"taxonomy":"42wp_author","embeddable":true,"href":"https:\/\/grandepremio.com\/br\/wp-json\/wp\/v2\/42wp_author?post=103389"}],"curies":[{"name":"wp","href":"https:\/\/api.w.org\/{rel}","templated":true}]}}