{"id":103390,"date":"2023-05-05T10:22:45","date_gmt":"2023-05-05T13:22:45","guid":{"rendered":"https:\/\/grandepremio.com\/br\/noticias\/george-russell-critica-encurtamento-zonas-drs-miami-nao-pediram-nossa-opiniao\/"},"modified":"2023-05-05T10:23:51","modified_gmt":"2023-05-05T13:23:51","slug":"george-russell-critica-encurtamento-zonas-drs-miami-nao-pediram-nossa-opiniao","status":"publish","type":"post","link":"https:\/\/grandepremio.com\/br\/f1\/george-russell-critica-encurtamento-zonas-drs-miami-nao-pediram-nossa-opiniao\/","title":{"rendered":"Russell critica encurtamento das zonas de DRS em Miami: &#8220;N\u00e3o pediram nossa opini\u00e3o&#8221;"},"content":{"rendered":"\n<p class=\"wp-block-paragraph\"><strong>George Russell<\/strong> manteve o tom forte \u00e0s cr\u00edticas feitas por <strong>Pierre Gasly<\/strong> \u00e0 <strong>FIA<\/strong> <a href=\"https:\/\/www.grandepremio.com\/br\/f1\/noticias\/pierre-gasly-critica-fia-encurtamento-zonas-drs-esta-mais-dificil-perseguir\/\" class=\"ek-link\">sobre as redu\u00e7\u00f5es da zona de DRS<\/a> em <strong>Baku<\/strong> e que ser\u00e3o mantidas para este fim de semana em <strong>Miami<\/strong>. E foi al\u00e9m: em coletiva de imprensa desta quinta-feira (4), afirmou que os pilotos n\u00e3o foram consultados sobre a medida e que o insosso GP do <strong>Azerbaij\u00e3o<\/strong>, com poucas a\u00e7\u00f5es ofensivas, s\u00e3o resultados destes crit\u00e9rios adotados.<\/p>\n\n\n\n<p class=\"wp-block-paragraph\">Em 2023, \u00e9 cada vez mais dif\u00edcil fazer manobras de ultrapassagem, afinal, as equipes encontraram maneiras de adicionar downforce aos carro e, em um circuito de rua como Baku, isso ficou bem evidente. Como diretor da <strong>Associa\u00e7\u00e3o de Pilotos da F\u00f3rmula 1<\/strong> (<strong>GPDA<\/strong>, em ingl\u00eas), o brit\u00e2nico da <strong>Mercedes<\/strong> afirmou que, mesmo com a quest\u00e3o levantada por eles no briefing pr\u00e9-corrida, ainda assim a FIA manteve a medida para a prova norte-americana.<\/p>\n\n\n\n<p class=\"wp-block-paragraph\">&#8220;Todos n\u00f3s n\u00e3o entendemos por que houve esse encurtamento, n\u00e3o pediram nossa opini\u00e3o sobre isso e a corrida morna do \u00faltimo fim de semana fala por si s\u00f3&#8221;, afirmou. George garantiu que vai conversar com a <strong>F1<\/strong> e a FIA para ver o que pode ser feito para as corridas serem melhores.<\/p>\n\n\n\n<figure class=\"wp-block-image size-large\"><img decoding=\"async\" src=\"https:\/\/www.grandepremio.com\/br\/wp-content\/uploads\/2023\/04\/mercedes-georgerussell-afp-01-4-1024x683.jpg\" alt=\"\" class=\"wp-image-677620\"\/><figcaption>George Russell teve domingo dif\u00edcil, fechando em oitavo no Azerbaij\u00e3o (Foto: AFP)<\/figcaption><\/figure>\n\n\n\n<p class=\"wp-block-paragraph\">&#8220;Queremos correr e ser capazes de lutar, como na \u00e9poca do kart, em que n\u00e3o havia aerodin\u00e2mica para tal. Nosso esporte deu uma bela guinada para melhor quando esses novos carros foram lan\u00e7ados, mas precisamos de um novo passo \u00e0 frente&#8221;, disse Russell.<\/p>\n\n\n\n<p class=\"wp-block-paragraph\"><strong>\u25b6\ufe0f&nbsp;Inscreva-se nos dois canais do GRANDE PR\u00caMIO no YouTube:&nbsp;<a href=\"https:\/\/www.youtube.com\/channel\/UC9OlHEgxoaY6QY6nWPoiqQg?sub_confirmation=1\" target=\"_blank\" rel=\"noreferrer noopener\">GP<\/a>&nbsp;|&nbsp;<a href=\"https:\/\/www.youtube.com\/channel\/UC9csiS6q_C3C0FYhyr1rnFA?sub_confirmation=1\" target=\"_blank\" rel=\"noreferrer noopener\">GP2<\/a><\/strong><br><strong>\u25b6\ufe0f&nbsp;<a href=\"https:\/\/www.twitch.tv\/grandepremio\" target=\"_blank\" rel=\"noreferrer noopener\">Conhe\u00e7a o canal do GRANDE PR\u00caMIO na Twitch clicando aqui!<\/a><\/strong><\/p>\n\n\n\n<p class=\"wp-block-paragraph\">Em Baku, outro tema que trouxe cr\u00edticas dos pilotos foi a falta de varia\u00e7\u00e3o de estrat\u00e9gias, afinal, a maioria fez uma parada nos boxes, al\u00e9m de fazerem um stint bem longo com pneus duros e isso tamb\u00e9m colaborou para a falta de emo\u00e7\u00e3o na prova, na vis\u00e3o de Russell.<\/p>\n\n\n\n<p class=\"wp-block-paragraph\">&#8220;Foi muito dif\u00edcil de parar nas \u00faltimas duas provas e, obviamente, estamos pressionando a Pirelli para entregar um jogo de compostos bons e consistentes. Em um mundo ideal, voc\u00ea tem um pneu forte em que, a certo ponto, cai do precip\u00edcio, e isso significa ir aos boxes e buscar uma nova oportunidade&#8221;.<\/p>\n\n\n\n<p class=\"wp-block-paragraph\">O&nbsp;<strong>GRANDE PR\u00caMIO&nbsp;<\/strong>acompanha&nbsp;<strong><a href=\"https:\/\/www.grandepremio.com\/br\/ao-vivo\/f1\/\">AO VIVO e EM&nbsp;<\/a><a href=\"https:\/\/www.grandepremio.com\/br\/ao-vivo\/\" target=\"_blank\" rel=\"noreferrer noopener\">TEMPO REAL<\/a><\/strong>&nbsp;todas as atividades do GP de Miami de&nbsp;<a href=\"https:\/\/www.grandepremio.com\/formula-1\/\" target=\"_blank\" rel=\"noreferrer noopener\">F\u00f3rmula 1<\/a>.<\/p>\n","protected":false},"excerpt":{"rendered":"<p>Piloto da Mercedes seguiu o tom de Pierre Gasly e afirmou que a medida foi uma das respons\u00e1veis pela falta de emo\u00e7\u00e3o no GP do Azerbaij\u00e3o do \u00faltimo fim de semana<\/p>\n","protected":false},"author":0,"featured_media":1000676608,"comment_status":"closed","ping_status":"closed","sticky":false,"template":"","format":"standard","meta":{"42wp_featured_image_caption":"","42wp_featured_image_credits":"","42wp_featured_video":"","42wp_featured_image_hidden":false,"42wp_authors_list":[],"footnotes":""},"categories":[2],"tags":[28198,4371,6533,103,180,30722,800,32594,7451,82,2470,676],"42wp_author":[47128],"class_list":["post-103390","post","type-post","status-publish","format-standard","has-post-thumbnail","hentry","category-f1","tag-azerbaijao","tag-baku","tag-f1-2023","tag-fia","tag-formula-1","tag-formula-1-2023","tag-george-russell","tag-gp-de-miami-2023","tag-gpda","tag-mercedes","tag-miami","tag-pierre-gasly","42wp_author-guilherme-bloisi"],"_links":{"self":[{"href":"https:\/\/grandepremio.com\/br\/wp-json\/wp\/v2\/posts\/103390","targetHints":{"allow":["GET"]}}],"collection":[{"href":"https:\/\/grandepremio.com\/br\/wp-json\/wp\/v2\/posts"}],"about":[{"href":"https:\/\/grandepremio.com\/br\/wp-json\/wp\/v2\/types\/post"}],"replies":[{"embeddable":true,"href":"https:\/\/grandepremio.com\/br\/wp-json\/wp\/v2\/comments?post=103390"}],"version-history":[{"count":0,"href":"https:\/\/grandepremio.com\/br\/wp-json\/wp\/v2\/posts\/103390\/revisions"}],"wp:featuredmedia":[{"embeddable":true,"href":"https:\/\/grandepremio.com\/br\/wp-json\/wp\/v2\/media\/1000676608"}],"wp:attachment":[{"href":"https:\/\/grandepremio.com\/br\/wp-json\/wp\/v2\/media?parent=103390"}],"wp:term":[{"taxonomy":"category","embeddable":true,"href":"https:\/\/grandepremio.com\/br\/wp-json\/wp\/v2\/categories?post=103390"},{"taxonomy":"post_tag","embeddable":true,"href":"https:\/\/grandepremio.com\/br\/wp-json\/wp\/v2\/tags?post=103390"},{"taxonomy":"42wp_author","embeddable":true,"href":"https:\/\/grandepremio.com\/br\/wp-json\/wp\/v2\/42wp_author?post=103390"}],"curies":[{"name":"wp","href":"https:\/\/api.w.org\/{rel}","templated":true}]}}