{"id":103402,"date":"2023-05-04T14:55:52","date_gmt":"2023-05-04T17:55:52","guid":{"rendered":"https:\/\/grandepremio.com\/br\/noticias\/fia-repete-azerbaijao-encurta-duas-zonas-drs-gp-miami-2023\/"},"modified":"2023-05-04T14:57:03","modified_gmt":"2023-05-04T17:57:03","slug":"fia-repete-azerbaijao-encurta-duas-zonas-drs-gp-miami-2023","status":"publish","type":"post","link":"https:\/\/grandepremio.com\/br\/f1\/fia-repete-azerbaijao-encurta-duas-zonas-drs-gp-miami-2023\/","title":{"rendered":"FIA repete Azerbaij\u00e3o e encurta duas zonas de DRS do GP de Miami 2023"},"content":{"rendered":"\n<p class=\"wp-block-paragraph\">A <strong>FIA<\/strong> (Federa\u00e7\u00e3o Internacional de Automobilismo) anunciou, nesta quinta-feira (4), o encurtamento de duas das tr\u00eas zonas de <strong>DRS<\/strong> do <strong>GP de Miami <\/strong>de<strong> F\u00f3rmula 1<\/strong>, que ter\u00e1 in\u00edcio nesta sexta (5), com duas sess\u00f5es de treino livre, e se estender\u00e1 at\u00e9 o domingo (7), quando ser\u00e1 realizada a corrida. As altera\u00e7\u00f5es v\u00e3o ao encontro do desejo da entidade em diminuir a influ\u00eancia do sistema dentro da prova, j\u00e1 que, segundo ela, <a href=\"https:\/\/www.grandepremio.com\/br\/f1\/noticias\/fia-ve-drs-muito-poderoso-estuda-diminuir-zonas-ativacao-2023\/\" class=\"ek-link\">as ultrapassagens se tornaram excessivamente f\u00e1ceis ap\u00f3s a introdu\u00e7\u00e3o do novo regulamento em 2022<\/a>.<\/p>\n\n\n\n<p class=\"wp-block-paragraph\">No ano passado, o circuito localizado na <strong>Fl\u00f3rida<\/strong>, nos<strong> Estados Unidos, <\/strong>teve tr\u00eas zonas de DRS. A primeira estava localizada 30 metros ap\u00f3s a curva 9. Esta foi modificada para 105 metros ap\u00f3s a curva, ou seja, houve uma redu\u00e7\u00e3o de 75 metros. J\u00e1 a segunda zona come\u00e7ava 450 metros ap\u00f3s a curva 16, mas neste ano a FIA mudou para 525 metros depois, o que tamb\u00e9m levou a uma diminui\u00e7\u00e3o da extens\u00e3o de 75 metros.<\/p>\n\n\n\n<p class=\"wp-block-paragraph\"><strong>\u25b6\ufe0f\u00a0Inscreva-se nos dois canais do GRANDE PR\u00caMIO no YouTube:\u00a0<a href=\"https:\/\/www.youtube.com\/channel\/UC9OlHEgxoaY6QY6nWPoiqQg?sub_confirmation=1\" target=\"_blank\" rel=\"noreferrer noopener\">GP<\/a>\u00a0|\u00a0<a href=\"https:\/\/www.youtube.com\/channel\/UC9csiS6q_C3C0FYhyr1rnFA?sub_confirmation=1\" target=\"_blank\" rel=\"noreferrer noopener\">GP2<\/a><\/strong><br><strong>\u25b6\ufe0f\u00a0<a href=\"https:\/\/www.twitch.tv\/grandepremio\" target=\"_blank\" rel=\"noreferrer noopener\">Conhe\u00e7a o canal do GRANDE PR\u00caMIO na Twitch clicando aqui!<\/a><\/strong><\/p>\n\n\n\n<figure class=\"wp-block-image size-full\"><img decoding=\"async\" src=\"https:\/\/www.grandepremio.com\/br\/wp-content\/uploads\/2023\/05\/GP-de-Miami-2023.png\" alt=\"\" class=\"wp-image-679251\"\/><figcaption>Tra\u00e7ado do GP de Miami em 2023. Zonas de DRS foram reduzidas (Foto: Reprodu\u00e7\u00e3o \/ F\u00f3rmula 1)<\/figcaption><\/figure>\n\n\n\n<p class=\"wp-block-paragraph\">Por fim, a terceira e \u00faltima zona de DRS, instalada na reta curta de largada\/chegada, continuou intacta. Entretanto, na prova de 2022, poucas ultrapassagens foram verificadas neste setor, o que leva a crer que ele seguir\u00e1 tendo influ\u00eancia m\u00ednima na corrida \u2014 algo que pode se tornar desinteressante para o p\u00fablico.<\/p>\n\n\n\n<p class=\"wp-block-paragraph\">Al\u00e9m dessas mudan\u00e7as, o GP de Miami tamb\u00e9m apresentar\u00e1 um tra\u00e7ado repaginado neste ano. A pista foi toda repavimentada, j\u00e1 que a superf\u00edcie foi alvo de reclama\u00e7\u00f5es dos pilotos no ano passado. A curva 15 teve o seu layout ajustado e as \u00e1reas de escape das curvas 1, 4, 7 e 11 foram reduzidas e as barreiras realinhadas. Os muros entre as curvas 13 e 14 tamb\u00e9m foram aprimorados.<\/p>\n\n\n\n<p class=\"wp-block-paragraph\">A FIA promoveu mudan\u00e7as nas zonas de acionamento do DRS em todas as etapas da temporada 2023. O encurtamento aconteceu em todos os circuitos, mas no caso do <strong>GP da Austr\u00e1lia<\/strong>, em <strong>Melbourne<\/strong>, <a href=\"https:\/\/www.grandepremio.com\/br\/f1\/noticias\/fia-faz-nova-tentativa-confirma-quatro-zonas-drs-gp-australia-2023\/\" class=\"ek-link\">foi adicionada uma quarta zona a fim de proporcionar mais emo\u00e7\u00e3o nas curvas de alta velocidade<\/a>. J\u00e1 em <strong>Baku<\/strong>, no \u00faltimo fim de semana, as altera\u00e7\u00f5es renderam cr\u00edticas contundentes dos pilotos.<\/p>\n\n\n\n<figure class=\"wp-block-image size-large\"><img decoding=\"async\" src=\"https:\/\/www.grandepremio.com\/br\/wp-content\/uploads\/2023\/04\/redbull-sergioperez-03-6-1024x683.jpg\" alt=\"\" class=\"wp-image-677550\"\/><figcaption>GP do Azerbaij\u00e3o teve teve zonas de DRS reduzidas, o que gerou reclama\u00e7\u00e3o dos pilotos (Foto: Red Bull Content Pool)<\/figcaption><\/figure>\n\n\n\n<p class=\"wp-block-paragraph\">&#8220;Eles encurtaram o DRS neste ano na reta, n\u00e3o sei bem por que fizeram isso. Sempre tivemos \u00f3timas corridas onde o DRS estava presente. Quando voc\u00ea ligava o DRS, j\u00e1 era tarde demais. Tivemos muitas ultrapassagens hoje? Bem, a\u00ed est\u00e1&#8221;, questionou <strong>Lewis Hamilton<\/strong>. Por sua vez, <strong>Lando Norris<\/strong> revelou que os pilotos abordaram o assunto no briefing que \u00e9 feito antes da etapa e que todos concordaram que &#8220;n\u00e3o faz sentido&#8221;.<\/p>\n\n\n\n<p class=\"wp-block-paragraph\">Esta ser\u00e1 apenas a segunda vez que o GP de Miami receber\u00e1 uma corrida da <strong>F1<\/strong>. <strong>Max Verstappen<\/strong>, da <strong>Red Bull<\/strong>, foi o vencedor de 2022, e <strong>Charles Leclerc e Carlos Sainz<\/strong>, ambos da <strong>Ferrari<\/strong>, completaram o p\u00f3dio. O <strong>GRANDE PR\u00caMIO<\/strong> acompanha todas as atividades <strong>AO VIVO e EM TEMPO REAL<\/strong>.<\/p>\n","protected":false},"excerpt":{"rendered":"<p>FIA reduziu 75 metros de duas zonas que permitem a ativa\u00e7\u00e3o do DRS no GP de Miami. A iniciativa tamb\u00e9m foi aplicada no GP do Azerbaij\u00e3o, no \u00faltimo fim de semana, e visa diminuir a influ\u00eancia do sistema na corrida<\/p>\n","protected":false},"author":0,"featured_media":1000565227,"comment_status":"closed","ping_status":"closed","sticky":false,"template":"","format":"standard","meta":{"42wp_featured_image_caption":"","42wp_featured_image_credits":"","42wp_featured_video":"","42wp_featured_image_hidden":false,"42wp_authors_list":[],"footnotes":""},"categories":[2],"tags":[147,6533,103,180,30722,873,32594,24976,1491,28285],"42wp_author":[47153],"class_list":["post-103402","post","type-post","status-publish","format-standard","has-post-thumbnail","hentry","category-f1","tag-f1","tag-f1-2023","tag-fia","tag-formula-1","tag-formula-1-2023","tag-gp-de-miami","tag-gp-de-miami-2023","tag-gp-do-azerbaijao","tag-grande-premio","tag-grandepremio","42wp_author-gabriel-pitor"],"_links":{"self":[{"href":"https:\/\/grandepremio.com\/br\/wp-json\/wp\/v2\/posts\/103402","targetHints":{"allow":["GET"]}}],"collection":[{"href":"https:\/\/grandepremio.com\/br\/wp-json\/wp\/v2\/posts"}],"about":[{"href":"https:\/\/grandepremio.com\/br\/wp-json\/wp\/v2\/types\/post"}],"replies":[{"embeddable":true,"href":"https:\/\/grandepremio.com\/br\/wp-json\/wp\/v2\/comments?post=103402"}],"version-history":[{"count":0,"href":"https:\/\/grandepremio.com\/br\/wp-json\/wp\/v2\/posts\/103402\/revisions"}],"wp:featuredmedia":[{"embeddable":true,"href":"https:\/\/grandepremio.com\/br\/wp-json\/wp\/v2\/media\/1000565227"}],"wp:attachment":[{"href":"https:\/\/grandepremio.com\/br\/wp-json\/wp\/v2\/media?parent=103402"}],"wp:term":[{"taxonomy":"category","embeddable":true,"href":"https:\/\/grandepremio.com\/br\/wp-json\/wp\/v2\/categories?post=103402"},{"taxonomy":"post_tag","embeddable":true,"href":"https:\/\/grandepremio.com\/br\/wp-json\/wp\/v2\/tags?post=103402"},{"taxonomy":"42wp_author","embeddable":true,"href":"https:\/\/grandepremio.com\/br\/wp-json\/wp\/v2\/42wp_author?post=103402"}],"curies":[{"name":"wp","href":"https:\/\/api.w.org\/{rel}","templated":true}]}}