{"id":103504,"date":"2023-05-01T09:06:00","date_gmt":"2023-05-01T12:06:00","guid":{"rendered":"https:\/\/grandepremio.com\/br\/noticias\/pilotos-vencem-queda-braco-marcam-reuniao-comissarios-le-mans\/"},"modified":"2023-05-01T09:06:47","modified_gmt":"2023-05-01T12:06:47","slug":"pilotos-vencem-queda-braco-marcam-reuniao-comissarios-le-mans","status":"publish","type":"post","link":"https:\/\/grandepremio.com\/br\/motogp\/pilotos-vencem-queda-braco-marcam-reuniao-comissarios-le-mans\/","title":{"rendered":"Pilotos vencem queda de bra\u00e7o e marcam reuni\u00e3o com comiss\u00e1rios para Le Mans"},"content":{"rendered":"\n<p class=\"wp-block-paragraph\">Os pilotos da <strong>MotoGP <\/strong>v\u00e3o se reunir com os integrantes do <strong>Painel de Comiss\u00e1rios <\/strong>da <strong>FIM <\/strong>(Federa\u00e7\u00e3o Internacional de Motociclismo) durante o fim de semana do GP da <strong>Fran\u00e7a<\/strong>. A revela\u00e7\u00e3o foi feita por <strong>Jorge Mart\u00edn <\/strong>no domingo (30).<\/p>\n\n\n\n<p class=\"wp-block-paragraph\">O fim de semana em <strong>Jerez de la Frontera<\/strong> foi marcado por duas bandeiras vermelhas: <a href=\"https:\/\/www.grandepremio.com\/br\/motogp\/noticias\/franco-morbidelli-toca-alex-marquez-causa-big-one-primeira-volta-sprint-espanha\/\" class=\"ek-link\">uma na corrida sprint<\/a> e <a href=\"https:\/\/www.grandepremio.com\/br\/motogp\/noticias\/fabio-quartararo-embola-marco-bezzecchi-cai-derruba-miguel-oliveira-gp-espanha\/\" class=\"ek-link\">outra no GP da <strong>Espanha<\/strong><\/a>. <strong>Franco Morbidelli <\/strong>e <strong>Fabio Quartararo <\/strong>foram punidos por terem causado as paralisa\u00e7\u00f5es, assim como <strong>Francesco Bagnaia<\/strong> teve de entregar uma posi\u00e7\u00e3o ap\u00f3s um toque com <strong>Jack Miller<\/strong>. O australiano, por\u00e9m, escapou de san\u00e7\u00e3o depois de um lance com o espanhol da <strong>Pramac<\/strong>.<\/p>\n\n\n\n<figure class=\"wp-block-image size-large\"><img decoding=\"async\" src=\"https:\/\/www.grandepremio.com\/br\/wp-content\/uploads\/2023\/04\/516513_Jack-Miller_Red-Bull-KTM_MotoGP_RC16_Circuito-de-Jerez-Angel-Nieto-_ESP_30-04-2023-3_4th-Rnd.-MotoGP-2023-Circuito-de-Jerez-_SPA_-1024x682.jpg\" alt=\"\" class=\"wp-image-678028\"\/><figcaption>Jack Miller e Jorge Mart\u00edn tiveram um toque durante o GP da Espanha (Foto: KTM)<\/figcaption><\/figure>\n\n\n\n<p class=\"wp-block-paragraph\"><strong>\u25b6\ufe0f\u00a0Inscreva-se nos dois canais do GRANDE PR\u00caMIO no YouTube:\u00a0<a href=\"https:\/\/www.youtube.com\/channel\/UC9OlHEgxoaY6QY6nWPoiqQg?sub_confirmation=1\" target=\"_blank\" rel=\"noreferrer noopener\">GP<\/a>\u00a0|\u00a0<a href=\"https:\/\/www.youtube.com\/channel\/UC9csiS6q_C3C0FYhyr1rnFA?sub_confirmation=1\" target=\"_blank\" rel=\"noreferrer noopener\">GP2<\/a><\/strong><br><strong>\u25b6\ufe0f\u00a0<a href=\"https:\/\/www.twitch.tv\/grandepremio\" target=\"_blank\" rel=\"noreferrer noopener\">Conhe\u00e7a o canal do GRANDE PR\u00caMIO na Twitch clicando aqui!<\/a><\/strong><\/p>\n\n\n\n<p class=\"wp-block-paragraph\">\u201cSe a dire\u00e7\u00e3o de prova penaliza Pecco, deveria penalizar Jack\u201d, disse Mart\u00edn. \u201cE se n\u00e3o penalizam Jack? Ent\u00e3o n\u00e3o deveriam punir Pecco. Ent\u00e3o eles precisam melhorar\u201d, defendeu.<\/p>\n\n\n\n<p class=\"wp-block-paragraph\">\u201cFelizmente, teremos uma reuni\u00e3o com eles, finalmente, depois de dois ou tr\u00eas anos lutando com a Dorna\u201d, revelou Mart\u00edn. \u201cVamos encontr\u00e1-los em Le Mans, finalmente. Com todos os pilotos\u201d, frisou.<\/p>\n\n\n\n<p class=\"wp-block-paragraph\">\u201cVamos tentar entender a posi\u00e7\u00e3o deles, a nossa posi\u00e7\u00e3o e melhorar. N\u00e3o faz sentido a forma como eles est\u00e3o trabalhando\u201d, disparou.<\/p>\n\n\n\n<p class=\"wp-block-paragraph\">Mart\u00edn disse que entende a postura de Miller na corrida, mas se mostrou inconformado com a postura da dire\u00e7\u00e3o de prova. Questionado se Bagnaia merecia a puni\u00e7\u00e3o pelo toque com o australiano, Jorge respondeu: \u201cN\u00e3o. Se eles n\u00e3o puniram Jack!\u201d.<\/p>\n\n\n\n<p class=\"wp-block-paragraph\">\u201cEu perdi tr\u00eas posi\u00e7\u00f5es, quase uma volta longa. N\u00e3o quero chorar. \u00c9 da corrida, tudo bem! Entendo a manobra, ele quer estar no p\u00f3dio\u201d, falou Mart\u00edn. \u201cMas eles precisam fazer sempre a mesma coisa. N\u00e3o \u00e9 \u2018dependendo do piloto\u2019. Eles n\u00e3o s\u00e3o consistentes. Depende do piloto \u2014 eles tomam [a decis\u00e3o] ou n\u00e3o tomam. Eles precisam melhorar. Vamos pressionar por isso\u201d, insistiu.<\/p>\n\n\n\n<p class=\"wp-block-paragraph\">Vencedor da corrida de domingo, Bagnaia confirmou o encontro e destacou que os pilotos s\u00f3 querem conversar, entender e apresentar os pr\u00f3prios pontos de vista.<\/p>\n\n\n\n<p class=\"wp-block-paragraph\">\u201cSim. Na sexta-feira, na Comiss\u00e3o de Seguran\u00e7a, n\u00f3s pedimos para conversar com os comiss\u00e1rios, pois, sinceramente, n\u00f3s estamos sempre falando deles na Comiss\u00e3o de Seguran\u00e7a, mas eles n\u00e3o est\u00e3o l\u00e1 conosco. Ent\u00e3o n\u00f3s pedimos simplesmente para ter uma conversa com eles para entender a raz\u00e3o de terem tomado uma decis\u00e3o\u201d, justificou Bagnaia. \u201cVamos tentar passar para eles nosso ponto de vista, pois n\u00e3o vemos consist\u00eancia. \u00c0s vezes vemos alguns lances, tamb\u00e9m de outras categorias, algumas ultrapassagens que s\u00e3o muito mais agressivas do que outras, mas que ficam sem puni\u00e7\u00e3o. \u00c0s vezes, como por exemplo, [Ayumu] Sasaki na curva 5 ou 6 da Argentina, foi punido, ent\u00e3o, para mim, \u00e9 s\u00f3 uma quest\u00e3o de entender a maneira como eles julgam e a maneira como eles decidem a puni\u00e7\u00e3o\u201d, completou.<\/p>\n\n\n\n<p class=\"wp-block-paragraph\">Jack Miller, ent\u00e3o, questionou a men\u00e7\u00e3o que o jornalista tinha feito ao fato de Quartararo ter tido de cumprir a volta longa uma segunda vez ap\u00f3s executar incorretamente na primeira tentativa e defendeu: \u201cRegras s\u00e3o regras. Essa \u00e9 a regra. Ele, claramente, n\u00e3o cumpriu a regra. Eu concordo. 100%. A linha est\u00e1 l\u00e1. De todas, essa \u00e9 a mais clara\u201d.<\/p>\n\n\n\n<p class=\"wp-block-paragraph\">O piloto da KTM, por\u00e9m, manifestou a insatisfa\u00e7\u00e3o com o fato de Fabio ter sido liberado para correr ap\u00f3s causar uma les\u00e3o em Miguel Oliveira, que deslocou o ombro ap\u00f3s ter sido derrubado na primeira volta.<\/p>\n\n\n\n<p class=\"wp-block-paragraph\">\u201cQuerendo ou n\u00e3o, quando voc\u00ea atinge algu\u00e9m \u2014 o pobre Miguel est\u00e1 agora no hospital ou algo assim \u2014 e \u00e9 liberado para recome\u00e7ar a corrida, isso, para mim, marca uma fronteira\u201d, apontou Jack. \u201cEu vou conversar com eles tamb\u00e9m sobre isso, pois, na minha vis\u00e3o, isso n\u00e3o foi correto\u201d, encerrou.<\/p>\n\n\n\n<p class=\"wp-block-paragraph\">Ainda no s\u00e1bado, Morbidelli criticou a falta de di\u00e1logo com a dire\u00e7\u00e3o de prova. N\u00e3o s\u00f3 com os pilotos, mas tamb\u00e9m com a imprensa, com quem eles n\u00e3o falam.<\/p>\n\n\n\n<p class=\"wp-block-paragraph\">\u201cA FIM nos deixa no escuro sobre muitas coisas e n\u00e3o h\u00e1 di\u00e1logo com eles, tanto com os pilotos quanto com os jornalistas\u201d, disse Franco. \u201cEnt\u00e3o eu me pergunto: como podemos melhorar? Eles t\u00eam as ideias deles, os pilotos t\u00eam outra e n\u00f3s n\u00e3o discutimos nada. S\u00f3 falamos com eles quando nos punem\u201d, encerrou.<\/p>\n\n\n\n<p class=\"wp-block-paragraph\">O Painel de Comiss\u00e1rios da FIM tem Andr\u00e9s Somolinos, que atuou como coordenador esportivo da RFME (Federa\u00e7\u00e3o Espanhola de Motociclismo) e o ex-piloto Freddie Spencer como integrantes fixos.<\/p>\n\n\n\n<p class=\"wp-block-paragraph\">A\u00a0<strong>MotoGP\u00a0<\/strong>volta \u00e0 ativa no fim de semana de 14 de maio, com o GP da\u00a0<strong>Fran\u00e7a<\/strong>, em\u00a0<strong>Le Mans<\/strong>. O\u00a0<strong>GRANDE PR\u00caMIO<\/strong>\u00a0acompanha\u00a0<a href=\"https:\/\/www.grandepremio.com\/br\/motogp\/ultimas-noticias\/\">todas as atividades do\u00a0<strong>Mundial de\u00a0<\/strong><\/a><strong><a href=\"https:\/\/www.grandepremio.com\/motovelocidade\/\" target=\"_blank\" rel=\"noreferrer noopener\">Motovelocidade<\/a><\/strong>.<\/p>\n\n\n\n<figure class=\"wp-block-embed is-type-video is-provider-youtube wp-block-embed-youtube wp-embed-aspect-16-9 wp-has-aspect-ratio\"><div class=\"wp-block-embed__wrapper\">\n<iframe loading=\"lazy\" title=\"MOTOGP 2023: VIT\u00d3RIA DE RINS \u00c9 RESPIRO NECESS\u00c1RIO PARA HONDA | GP \u00e0s 10\" width=\"500\" height=\"281\" src=\"https:\/\/www.youtube.com\/embed\/SWxKblEz9bw?feature=oembed\" frameborder=\"0\" allow=\"accelerometer; autoplay; clipboard-write; encrypted-media; gyroscope; picture-in-picture; web-share\" referrerpolicy=\"strict-origin-when-cross-origin\" allowfullscreen><\/iframe>\n<\/div><figcaption>Ufa! &#8220;Vit\u00f3ria de Rins no GP das Am\u00e9ricas \u00e9 respiro necess\u00e1rio para Honda&#8221;<\/figcaption><\/figure>\n","protected":false},"excerpt":{"rendered":"<p>De acordo com Jorge Mart\u00edn, depois de \u201cdois ou tr\u00eas anos lutando com a Dorna\u201d, os pilotos conseguiram uma reuni\u00e3o com o Painel de Comiss\u00e1rios da FIM (Federa\u00e7\u00e3o Internacional de Motociclismo) no fim de semana do GP da Fran\u00e7a. Francesco Bagnaia explicou que o objetivo \u00e9 entender as decis\u00f5es<\/p>\n","protected":false},"author":0,"featured_media":1000678245,"comment_status":"closed","ping_status":"closed","sticky":false,"template":"","format":"standard","meta":{"42wp_featured_image_caption":"","42wp_featured_image_credits":"","42wp_featured_video":"","42wp_featured_image_hidden":false,"42wp_authors_list":[],"footnotes":""},"categories":[8],"tags":[5214,1877,312,28285,25530,79,78,27538,33202,33200,33201,25819,29345,28766,33203,26690],"42wp_author":[47113],"class_list":["post-103504","post","type-post","status-publish","format-standard","has-post-thumbnail","hentry","category-motogp","tag-classificacao-motogp","tag-espanha","tag-fim","tag-grandepremio","tag-jerez-de-la-frontera","tag-moto-gp","tag-motogp","tag-motogp-2023","tag-motogp-2023-calendario","tag-motogp-calendario-2023","tag-motogp-classificacao-2023","tag-motogp-hoje","tag-motogp-horario","tag-motogp-standings","tag-onde-assistir-motogp-2023","tag-pilotos-motogp","42wp_author-juliana-tesser"],"_links":{"self":[{"href":"https:\/\/grandepremio.com\/br\/wp-json\/wp\/v2\/posts\/103504","targetHints":{"allow":["GET"]}}],"collection":[{"href":"https:\/\/grandepremio.com\/br\/wp-json\/wp\/v2\/posts"}],"about":[{"href":"https:\/\/grandepremio.com\/br\/wp-json\/wp\/v2\/types\/post"}],"replies":[{"embeddable":true,"href":"https:\/\/grandepremio.com\/br\/wp-json\/wp\/v2\/comments?post=103504"}],"version-history":[{"count":0,"href":"https:\/\/grandepremio.com\/br\/wp-json\/wp\/v2\/posts\/103504\/revisions"}],"wp:featuredmedia":[{"embeddable":true,"href":"https:\/\/grandepremio.com\/br\/wp-json\/wp\/v2\/media\/1000678245"}],"wp:attachment":[{"href":"https:\/\/grandepremio.com\/br\/wp-json\/wp\/v2\/media?parent=103504"}],"wp:term":[{"taxonomy":"category","embeddable":true,"href":"https:\/\/grandepremio.com\/br\/wp-json\/wp\/v2\/categories?post=103504"},{"taxonomy":"post_tag","embeddable":true,"href":"https:\/\/grandepremio.com\/br\/wp-json\/wp\/v2\/tags?post=103504"},{"taxonomy":"42wp_author","embeddable":true,"href":"https:\/\/grandepremio.com\/br\/wp-json\/wp\/v2\/42wp_author?post=103504"}],"curies":[{"name":"wp","href":"https:\/\/api.w.org\/{rel}","templated":true}]}}