{"id":103515,"date":"2023-04-30T21:00:31","date_gmt":"2023-05-01T00:00:31","guid":{"rendered":"https:\/\/grandepremio.com\/br\/noticias\/romain-grosjean-reconhece-erro-custou-primeira-vitoria-indy-barber-doi\/"},"modified":"2023-04-30T21:01:20","modified_gmt":"2023-05-01T00:01:20","slug":"romain-grosjean-reconhece-erro-custou-primeira-vitoria-indy-barber-doi","status":"publish","type":"post","link":"https:\/\/grandepremio.com\/br\/indy\/romain-grosjean-reconhece-erro-custou-primeira-vitoria-indy-barber-doi\/","title":{"rendered":"Grosjean reconhece erro que custou primeira vit\u00f3ria na Indy em Barber: &#8220;D\u00f3i&#8221;"},"content":{"rendered":"\n<p class=\"wp-block-paragraph\">O sonho de <strong>Romain Grosjean<\/strong> em conquistar a primeira vit\u00f3ria na <strong>Indy<\/strong> foi mais uma vez adiado. Um erro na volta 72 do <strong>GP do Alabama<\/strong>, realizado neste domingo (30), permitiu que o seu principal perseguidor, <strong>Scott McLaughlin<\/strong>, <a href=\"https:\/\/www.grandepremio.com\/br\/indy\/noticias\/scott-mclaughlin-acerta-estrategia-se-vale-erro-romain-grosjean-vence-gp-alabama\/\" class=\"ek-link\">conseguisse a ultrapassagem e conduzisse o carro para a vit\u00f3ria<\/a>. O franco-su\u00ed\u00e7o terminou em segundo e chegou a ser amea\u00e7ado por <strong>Will Power<\/strong>, o terceiro, nas \u00faltimas voltas.<\/p>\n\n\n\n<p class=\"wp-block-paragraph\">O dono do carro <strong>#28<\/strong> se mostrou frustrado com o resultado ap\u00f3s a corrida, mas reconheceu a boa estrat\u00e9gia da <strong>Penske<\/strong> de tr\u00eas paradas, principalmente por conta da bandeira amarela causada por <strong>Sting Ray Robb<\/strong> na volta 38 \u2014 que favoreceu o pit-stop do neozeland\u00eas.<\/p>\n\n\n\n<p class=\"wp-block-paragraph\">&#8220;D\u00f3i, vou ser sincero. Os que param tr\u00eas vezes nunca vencem em <strong>Barber<\/strong>, mas hoje os boxes ficaram abertos. Isso deu a McLaughlin e a [Will] Power a vantagem nas tr\u00eas paradas. Olhe para [os carros com] as duas paradas atr\u00e1s de n\u00f3s \u2013 20 segundos atr\u00e1s de n\u00f3s. T\u00ednhamos um carro incr\u00edvel, pilotamos muito bem, demos 100%, mas tivemos azar com aquela bandeira amarela&#8221;, lamentou Grosjean em entrevista \u00e0 emissora americana <em>NBC<\/em>.<\/p>\n\n\n\n<p class=\"wp-block-paragraph\"><strong>\u25b6\ufe0f\u00a0Inscreva-se nos dois canais do GRANDE PR\u00caMIO no YouTube:\u00a0<a href=\"https:\/\/www.youtube.com\/channel\/UC9OlHEgxoaY6QY6nWPoiqQg?sub_confirmation=1\" target=\"_blank\" rel=\"noreferrer noopener\">GP<\/a>\u00a0|\u00a0<a href=\"https:\/\/www.youtube.com\/channel\/UC9csiS6q_C3C0FYhyr1rnFA?sub_confirmation=1\" target=\"_blank\" rel=\"noreferrer noopener\">GP2<\/a><\/strong><br><strong>\u25b6\ufe0f\u00a0<a href=\"https:\/\/www.twitch.tv\/grandepremio\" target=\"_blank\" rel=\"noreferrer noopener\">Conhe\u00e7a o canal do GRANDE PR\u00caMIO na Twitch clicando aqui!<\/a><\/strong><\/p>\n\n\n\n<figure class=\"wp-block-image size-large\"><img decoding=\"async\" src=\"https:\/\/www.grandepremio.com\/br\/wp-content\/uploads\/2023\/04\/Romain-Grosjean-leads-the-start-of-the-Children_s-of-Alabama-Indy-Grand-Prix-By_-James-Black_Large-Image-Without-Watermark_m77914-1024x683.jpg\" alt=\"\" class=\"wp-image-678218\"\/><figcaption>Romain Grosjean (carro 28, em primeiro plano) liderou boa parte da prova, mas um erro na volta 72 custou a vit\u00f3ria (Foto: Indy)<\/figcaption><\/figure>\n\n\n\n<p class=\"wp-block-paragraph\">&#8220;Ent\u00e3o, como eu digo, n\u00e3o abaixe a cabe\u00e7a porque essa foi uma das melhores corridas que voc\u00ea j\u00e1 viu, quero dizer, isso \u00e9 bom, eu dei tudo, mas parab\u00e9ns a Scott [McLaughlin]. Ele mereceu essa vit\u00f3ria. Conseguimos bons pontos hoje e nosso dia chegar\u00e1&#8221;, completou.<\/p>\n\n\n\n<p class=\"wp-block-paragraph\">Depois de Grosjean ter sido ultrapassado por McLaughlin, o franco-su\u00ed\u00e7o chegou a questionar a <strong>Andretti <\/strong>por que ele n\u00e3o tinha mais push-to-pass e ele se surpreendeu quando recebeu a resposta de que tinha usado tudo.<\/p>\n\n\n\n<p class=\"wp-block-paragraph\">&#8220;Eu estou me perguntando se n\u00e3o teve alguma falha no painel porque eu acreditava que faltavam 99 segundos [de push-to-pass], mas na pr\u00f3xima vez que eu olhei [no painel] estava zerado, ent\u00e3o eu vou verificar. Talvez eu tenha usado mais do que pensei, voc\u00ea sabe, para compensar o que usei em <strong>Long Beach<\/strong>&#8220;, brincou.<\/p>\n\n\n\n<figure class=\"wp-block-image size-large\"><img decoding=\"async\" src=\"https:\/\/www.grandepremio.com\/br\/wp-content\/uploads\/2023\/04\/Romain-Grosjean_-Will-Power-and-Scott-McLaughlin_Large-Image-Without-Watermark_m77916-1-1024x683.jpg\" alt=\"\" class=\"wp-image-678220\"\/><figcaption>Romain Grosjean cumprimenta Scott McLaughlin ap\u00f3s vit\u00f3ria do neozeland\u00eas no GP do Alabama (Foto: Indy)<\/figcaption><\/figure>\n\n\n\n<p class=\"wp-block-paragraph\">O piloto da Andretti ainda comentou sobre o erro que rendeu a vit\u00f3ria ao rival da Penske: &#8220;Sim, ele estava vindo, mas eu sabia que estava pronto para o final, ent\u00e3o n\u00e3o estava muito preocupado com isso. Eu realmente estava mais preocupado com a quantidade de combust\u00edvel e a temperatura dos pneus, e com isso acabei cometendo um erro.&#8221;<\/p>\n\n\n\n<p class=\"wp-block-paragraph\">Com o segundo lugar, Grosjean subiu para quinto na classifica\u00e7\u00e3o com 115 pontos, atr\u00e1s de <strong>Marcus Ericsson, Pato O&#8217;Ward, \u00c1lex Palou e Scott McLaughlin<\/strong>. A diferen\u00e7a para o l\u00edder \u00e9 de 15 pontos. A Indy retorna no dia 13 de maio com o <strong>GP de Indian\u00e1polis 1<\/strong>, no circuito misto local. O <strong>GRANDE PR\u00caMIO<\/strong> acompanha todas as atividades da temporada 2023.<\/p>\n","protected":false},"excerpt":{"rendered":"<p>Romain Grosjean admitiu erro ao fazer a curva 8 na volta 72, que permitiu a ultrapassagem de Scott McLaughlin, o vencedor do GP do Alabama. O piloto franco-su\u00ed\u00e7o ainda reconheceu a boa estrat\u00e9gia da Penske de tr\u00eas paradas <\/p>\n","protected":false},"author":0,"featured_media":1000677109,"comment_status":"closed","ping_status":"closed","sticky":false,"template":"","format":"standard","meta":{"42wp_featured_image_caption":"","42wp_featured_image_credits":"","42wp_featured_video":"","42wp_featured_image_hidden":false,"42wp_authors_list":[],"footnotes":""},"categories":[3],"tags":[417,619,5548,1491,28285,93,25977,28095,265,120,266,3422,18713],"42wp_author":[47153],"class_list":["post-103515","post","type-post","status-publish","format-standard","has-post-thumbnail","hentry","category-indy","tag-andretti","tag-formula-indy","tag-gp-do-alabama","tag-grande-premio","tag-grandepremio","tag-indy","tag-indy-2023","tag-indycar-series","tag-penske","tag-romain-grosjean","tag-scott-mclaughlin","tag-ultrapassagem","tag-vitoria","42wp_author-gabriel-pitor"],"_links":{"self":[{"href":"https:\/\/grandepremio.com\/br\/wp-json\/wp\/v2\/posts\/103515","targetHints":{"allow":["GET"]}}],"collection":[{"href":"https:\/\/grandepremio.com\/br\/wp-json\/wp\/v2\/posts"}],"about":[{"href":"https:\/\/grandepremio.com\/br\/wp-json\/wp\/v2\/types\/post"}],"replies":[{"embeddable":true,"href":"https:\/\/grandepremio.com\/br\/wp-json\/wp\/v2\/comments?post=103515"}],"version-history":[{"count":0,"href":"https:\/\/grandepremio.com\/br\/wp-json\/wp\/v2\/posts\/103515\/revisions"}],"wp:featuredmedia":[{"embeddable":true,"href":"https:\/\/grandepremio.com\/br\/wp-json\/wp\/v2\/media\/1000677109"}],"wp:attachment":[{"href":"https:\/\/grandepremio.com\/br\/wp-json\/wp\/v2\/media?parent=103515"}],"wp:term":[{"taxonomy":"category","embeddable":true,"href":"https:\/\/grandepremio.com\/br\/wp-json\/wp\/v2\/categories?post=103515"},{"taxonomy":"post_tag","embeddable":true,"href":"https:\/\/grandepremio.com\/br\/wp-json\/wp\/v2\/tags?post=103515"},{"taxonomy":"42wp_author","embeddable":true,"href":"https:\/\/grandepremio.com\/br\/wp-json\/wp\/v2\/42wp_author?post=103515"}],"curies":[{"name":"wp","href":"https:\/\/api.w.org\/{rel}","templated":true}]}}