{"id":103528,"date":"2023-04-30T14:29:22","date_gmt":"2023-04-30T17:29:22","guid":{"rendered":"https:\/\/grandepremio.com\/br\/noticias\/nyck-de-vries-lamenta-batida-gp-do-azerbaijao-erro-bobo-desnecessario\/"},"modified":"2023-04-30T14:29:38","modified_gmt":"2023-04-30T17:29:38","slug":"nyck-de-vries-lamenta-batida-gp-do-azerbaijao-erro-bobo-desnecessario","status":"publish","type":"post","link":"https:\/\/grandepremio.com\/br\/f1\/nyck-de-vries-lamenta-batida-gp-do-azerbaijao-erro-bobo-desnecessario\/","title":{"rendered":"De Vries lamenta batida no GP do Azerbaij\u00e3o: &#8220;Erro bobo e desnecess\u00e1rio&#8221;"},"content":{"rendered":"\n<figure class=\"wp-block-embed is-type-video is-provider-youtube wp-block-embed-youtube wp-embed-aspect-16-9 wp-has-aspect-ratio\"><div class=\"wp-block-embed__wrapper\">\n<iframe loading=\"lazy\" title=\"F1 GP AZERBAIJ\u00c3O 2023 HOJE: P\u00c9REZ VENCE, VERSTAPPEN 2\u00ba | Briefing\" width=\"500\" height=\"281\" src=\"https:\/\/www.youtube.com\/embed\/FdNPrSs5ifg?feature=oembed\" frameborder=\"0\" allow=\"accelerometer; autoplay; clipboard-write; encrypted-media; gyroscope; picture-in-picture; web-share\" referrerpolicy=\"strict-origin-when-cross-origin\" allowfullscreen><\/iframe>\n<\/div><\/figure>\n\n\n\n<p class=\"wp-block-paragraph\"><strong>Nyck de Vries<\/strong> cometeu um erro durante o <strong>GP do Azerbaij\u00e3o<\/strong>, <a aria-label=\"realizado neste domingo (30) (opens in a new tab)\" href=\"https:\/\/www.grandepremio.com\/br\/f1\/noticias\/sergio-perez-aproveita-efeito-borboleta-bate-max-verstappen-vence-gp-do-azerbaijao-formula-1\/\" target=\"_blank\" rel=\"noreferrer noopener\" class=\"ek-link\">realizado neste domingo (30)<\/a>, que o for\u00e7ou a encerrar sua corrida muito mais cedo do que o esperado. Durante a d\u00e9cima volta, o piloto da <strong>AlphaTauri<\/strong> tocou no muro da curva 5 e quebrou a barra de dire\u00e7\u00e3o da <strong>AT04 #21<\/strong>, o que<a href=\"https:\/\/www.grandepremio.com\/br\/f1\/noticias\/red-bull-defende-pit-stop-max-verstappen-baku-parecia-nyck-de-vries-sairia-dali\/\" class=\"ek-link\"> causou a entrada do safety-car no giro seguinte e mudou os rumos da etapa em Baku.<\/a><\/p>\n\n\n\n<p class=\"wp-block-paragraph\">Depois da corrida, o holand\u00eas admitiu o erro e lamentou bastante o ocorrido, descrevendo a situa\u00e7\u00e3o como &#8220;boba e desnecess\u00e1ria&#8221;. Vale destacar que n\u00e3o foi a primeira batida do holand\u00eas no fim de semana, j\u00e1 que o campe\u00e3o da F\u00f3rmula E 2020\/21 <a href=\"https:\/\/www.grandepremio.com\/br\/video\/f1\/nyck-de-vries-encontra-muro-interrupcao-q1-classificacao-gp-do-azerbaijao\/\" target=\"_blank\" aria-label=\"estampou o muro do circuito durante a classifica\u00e7\u00e3o de sexta-feira (opens in a new tab)\" rel=\"noreferrer noopener\" class=\"ek-link\">estampou o muro do circuito durante a classifica\u00e7\u00e3o de sexta-feira<\/a>.<\/p>\n\n\n\n<p class=\"wp-block-paragraph\"><strong>\u25b6\ufe0f\u00a0Inscreva-se nos dois canais do GRANDE PR\u00caMIO no YouTube:\u00a0<a href=\"https:\/\/www.youtube.com\/channel\/UC9OlHEgxoaY6QY6nWPoiqQg?sub_confirmation=1\" target=\"_blank\" rel=\"noreferrer noopener\">GP<\/a>\u00a0|\u00a0<a href=\"https:\/\/www.youtube.com\/channel\/UC9csiS6q_C3C0FYhyr1rnFA?sub_confirmation=1\" target=\"_blank\" rel=\"noreferrer noopener\">GP2<\/a><\/strong><\/p>\n\n\n\n<figure class=\"wp-block-image size-large\"><img decoding=\"async\" src=\"https:\/\/www.grandepremio.com\/br\/wp-content\/uploads\/2023\/04\/Fu9WV1WXoAAWkaK-1024x576.jpg\" alt=\"\" class=\"wp-image-677509\"\/><figcaption>O GP do Azerbaij\u00e3o durou dez voltas para Nyck de Vries (Foto: Reprodu\u00e7\u00e3o\/F1TV)<\/figcaption><\/figure>\n\n\n\n<p class=\"wp-block-paragraph\"><strong>\u25b6\ufe0f\u00a0<a href=\"https:\/\/www.twitch.tv\/grandepremio\" target=\"_blank\" rel=\"noreferrer noopener\">Conhe\u00e7a o canal do GRANDE PR\u00caMIO na Twitch clicando aqui!<\/a><\/strong><\/p>\n\n\n\n<p class=\"wp-block-paragraph\">&#8220;O acidente de hoje foi totalmente erro meu. Foi muito bobo e desnecess\u00e1rio, e essa responsabilidade \u00e9 minha. Estou decepcionado comigo mesmo, mas \u00e9 assim que as coisas s\u00e3o&#8221;, reconheceu. &#8220;H\u00e1 pontos positivos para tirar deste fim de semana, e vou tentar olhar para eles. Estou feliz por correr novamente na pr\u00f3xima semana, ent\u00e3o esquecerei este fim de semana o mais r\u00e1pido poss\u00edvel&#8221;, finalizou De Vries.<\/p>\n\n\n\n<p class=\"wp-block-paragraph\">Passadas quatro corridas em 2023, o titular da AlphaTauri ainda n\u00e3o conseguiu se encontrar na F\u00f3rmula 1. Ap\u00f3s se tornar campe\u00e3o da F2 e da F\u00f3rmula E e pontuar em sua estreia pela <strong>Williams<\/strong> em 2022 \u2014 quando <strong>Alexander Albon<\/strong> precisou se ausentar do <strong>GP da It\u00e1lia<\/strong> em decorr\u00eancia de uma apendicite \u2014, o holand\u00eas estava com a moral alta no paddock. O brilho, no entanto, se esvai \u00e0 medida que a temporada avan\u00e7a.<\/p>\n\n\n\n<p class=\"wp-block-paragraph\">De Vries permanece zerado e tem como melhor resultado o 14\u00ba lugar alcan\u00e7ado nos <strong>GPs do Bahrein<\/strong> e da <strong>Ar\u00e1bia Saudita<\/strong>. No Mundial de Construtores, a AlphaTauri est\u00e1 em nono lugar, com os dois pontos somados por <strong>Yuki Tsunoda<\/strong>. A F\u00f3rmula 1 retoma suas atividades entre os dias 5 e 7 de maio, com o<strong> GP de Miami<\/strong>, nos Estados Unidos.<\/p>\n","protected":false},"excerpt":{"rendered":"<p>Nyck de Vries foi obrigado a abandonar o GP do Azerbaij\u00e3o ainda no in\u00edcio, depois de acertar o muro da curva 5, e lamentou erro que custou a participa\u00e7\u00e3o na corrida<\/p>\n","protected":false},"author":0,"featured_media":1000676945,"comment_status":"closed","ping_status":"closed","sticky":false,"template":"","format":"standard","meta":{"42wp_featured_image_caption":"","42wp_featured_image_credits":"","42wp_featured_video":"","42wp_featured_image_hidden":false,"42wp_authors_list":[],"footnotes":""},"categories":[2],"tags":[524,5921,147,24836,28285,1556,204,597],"42wp_author":[47149],"class_list":["post-103528","post","type-post","status-publish","format-standard","has-post-thumbnail","hentry","category-f1","tag-alphatauri","tag-corrida-sprint","tag-f1","tag-grande-premio-2","tag-grandepremio","tag-nyck-de-vries","tag-red-bull","tag-yuki-tsunoda","42wp_author-bernardo-castro"],"_links":{"self":[{"href":"https:\/\/grandepremio.com\/br\/wp-json\/wp\/v2\/posts\/103528","targetHints":{"allow":["GET"]}}],"collection":[{"href":"https:\/\/grandepremio.com\/br\/wp-json\/wp\/v2\/posts"}],"about":[{"href":"https:\/\/grandepremio.com\/br\/wp-json\/wp\/v2\/types\/post"}],"replies":[{"embeddable":true,"href":"https:\/\/grandepremio.com\/br\/wp-json\/wp\/v2\/comments?post=103528"}],"version-history":[{"count":0,"href":"https:\/\/grandepremio.com\/br\/wp-json\/wp\/v2\/posts\/103528\/revisions"}],"wp:featuredmedia":[{"embeddable":true,"href":"https:\/\/grandepremio.com\/br\/wp-json\/wp\/v2\/media\/1000676945"}],"wp:attachment":[{"href":"https:\/\/grandepremio.com\/br\/wp-json\/wp\/v2\/media?parent=103528"}],"wp:term":[{"taxonomy":"category","embeddable":true,"href":"https:\/\/grandepremio.com\/br\/wp-json\/wp\/v2\/categories?post=103528"},{"taxonomy":"post_tag","embeddable":true,"href":"https:\/\/grandepremio.com\/br\/wp-json\/wp\/v2\/tags?post=103528"},{"taxonomy":"42wp_author","embeddable":true,"href":"https:\/\/grandepremio.com\/br\/wp-json\/wp\/v2\/42wp_author?post=103528"}],"curies":[{"name":"wp","href":"https:\/\/api.w.org\/{rel}","templated":true}]}}