{"id":103578,"date":"2023-04-29T15:56:55","date_gmt":"2023-04-29T18:56:55","guid":{"rendered":"https:\/\/grandepremio.com\/br\/noticias\/kamui-kobayashi-mike-conway-jose-maria-lopez-puxa-dobradinha-toyota-6-horas-spa-francorchamps\/"},"modified":"2023-04-29T15:58:38","modified_gmt":"2023-04-29T18:58:38","slug":"kamui-kobayashi-mike-conway-jose-maria-lopez-puxa-dobradinha-toyota-6-horas-spa-francorchamps","status":"publish","type":"post","link":"https:\/\/grandepremio.com\/br\/endurance\/kamui-kobayashi-mike-conway-jose-maria-lopez-puxa-dobradinha-toyota-6-horas-spa-francorchamps\/","title":{"rendered":"Kobayashi\/Conway\/L\u00f3pez puxa dobradinha da Toyota nas 6 Horas de Spa-Francorchamps"},"content":{"rendered":"\n<figure class=\"wp-block-video\"><video class=\"video-js vjs-big-play-centered\" data-gp-vjs=\"1\" controls poster=\"https:\/\/www.grandepremio.com\/br\/wp-content\/uploads\/2023\/04\/van-der-Zande-poster.jpeg\" src=\"https:\/\/www.grandepremio.com\/br\/wp-content\/uploads\/2023\/04\/van-der-Zande.mp4\"><\/video><figcaption>Van der Zande perdeu controle de seu Cadillac e atingiu com for\u00e7a a barreira de prote\u00e7\u00e3o durante as 6 Horas de Spa (V\u00eddeo: WEC)<\/figcaption><\/figure>\n\n\n\n<p class=\"wp-block-paragraph\">O trio <strong>Kamui Kobayashi<\/strong>\/<strong>Mike Conway<\/strong>\/<strong>Jose Maria L\u00f3pez<\/strong> confirmou o favoritismo e venceu as <strong>6 Horas de Spa-Francorchamps<\/strong> disputada neste s\u00e1bado (29), v\u00e1lida pela terceira etapa da temporada 2023 do <strong>Mundial de Endurance<\/strong>. Largando da pole-position, o <strong>Toyota #7 <\/strong>botou 16s637 de vantagem sobre o segundo colocado na categoria <strong>Hipercarros<\/strong>.<\/p>\n\n\n\n<p class=\"wp-block-paragraph\">A grande atua\u00e7\u00e3o da prova ficou por conta do outro Toyota, pilotado pelo trio <strong>Brendon Hartley<\/strong>\/<strong>S\u00e9bastien Buemi<\/strong>\/<strong>Rio Hirakawa<\/strong>, que largou na \u00faltima posi\u00e7\u00e3o e conseguiu uma remontada espetacular, mas que n\u00e3o foi suficiente para bater seu carro-irm\u00e3o.<\/p>\n\n\n\n<p class=\"wp-block-paragraph\">O p\u00f3dio ficou completo com a <strong>Ferrari #51<\/strong> conduzida por <strong>Antonio Giovinazzi<\/strong>\/<strong>James Calado<\/strong>\/<strong>Alessandro Pier Guidi<\/strong>. As 6 Horas de Spa teve alguns acidentes bem fortes, como o de <strong>Renger Van der Zande<\/strong>, que perdeu controle de seu <strong>Cadillac<\/strong> na Raidillon e atingiu com for\u00e7a a barreira de prote\u00e7\u00e3o.<\/p>\n\n\n\n<figure class=\"wp-block-image size-full\"><img decoding=\"async\" src=\"https:\/\/www.grandepremio.com\/br\/wp-content\/uploads\/2023\/04\/644d58981be65.jpg\" alt=\"\" class=\"wp-image-677297\"\/><figcaption>Lilou Wadoux \u00e9 a primeira mulher a vencer uma corrida no Mundial de Endurance (Foto: WEC)<\/figcaption><\/figure>\n\n\n\n<p class=\"wp-block-paragraph\">Na curva 16 em <strong>Stavelot<\/strong>, foi a vez do <strong>Vanwall<\/strong> conduzido por <strong>Jacques Villeneuve<\/strong> bater com o carro #54 da<strong> AF Corse<\/strong>, que levou o safety-car ser acionado. Pela <strong>LMP2<\/strong>, vit\u00f3ria para o <strong>Oreca 07<\/strong> com o trio<strong> Louis D\u00e9l\u00e9traz<\/strong>\/<strong>Robert Kubica<\/strong>\/<strong>Rui Andrade<\/strong>. A <strong>Alpine<\/strong> #35, do brasileiro <strong>Andr\u00e9 Negr\u00e3o<\/strong>, chegou na oitava coloca\u00e7\u00e3o na classe, enquanto a equipe <strong>Jota<\/strong>, de <strong>Pietro Fittipaldi<\/strong>, ficou na nona posi\u00e7\u00e3o.<\/p>\n\n\n\n<p class=\"wp-block-paragraph\"><strong>\u25b6\ufe0f\u00a0Inscreva-se nos dois canais do GRANDE PR\u00caMIO no YouTube:\u00a0<a href=\"https:\/\/www.youtube.com\/channel\/UC9OlHEgxoaY6QY6nWPoiqQg?sub_confirmation=1\" target=\"_blank\" rel=\"noreferrer noopener\">GP<\/a>\u00a0|\u00a0<a href=\"https:\/\/www.youtube.com\/channel\/UC9csiS6q_C3C0FYhyr1rnFA?sub_confirmation=1\" target=\"_blank\" rel=\"noreferrer noopener\">GP2<\/a><\/strong><br><strong>\u25b6\ufe0f\u00a0<a href=\"https:\/\/www.twitch.tv\/grandepremio\" target=\"_blank\" rel=\"noreferrer noopener\">Conhe\u00e7a o canal do GRANDE PR\u00caMIO na Twitch clicando aqui!<\/a><\/strong><\/p>\n\n\n\n<p class=\"wp-block-paragraph\">Na categoria <strong>LMGTEAm<\/strong>, o triunfo ficou para a <strong>AF Corse\/Ferrari<\/strong> de <strong>Luis Perez Companc<\/strong>\/<strong>Alessio Rovera<\/strong>\/<strong>Lilou Wadoux<\/strong>. \u00c9 a primeira vez que o Mundial de Endurance tem uma mulher vencedora de uma prova em quaisquer de suas classes. O brasileiro <strong>Daniel Serra<\/strong>, pela <strong>Kessel Racing<\/strong>, fechou a prova em oitavo.<\/p>\n\n\n\n<p class=\"wp-block-paragraph\">A pr\u00f3xima etapa do WEC 2023 ser\u00e1 a tradicional <strong>24 Horas de Le Mans<\/strong>, nos dias 10 e 11 de junho.<\/p>\n","protected":false},"excerpt":{"rendered":"<p>O Toyota #7 venceu de ponta a ponta a terceira etapa do WEC em 2023 na classe Hipercarros. Na categoria LMGTEAm, Lilou Wadoux fez hist\u00f3ria a ser primeira mulher a conquistar um triunfo no Mundial de Endurance <\/p>\n","protected":false},"author":0,"featured_media":1000677293,"comment_status":"closed","ping_status":"closed","sticky":false,"template":"","format":"standard","meta":{"42wp_featured_image_caption":"","42wp_featured_image_credits":"","42wp_featured_video":"","42wp_featured_image_hidden":false,"42wp_authors_list":[],"footnotes":""},"categories":[18],"tags":[20491,25129,77,207,2553,1865,731,1677,31921,408,178,27344],"42wp_author":[47128],"class_list":["post-103578","post","type-post","status-publish","format-standard","has-post-thumbnail","hentry","category-endurance","tag-alpine","tag-andre-negrao","tag-daniel-serra","tag-ferrari","tag-jacques-villeneuve","tag-jose-maria-lopez","tag-kamui-kobayashi","tag-mike-conway","tag-mundial-de-endurance-2023","tag-pietro-fittipaldi","tag-toyota","tag-wec-2023","42wp_author-guilherme-bloisi"],"_links":{"self":[{"href":"https:\/\/grandepremio.com\/br\/wp-json\/wp\/v2\/posts\/103578","targetHints":{"allow":["GET"]}}],"collection":[{"href":"https:\/\/grandepremio.com\/br\/wp-json\/wp\/v2\/posts"}],"about":[{"href":"https:\/\/grandepremio.com\/br\/wp-json\/wp\/v2\/types\/post"}],"replies":[{"embeddable":true,"href":"https:\/\/grandepremio.com\/br\/wp-json\/wp\/v2\/comments?post=103578"}],"version-history":[{"count":0,"href":"https:\/\/grandepremio.com\/br\/wp-json\/wp\/v2\/posts\/103578\/revisions"}],"wp:featuredmedia":[{"embeddable":true,"href":"https:\/\/grandepremio.com\/br\/wp-json\/wp\/v2\/media\/1000677293"}],"wp:attachment":[{"href":"https:\/\/grandepremio.com\/br\/wp-json\/wp\/v2\/media?parent=103578"}],"wp:term":[{"taxonomy":"category","embeddable":true,"href":"https:\/\/grandepremio.com\/br\/wp-json\/wp\/v2\/categories?post=103578"},{"taxonomy":"post_tag","embeddable":true,"href":"https:\/\/grandepremio.com\/br\/wp-json\/wp\/v2\/tags?post=103578"},{"taxonomy":"42wp_author","embeddable":true,"href":"https:\/\/grandepremio.com\/br\/wp-json\/wp\/v2\/42wp_author?post=103578"}],"curies":[{"name":"wp","href":"https:\/\/api.w.org\/{rel}","templated":true}]}}