{"id":103623,"date":"2023-04-29T04:15:00","date_gmt":"2023-04-29T07:15:00","guid":{"rendered":"https:\/\/grandepremio.com\/br\/noticias\/grande-premio-acompanha-corrida-sprint-gp-azerbaijao-voz-do-esporte\/"},"modified":"2023-04-28T16:03:21","modified_gmt":"2023-04-28T19:03:21","slug":"grande-premio-acompanha-corrida-sprint-gp-azerbaijao-voz-do-esporte","status":"publish","type":"post","link":"https:\/\/grandepremio.com\/br\/f1\/grande-premio-acompanha-corrida-sprint-gp-azerbaijao-voz-do-esporte\/","title":{"rendered":"GRANDE PR\u00caMIO acompanha corrida sprint do GP do Azerbaij\u00e3o com Voz do Esporte"},"content":{"rendered":"\n<p class=\"wp-block-paragraph\">Na manh\u00e3 deste s\u00e1bado (29), acontece a corrida sprint no<strong>&nbsp;GP do Azerbaij\u00e3o<\/strong>, quarta etapa da temporada da&nbsp;<strong><a href=\"https:\/\/www.grandepremio.com\/formula-1\/\" target=\"_blank\" rel=\"noreferrer noopener\">F\u00f3rmula 1<\/a><\/strong>&nbsp;2023. E o&nbsp;<strong>GRANDE PR\u00caMIO<\/strong>&nbsp;acompanha a sess\u00e3o no circuito urbano de&nbsp;<strong><a href=\"https:\/\/www.grandepremio.com\/br\/circuito\/baku\/\" target=\"_blank\" rel=\"noreferrer noopener\">Baku<\/a>&nbsp;<\/strong>em segunda tela, em parceria com a Voz do Esporte.<\/p>\n\n\n\n<p class=\"wp-block-paragraph\">Na atra\u00e7\u00e3o,&nbsp;<strong>Ennio Ricanelo<\/strong>&nbsp;narra, enquanto&nbsp;<strong>Victor Martins<\/strong>&nbsp;e&nbsp;<strong>Evelyn Guimar\u00e3es&nbsp;<\/strong>comentam. A&nbsp;<a href=\"https:\/\/formula1aovivo.com\/\" target=\"_blank\" rel=\"noreferrer noopener\">transmiss\u00e3o<\/a>&nbsp;come\u00e7a \u00e0s 10h10 (de Bras\u00edlia, GMT-3) no&nbsp;<strong><a href=\"https:\/\/www.youtube.com\/@GrandePremio1\" class=\"ek-link\">YouTube<\/a><\/strong>&nbsp;do&nbsp;<strong>GP&nbsp;<\/strong>e no Facebook da&nbsp;<strong>Voz do Esporte<\/strong>.<\/p>\n\n\n\n<p class=\"wp-block-paragraph\">O formato do fim de semana no Azerbaij\u00e3o \u00e9 in\u00e9dito, afinal, a F1 testar\u00e1 nas ruas de\u00a0<a href=\"https:\/\/www.grandepremio.com\/br\/circuito\/baku\/\" target=\"_blank\" rel=\"noreferrer noopener\" class=\"ek-link\">Baku<\/a>\u00a0uma etapa com o s\u00e1bado como\u00a0<a href=\"https:\/\/www.grandepremio.com\/br\/f1\/noticias\/f1-aprova-novo-formato-para-sprint-e-ja-realiza-gp-do-azerbaijao-com-2-classificacoes\/\" class=\"ek-link\">um evento \u00e0 parte<\/a>, com classifica\u00e7\u00e3o da sprint e a pr\u00f3pria corrida.<\/p>\n\n\n\n<figure class=\"wp-block-image size-large\"><img decoding=\"async\" src=\"https:\/\/www.grandepremio.com\/br\/wp-content\/uploads\/2023\/04\/redbull-sergioperez-03-3-1024x683.jpg\" alt=\"\" class=\"wp-image-675851\"\/><figcaption>Baku ser\u00e1 a primeira corrida sprint com o novo formato promovido pela F1 (Foto: Red Bull Content Pool)<\/figcaption><\/figure>\n\n\n\n<p class=\"wp-block-paragraph\"><strong>\u25b6\ufe0f&nbsp;Inscreva-se nos dois canais do GRANDE PR\u00caMIO no YouTube:&nbsp;<a href=\"https:\/\/www.youtube.com\/channel\/UC9OlHEgxoaY6QY6nWPoiqQg?sub_confirmation=1\" target=\"_blank\" rel=\"noreferrer noopener\">GP<\/a>&nbsp;|&nbsp;<a href=\"https:\/\/www.youtube.com\/channel\/UC9csiS6q_C3C0FYhyr1rnFA?sub_confirmation=1\" target=\"_blank\" rel=\"noreferrer noopener\">GP2<\/a><\/strong><br><strong>\u25b6\ufe0f&nbsp;<a href=\"https:\/\/www.twitch.tv\/grandepremio\" target=\"_blank\" rel=\"noreferrer noopener\">Conhe\u00e7a o canal do GRANDE PR\u00caMIO na Twitch clicando aqui!<\/a><\/strong><\/p>\n\n\n\n<p class=\"wp-block-paragraph\">Antes do GP do Azerbaij\u00e3o,&nbsp;<strong><a href=\"https:\/\/www.grandepremio.com\/br\/piloto\/max-verstappen\/\" target=\"_blank\" rel=\"noreferrer noopener\">Max Verstappen<\/a><\/strong>&nbsp;j\u00e1&nbsp;<a href=\"https:\/\/www.grandepremio.com\/br\/f1\/classificacao\/\">lidera a temporada 2023<\/a>&nbsp;da&nbsp;<strong>F1&nbsp;<\/strong>com alguma folga, com 69 pontos.&nbsp;<strong>Sergio P\u00e9rez<\/strong>&nbsp;tem 54,&nbsp;<strong><a href=\"https:\/\/es.grandepremio.com\/\" target=\"_blank\" rel=\"noreferrer noopener\">Fernando Alonso<\/a><\/strong>&nbsp;aparece com 45 e<strong>&nbsp;<a href=\"https:\/\/www.grandepremio.com\/br\/piloto\/lewis-hamilton\/\" target=\"_blank\" rel=\"noreferrer noopener\">Lewis Hamilton<\/a><\/strong>&nbsp;tem 38.<\/p>\n\n\n\n<p class=\"wp-block-paragraph\"><strong>Na temporada 2023, treinos classificat\u00f3rios, corridas sprint e corridas ter\u00e3o narra\u00e7\u00e3o e coment\u00e1rios em segunda tela no YouTube do GRANDE PR\u00caMIO e no Facebook da Voz do Esporte.<\/strong><\/p>\n\n\n\n<p class=\"wp-block-paragraph\"><strong>ASSISTA!<\/strong><\/p>\n\n\n\n<figure class=\"wp-block-embed is-type-video is-provider-youtube wp-block-embed-youtube wp-embed-aspect-16-9 wp-has-aspect-ratio\"><div class=\"wp-block-embed__wrapper\">\n<iframe loading=\"lazy\" title=\"CORRIDA SPRINT F1 AO VIVO HOJE: ACOMPANHE TUDO DO GP DO AZERBAIJ\u00c3O NO GRANDE PR\u00caMIO\" width=\"500\" height=\"281\" src=\"https:\/\/www.youtube.com\/embed\/D5f76_BbNuk?feature=oembed\" frameborder=\"0\" allow=\"accelerometer; autoplay; clipboard-write; encrypted-media; gyroscope; picture-in-picture; web-share\" referrerpolicy=\"strict-origin-when-cross-origin\" allowfullscreen><\/iframe>\n<\/div><\/figure>\n","protected":false},"excerpt":{"rendered":"<p>Em parceria com a Voz do Esporte, o GRANDE PR\u00caMIO acompanha a primeira corrida sprint com o novo formato promovido pela F1 no circuito urbano de Baku, no Azerbaij\u00e3o<\/p>\n","protected":false},"author":0,"featured_media":1000675846,"comment_status":"closed","ping_status":"closed","sticky":false,"template":"","format":"standard","meta":{"42wp_featured_image_caption":"","42wp_featured_image_credits":"","42wp_featured_video":"","42wp_featured_image_hidden":false,"42wp_authors_list":[],"footnotes":""},"categories":[2],"tags":[1566,4371,1280,5660,969,5921,147,6533,642,160,180,30722,24976,1491,30103,28285,2306,159,3724,28415,32087,33467,25771,26036,34066,2984,2018,34558,675,17143,25978],"42wp_author":[47128],"class_list":["post-103623","post","type-post","status-publish","format-standard","has-post-thumbnail","hentry","category-f1","tag-ao-vivo","tag-baku","tag-band","tag-classificacao","tag-corrida","tag-corrida-sprint","tag-f1","tag-f1-2023","tag-f1-ao-vivo","tag-f1-tv","tag-formula-1","tag-formula-1-2023","tag-gp-do-azerbaijao","tag-grande-premio","tag-grande-premio-f1","tag-grandepremio","tag-grid-de-largada","tag-horarios-da-f1","tag-mundial-de-f1","tag-novos-carros-da-f1","tag-onde-assistir","tag-onde-assistir-f1-2023","tag-programacao","tag-programacao-de-tv","tag-segunda-tela","tag-sprint","tag-sprint-race","tag-sprint-shootout","tag-streaming","tag-tempo-real","tag-temporada-2023","42wp_author-guilherme-bloisi"],"_links":{"self":[{"href":"https:\/\/grandepremio.com\/br\/wp-json\/wp\/v2\/posts\/103623","targetHints":{"allow":["GET"]}}],"collection":[{"href":"https:\/\/grandepremio.com\/br\/wp-json\/wp\/v2\/posts"}],"about":[{"href":"https:\/\/grandepremio.com\/br\/wp-json\/wp\/v2\/types\/post"}],"replies":[{"embeddable":true,"href":"https:\/\/grandepremio.com\/br\/wp-json\/wp\/v2\/comments?post=103623"}],"version-history":[{"count":0,"href":"https:\/\/grandepremio.com\/br\/wp-json\/wp\/v2\/posts\/103623\/revisions"}],"wp:featuredmedia":[{"embeddable":true,"href":"https:\/\/grandepremio.com\/br\/wp-json\/wp\/v2\/media\/1000675846"}],"wp:attachment":[{"href":"https:\/\/grandepremio.com\/br\/wp-json\/wp\/v2\/media?parent=103623"}],"wp:term":[{"taxonomy":"category","embeddable":true,"href":"https:\/\/grandepremio.com\/br\/wp-json\/wp\/v2\/categories?post=103623"},{"taxonomy":"post_tag","embeddable":true,"href":"https:\/\/grandepremio.com\/br\/wp-json\/wp\/v2\/tags?post=103623"},{"taxonomy":"42wp_author","embeddable":true,"href":"https:\/\/grandepremio.com\/br\/wp-json\/wp\/v2\/42wp_author?post=103623"}],"curies":[{"name":"wp","href":"https:\/\/api.w.org\/{rel}","templated":true}]}}