{"id":103634,"date":"2023-04-28T15:19:25","date_gmt":"2023-04-28T18:19:25","guid":{"rendered":"https:\/\/grandepremio.com\/br\/noticias\/abbi-pulling-desclassificada-marta-garcia-herda-poles-f1-academy-austria\/"},"modified":"2023-04-28T15:20:26","modified_gmt":"2023-04-28T18:20:26","slug":"abbi-pulling-desclassificada-marta-garcia-herda-poles-f1-academy-austria","status":"publish","type":"post","link":"https:\/\/grandepremio.com\/br\/f1-academy\/abbi-pulling-desclassificada-marta-garcia-herda-poles-f1-academy-austria\/","title":{"rendered":"Pulling \u00e9 desclassificada e Garc\u00eda herda poles da F1 Academy na \u00c1ustria"},"content":{"rendered":"\n<p class=\"wp-block-paragraph\">A abertura da <strong>F1 Academy<\/strong> teve uma reviravolta logo para sua primeira prova da temporada 2023. Nesta sexta-feira (28), <strong>Abbi Pulling<\/strong> cravou as duas pole-positions da etapa de <strong>Spielberg<\/strong>, na <strong>\u00c1ustria<\/strong>. <\/p>\n\n\n\n<p class=\"wp-block-paragraph\">Por\u00e9m, a pilota da <strong>Rodin Carlin<\/strong> foi punida ap\u00f3s a classifica\u00e7\u00e3o e perdeu o resultado que conquistou e, por conta disso, ser\u00e1 de <strong>Marta Garc\u00eda<\/strong>, da <strong>Prema<\/strong>, a honra de largar na posi\u00e7\u00e3o mais nobre no grid.<\/p>\n\n\n\n<p class=\"wp-block-paragraph\"><strong>\u25b6\ufe0f\u00a0Inscreva-se nos dois canais do GRANDE PR\u00caMIO no YouTube:\u00a0<a href=\"https:\/\/www.youtube.com\/channel\/UC9OlHEgxoaY6QY6nWPoiqQg?sub_confirmation=1\" target=\"_blank\" rel=\"noreferrer noopener\">GP<\/a>\u00a0|\u00a0<a href=\"https:\/\/www.youtube.com\/channel\/UC9csiS6q_C3C0FYhyr1rnFA?sub_confirmation=1\" target=\"_blank\" rel=\"noreferrer noopener\">GP2<\/a><\/strong><br><strong>\u25b6\ufe0f\u00a0<a href=\"https:\/\/www.twitch.tv\/grandepremio\" target=\"_blank\" rel=\"noreferrer noopener\">Conhe\u00e7a o canal do GRANDE PR\u00caMIO na Twitch clicando aqui!<\/a><\/strong><\/p>\n\n\n\n<p class=\"wp-block-paragraph\">Ap\u00f3s o treino, os carros de Pulling e de suas companheiras <strong>Jessica Edgar <\/strong>e <strong>Megan Gilkes<\/strong> foram para a vistoria dos comiss\u00e1rios e foram constatadas pe\u00e7as n\u00e3o-homologadas no sidepods dos tr\u00eas b\u00f3lidos, infringindo os artigos 1.4 e 4.3 do Regulamento T\u00e9cnico da categoria.<\/p>\n\n\n\n<figure class=\"wp-block-image size-large\"><img decoding=\"async\" src=\"https:\/\/www.grandepremio.com\/br\/wp-content\/uploads\/2023\/04\/Fu0TqvIXsCEhEGh-1024x1024.jpg\" alt=\"\" class=\"wp-image-676240\"\/><figcaption>Abbi Pulling fez a pole mas foi desclassificada na \u00c1ustria (Foto: F1 Academy)<\/figcaption><\/figure>\n\n\n\n<p class=\"wp-block-paragraph\">A sess\u00e3o na \u00c1ustria foi marcada pelas fortes chuvas que atingiram o <strong>Red Bull Ring<\/strong>. Abbi cravou as voltas mais r\u00e1pidas do dia, com 1min42s963 na primeira classifica\u00e7\u00e3o, enquanto no segundo treino fez 1min43s704. <strong>Lena B\u00fchler<\/strong>, da <strong>ART Grand Prix<\/strong>, larga na pole na corrida 2, com grid invertido.<\/p>\n\n\n\n<p class=\"wp-block-paragraph\">A rodada tripla em Spielberg acontece neste s\u00e1bado (29), com a corrida 1 \u00e0s 5h45, a segunda prova \u00e0s 9h05 e fecha a etapa \u00e0s 12h20 (ambas no hor\u00e1rio de Bras\u00edlia). <\/p>\n","protected":false},"excerpt":{"rendered":"<p>Abbi Pulling cravou as voltas mais r\u00e1pidas na classifica\u00e7\u00e3o, mas ap\u00f3s a sess\u00e3o, foram constatadas irregularidades t\u00e9cnicas nos carros da Rodin Carlin e, com isso, Marta Garc\u00eda sai na frente no Red Bull Ring<\/p>\n","protected":false},"author":0,"featured_media":1000676227,"comment_status":"closed","ping_status":"closed","sticky":false,"template":"","format":"standard","meta":{"42wp_featured_image_caption":"","42wp_featured_image_credits":"","42wp_featured_video":"","42wp_featured_image_hidden":false,"42wp_authors_list":[],"footnotes":""},"categories":[48],"tags":[25446,349,1763,4613],"42wp_author":[47128],"class_list":["post-103634","post","type-post","status-publish","format-standard","has-post-thumbnail","hentry","category-f1-academy","tag-marta-garcia","tag-prema","tag-red-bull-ring","tag-spielberg","42wp_author-guilherme-bloisi"],"_links":{"self":[{"href":"https:\/\/grandepremio.com\/br\/wp-json\/wp\/v2\/posts\/103634","targetHints":{"allow":["GET"]}}],"collection":[{"href":"https:\/\/grandepremio.com\/br\/wp-json\/wp\/v2\/posts"}],"about":[{"href":"https:\/\/grandepremio.com\/br\/wp-json\/wp\/v2\/types\/post"}],"replies":[{"embeddable":true,"href":"https:\/\/grandepremio.com\/br\/wp-json\/wp\/v2\/comments?post=103634"}],"version-history":[{"count":0,"href":"https:\/\/grandepremio.com\/br\/wp-json\/wp\/v2\/posts\/103634\/revisions"}],"wp:featuredmedia":[{"embeddable":true,"href":"https:\/\/grandepremio.com\/br\/wp-json\/wp\/v2\/media\/1000676227"}],"wp:attachment":[{"href":"https:\/\/grandepremio.com\/br\/wp-json\/wp\/v2\/media?parent=103634"}],"wp:term":[{"taxonomy":"category","embeddable":true,"href":"https:\/\/grandepremio.com\/br\/wp-json\/wp\/v2\/categories?post=103634"},{"taxonomy":"post_tag","embeddable":true,"href":"https:\/\/grandepremio.com\/br\/wp-json\/wp\/v2\/tags?post=103634"},{"taxonomy":"42wp_author","embeddable":true,"href":"https:\/\/grandepremio.com\/br\/wp-json\/wp\/v2\/42wp_author?post=103634"}],"curies":[{"name":"wp","href":"https:\/\/api.w.org\/{rel}","templated":true}]}}