{"id":103661,"date":"2023-04-28T09:08:49","date_gmt":"2023-04-28T12:08:49","guid":{"rendered":"https:\/\/grandepremio.com\/br\/noticias\/oliver-bearman-enzo-fittipaldi-cronometro-zerado-crava-pole-position-formula-2-baku\/"},"modified":"2023-04-28T09:40:03","modified_gmt":"2023-04-28T12:40:03","slug":"oliver-bearman-enzo-fittipaldi-cronometro-zerado-crava-pole-position-formula-2-baku","status":"publish","type":"post","link":"https:\/\/grandepremio.com\/br\/f2\/oliver-bearman-enzo-fittipaldi-cronometro-zerado-crava-pole-position-formula-2-baku\/","title":{"rendered":"Bearman bate Fittipaldi com cron\u00f4metro zerado e crava pole-position da F2 em Baku"},"content":{"rendered":"\n<figure class=\"wp-block-embed is-type-video is-provider-youtube wp-block-embed-youtube wp-embed-aspect-16-9 wp-has-aspect-ratio\"><div class=\"wp-block-embed__wrapper\">\n<iframe loading=\"lazy\" title=\"F2 2023 VAI COME\u00c7AR A SE DESENHAR DE FORMA MAIS FIEL A PARTIR DE BAKU | GP \u00c0S 10\" width=\"500\" height=\"281\" src=\"https:\/\/www.youtube.com\/embed\/RVS5YMrvZCg?feature=oembed\" frameborder=\"0\" allow=\"accelerometer; autoplay; clipboard-write; encrypted-media; gyroscope; picture-in-picture; web-share\" referrerpolicy=\"strict-origin-when-cross-origin\" allowfullscreen><\/iframe>\n<\/div><\/figure>\n\n\n\n<p class=\"wp-block-paragraph\">Foi por muito, muito pouco \u2014 exatos 0s012 \u2014 que <strong>Enzo Fittipaldi<\/strong> n\u00e3o conquistou a pole-position para a corrida principal da rodada do <strong>Azerbaij\u00e3o <\/strong>da <strong>F\u00f3rmula 2<\/strong>. O brasileiro tinha a posi\u00e7\u00e3o de honra nas m\u00e3os j\u00e1 com o cron\u00f4metro zerado na classifica\u00e7\u00e3o desta sexta-feira (28), mais eis que <strong>Oliver Bearman <\/strong>mostrou que a <strong>Prema <\/strong>realmente n\u00e3o est\u00e1 para brincadeira e cravou 1min52s652, roubando a pole-position do piloto da <strong>Carlin<\/strong>.<\/p>\n\n\n\n<p class=\"wp-block-paragraph\"><strong>Th\u00e9o Pourchaire<\/strong>, confirmando a for\u00e7a da <strong>ART <\/strong>em classifica\u00e7\u00e3o, ficou em terceiro. Frederik Vesti, que chegou a liderar por alguns instantes com a outra Prema, foi o quarto colocado, seguido pela dupla da MP, Dennis Hauger e Jehan Daruvala.<\/p>\n\n\n\n<p class=\"wp-block-paragraph\">Jak Crawford foi o s\u00e9timo colocado, \u00e0 frente de Victor Martins. Companheiro de Fittipaldi, Zane Maloney ficou em nono, com Richard Verschoor fechando o top-10. <strong>Ayumu Iwasa<\/strong>, l\u00edder do campeonato, ficou apenas em 17\u00ba. Com a d\u00e9cima posi\u00e7\u00e3o, Verschoor larga na pole-position na corrida sprint.<\/p>\n\n\n\n<p class=\"wp-block-paragraph\">A <strong>corrida sprint<\/strong> da rodada do Azerbaij\u00e3o da F\u00f3rmula 2 acontece neste s\u00e1bado, \u00e0s 8h (de Bras\u00edlia, GMT-3). O <strong>GRANDE PR\u00caMIO<\/strong> acompanha todas as atividades da temporada 2023.<\/p>\n\n\n\n<p class=\"wp-block-paragraph\"><strong>\u25b6\ufe0f&nbsp;Inscreva-se nos dois canais do GRANDE PR\u00caMIO no YouTube:&nbsp;<a href=\"https:\/\/www.youtube.com\/channel\/UC9OlHEgxoaY6QY6nWPoiqQg?sub_confirmation=1\" target=\"_blank\" rel=\"noreferrer noopener\">GP<\/a>&nbsp;|&nbsp;<a href=\"https:\/\/www.youtube.com\/channel\/UC9csiS6q_C3C0FYhyr1rnFA?sub_confirmation=1\" target=\"_blank\" rel=\"noreferrer noopener\">GP2<\/a><\/strong><br><strong>\u25b6\ufe0f&nbsp;<a href=\"https:\/\/www.twitch.tv\/grandepremio\" target=\"_blank\" rel=\"noreferrer noopener\">Conhe\u00e7a o canal do GRANDE PR\u00caMIO na Twitch clicando aqui!<\/a><\/strong><\/p>\n\n\n\n<p class=\"wp-block-paragraph\"><strong>Confira como foi a classifica\u00e7\u00e3o da F2 em Baku:<\/strong><\/p>\n\n\n\n<p class=\"wp-block-paragraph\">Logo ap\u00f3s o \u00fanico treino livre da F\u00f3rmula 1 ao longo do final de semana, os pilotos da F2 se depararam com os term\u00f4metros marcando 19,8\u00b0C, com a pista chegando aos 41,8 \u00b0C e umidade relativa do ar em 80%. Apesar do sol, j\u00e1 era poss\u00edvel notar uma esp\u00e9cie de neblina em determinado trecho, mas nada que preocupasse ou representasse alguma amea\u00e7a de chuva.<\/p>\n\n\n\n<p class=\"wp-block-paragraph\">No cron\u00f4metro, um atraso de dez minutos em rela\u00e7\u00e3o ao in\u00edcio oficial, marcado anteriormente para as 8h. Quando a pista enfim foi liberada, todos partiram logo para aproveitar ao m\u00e1ximo os 30 minutos da sess\u00e3o classificat\u00f3ria, com Fittipaldi puxando a fila. O piloto da Carlin, no entanto, optou por passar pelos boxes para se reposicionar no pelot\u00e3o e, s\u00f3 ent\u00e3o, buscar efetivamente a volta r\u00e1pida.<\/p>\n\n\n\n<p class=\"wp-block-paragraph\">Coube ent\u00e3o a Pourchaire liderar o pelot\u00e3o, mas ningu\u00e9m teve chance de fazer nada: <strong>Brad Benavides <\/strong>bateu forte na curva 1, j\u00e1 trazendo a primeira interrup\u00e7\u00e3o da classifica\u00e7\u00e3o. E como determina a regra, o rel\u00f3gio para em bandeira vermelha.<\/p>\n\n\n\n<figure class=\"wp-block-image size-large\"><img decoding=\"async\" src=\"https:\/\/www.grandepremio.com\/br\/wp-content\/uploads\/2023\/04\/Brad-Benavides-1024x576.jpg\" alt=\"\" class=\"wp-image-675672\"\/><figcaption>Brad Benavides causou bandeira vermelha na classifica\u00e7\u00e3o da F2 (Foto: Reprodu\u00e7\u00e3o\/F1 TV)<\/figcaption><\/figure>\n\n\n\n<p class=\"wp-block-paragraph\">Depois, a imagem recuperada mostrou que antes mesmo do piloto da <strong>PHM <\/strong>passar reto e estampar a barreira de prote\u00e7\u00e3o, <strong>Jack Doohan<\/strong> tamb\u00e9m escapou no mesmo ponto, por\u00e9m conseguiu evitar a colis\u00e3o. Martins tamb\u00e9m foi dar um passeio na \u00e1rea de escape no mesmo ponto.<\/p>\n\n\n\n<p class=\"wp-block-paragraph\">Ap\u00f3s uma paralisa\u00e7\u00e3o de mais de 15 minutos, a pista mais uma vez foi liberada para os pilotos, dessa vez com <strong>Ralph Boschung <\/strong>puxando a fila e n\u00e3o perdendo tempo para abrir logo a sua volta r\u00e1pida. Com todo o cuidado nas trai\u00e7oeiras e apertadas curvas de Baku, o piloto da <strong>Campos <\/strong>estabeleceu 1min55s530 como tempo a ser batido, mas foi imediatamente superado por praticamente todos os que vieram em sequ\u00eancia, com Bearman assumindo momentaneamente a ponta. Fittipaldi, por sua vez, aparecia em quarto, enquanto o l\u00edder do campeonato, Iwasa, vinha em sexto.<\/p>\n\n\n\n<p class=\"wp-block-paragraph\">Primeiras voltas completadas, Bearman tinha 1min53s780 como melhor volta, 0s140 \u00e0 frente de <strong>Kush Maini<\/strong> (Campos). Vesti, ent\u00e3o, colocou a segunda Prema em terceiro, superando Crawford (Hitech), agora \u00e0 frente de Fittipaldi.<\/p>\n\n\n\n<p class=\"wp-block-paragraph\">Hauger, ent\u00e3o, surgiu com as duas melhores parciais da pista a 15 minutos do fim. O noruegu\u00eas cravou 1min53s531 e colocou a MP no topo da tabela de tempos, trazendo Verschoor consigo para o segundo posto. Bearman, com isso, ca\u00eda para terceiro, com Fittipaldi ainda mantendo o quinto posto.<\/p>\n\n\n\n<p class=\"wp-block-paragraph\">Depois de uma parada nos boxes para acertos finais, a dez minutos do fim, o grupo voltou \u00e0 pista para a defini\u00e7\u00e3o para valer do grid de largada. Foi quando aconteceu uma cena curiosa: Fittipaldi reclamou pelo r\u00e1dio do posicionamento de pista e resolveu ir mais lento, dando espa\u00e7o para que os demais pudessem passar sua frente e ele, ent\u00e3o, conseguisse aproveitar o v\u00e1cuo. S\u00f3 que aconteceu exatamente o contr\u00e1rio, e o que se viu foi um verdadeiro engarrafamento nas ruas de Baku.<\/p>\n\n\n\n<figure class=\"wp-block-image size-large\"><img decoding=\"async\" src=\"https:\/\/www.grandepremio.com\/br\/wp-content\/uploads\/2023\/04\/Trafego-na-F2-1024x576.jpg\" alt=\"\" class=\"wp-image-675685\"\/><figcaption>O engarrafamento na F2 na disputa por &#8220;quem vai pegar o v\u00e1cuo de quem&#8221; (Foto: F1 TV)<\/figcaption><\/figure>\n\n\n\n<p class=\"wp-block-paragraph\"><strong>Isack Hadjar<\/strong>, que passou boa parte da classifica\u00e7\u00e3o nos boxes depois de bater e danificar a suspens\u00e3o do carro, resolveu puxar a fila e partir para a sua volta mais r\u00e1pida. O franc\u00eas assinalou 1min54s291, mas ficou fora do top-10.<\/p>\n\n\n\n<p class=\"wp-block-paragraph\">Quem levou a melhor nessa disputa particular pelo v\u00e1cuo foi Vesti, que registrou 1min53s271, com Pourchaire pulando para segundo apenas 0s085 mais lento que o dinamarqu\u00eas. Fittipaldi era o sexto, a 0s423 do tempo de Frederik.<\/p>\n\n\n\n<p class=\"wp-block-paragraph\">Com o cron\u00f4metro j\u00e1 zerado, a disputa ficou completamente indefinida, e isso porque a transmiss\u00e3o mostrava, no comparativo dos tempos, praticamente todos os pilotos que ainda estavam em volta r\u00e1pida com trechos melhores que os dos rivais. O primeiro a pular para a ponta foi Vesti, at\u00e9 que Fittipaldi acertou uma volta voadora que daria a ele a sua primeira pole-position na F2.<\/p>\n\n\n\n<p class=\"wp-block-paragraph\">S\u00f3 que Bearman vinha no embalo, mesmo depois de triscar o muro com a roda traseira direita. O brit\u00e2nico, que comandou o treino livre pela manh\u00e3, mostrou que falta de experi\u00eancia n\u00e3o seria problemas para conquistar a sua primeira pole na F\u00f3rmula 2.<\/p>\n\n\n\n<p class=\"wp-block-paragraph\"><strong>F\u00f3rmula 2 2023, rodada do Azerbaij\u00e3o, Baku, classifica\u00e7\u00e3o:<\/strong><\/p>\n\n\n\n<figure class=\"wp-block-table\"><table><tbody><tr><td>1<\/td><td>O BEARMAN<\/td><td>Prema<\/td><td>1:52,652<\/td><td>&nbsp;<\/td><td>&nbsp;<\/td><\/tr><tr><td>2<\/td><td>E FITTIPALDI<\/td><td>Carlin<\/td><td>1:52,664<\/td><td>+0,012<\/td><td>&nbsp;<\/td><\/tr><tr><td>3<\/td><td>T POURCHAIRE<\/td><td>ART<\/td><td>1:52,705<\/td><td>+0,053<\/td><td>&nbsp;<\/td><\/tr><tr><td>4<\/td><td>F VESTI<\/td><td>Prema<\/td><td>1:52,723<\/td><td>+0,071<\/td><td>&nbsp;<\/td><\/tr><tr><td>5<\/td><td>D HAUGER<\/td><td>MP<\/td><td>1:52,878<\/td><td>+0,226<\/td><td>&nbsp;<\/td><\/tr><tr><td>6<\/td><td>J DARUVALA<\/td><td>MP<\/td><td>1:53,066<\/td><td>+0,414<\/td><td>&nbsp;<\/td><\/tr><tr><td>7<\/td><td>J CRAWFORD<\/td><td>Hitech<\/td><td>1:53,139<\/td><td>+0,487<\/td><td>&nbsp;<\/td><\/tr><tr><td>8<\/td><td>V MARTINS<\/td><td>ART<\/td><td>1:53,213<\/td><td>+0,561<\/td><td>&nbsp;<\/td><\/tr><tr><td>9<\/td><td>Z MALONEY<\/td><td>Carlin<\/td><td>1:53,297<\/td><td>+0,645<\/td><td>&nbsp;<\/td><\/tr><tr><td>10<\/td><td>R VERSCHOOR<\/td><td>Van Amersfoort<\/td><td>1:53,459<\/td><td>+0,807<\/td><td>&nbsp;<\/td><\/tr><tr><td>11<\/td><td>R BOSCHUNG<\/td><td>Campos<\/td><td>1:53,637<\/td><td>+0,985<\/td><td>&nbsp;<\/td><\/tr><tr><td>12<\/td><td>R STANEK<\/td><td>Trident<\/td><td>1:53,639<\/td><td>+0,987<\/td><td>&nbsp;<\/td><\/tr><tr><td>13<\/td><td>A LECLERC<\/td><td>DAMS<\/td><td>1:53,750<\/td><td>+1,098<\/td><td>&nbsp;<\/td><\/tr><tr><td>14<\/td><td>K MAINI<\/td><td>Campos<\/td><td>1:53,920<\/td><td>+1,268<\/td><td>&nbsp;<\/td><\/tr><tr><td>15<\/td><td>J CORREA<\/td><td>Van Amersfoort<\/td><td>1:53,965<\/td><td>+1,313<\/td><td>&nbsp;<\/td><\/tr><tr><td>16<\/td><td>J DOOHAN<\/td><td>Virtuosi<\/td><td>1:54,150<\/td><td>+1,498<\/td><td>&nbsp;<\/td><\/tr><tr><td>17<\/td><td>A IWASA<\/td><td>DAMS<\/td><td>1:54,217<\/td><td>+1,565<\/td><td>&nbsp;<\/td><\/tr><tr><td>18<\/td><td>I HADJAR<\/td><td>Hitech<\/td><td>1:54,291<\/td><td>+1,639<\/td><td>&nbsp;<\/td><\/tr><tr><td>19<\/td><td>C NOVALAK<\/td><td>Trident<\/td><td>1:54,409<\/td><td>+1,757<\/td><td>&nbsp;<\/td><\/tr><tr><td>20<\/td><td>R NISSANY<\/td><td>PHM<\/td><td>1:54,683<\/td><td>+2,031<\/td><td>&nbsp;<\/td><\/tr><tr><td>21<\/td><td>A CORDEEL<\/td><td>Virtuosi<\/td><td>1:55,548<\/td><td>+2,896<\/td><td>&nbsp;<\/td><\/tr><tr><td>22<\/td><td>B BENAVIDES<\/td><td>PHM<\/td><td>2:25,091<\/td><td>+32,439<\/td><td>&nbsp;<\/td><\/tr><\/tbody><\/table><\/figure>\n","protected":false},"excerpt":{"rendered":"<p>Enzo Fittipaldi tinha a pole-position na m\u00e3o, mas Oliver Bearman fez uma volta 0s012 mais r\u00e1pida e garantiu a posi\u00e7\u00e3o de honra para a corrida principal da F2 em Baku<\/p>\n","protected":false},"author":0,"featured_media":1000675705,"comment_status":"closed","ping_status":"closed","sticky":false,"template":"","format":"standard","meta":{"42wp_featured_image_caption":"","42wp_featured_image_credits":"","42wp_featured_video":"","42wp_featured_image_hidden":false,"42wp_authors_list":[],"footnotes":""},"categories":[9],"tags":[30624,6086,4371,33170,3158,30246,25741,1581,409,29651,2208,1318,1491,596,2971,107,32107,4606,29923,32749,349,2205,26543,799,31651,25479,2204,33975,486,30312,28107],"42wp_author":[47147],"class_list":["post-103661","post","type-post","status-publish","format-standard","has-post-thumbnail","hentry","category-f2","tag-amaury-cordeel","tag-art","tag-baku","tag-brad-benavides","tag-campos","tag-classificacao-f2","tag-clement-novalak","tag-dennis-hauger","tag-enzo-fittipaldi","tag-f2-2022","tag-formula-2","tag-frederik-vesti","tag-grande-premio","tag-jack-doohan","tag-jehan-daruvala","tag-juan-manuel-correa","tag-kush-maini","tag-mp","tag-oliver-bearman","tag-phm","tag-prema","tag-ralph-boschung","tag-roman-stanek","tag-roy-nissany","tag-temporada-2022-f2","tag-theo-pourchaire","tag-trident","tag-van-amersfoot","tag-victor-martins","tag-virtuosi","tag-zane-maloney","42wp_author-luana-marino"],"_links":{"self":[{"href":"https:\/\/grandepremio.com\/br\/wp-json\/wp\/v2\/posts\/103661","targetHints":{"allow":["GET"]}}],"collection":[{"href":"https:\/\/grandepremio.com\/br\/wp-json\/wp\/v2\/posts"}],"about":[{"href":"https:\/\/grandepremio.com\/br\/wp-json\/wp\/v2\/types\/post"}],"replies":[{"embeddable":true,"href":"https:\/\/grandepremio.com\/br\/wp-json\/wp\/v2\/comments?post=103661"}],"version-history":[{"count":0,"href":"https:\/\/grandepremio.com\/br\/wp-json\/wp\/v2\/posts\/103661\/revisions"}],"wp:featuredmedia":[{"embeddable":true,"href":"https:\/\/grandepremio.com\/br\/wp-json\/wp\/v2\/media\/1000675705"}],"wp:attachment":[{"href":"https:\/\/grandepremio.com\/br\/wp-json\/wp\/v2\/media?parent=103661"}],"wp:term":[{"taxonomy":"category","embeddable":true,"href":"https:\/\/grandepremio.com\/br\/wp-json\/wp\/v2\/categories?post=103661"},{"taxonomy":"post_tag","embeddable":true,"href":"https:\/\/grandepremio.com\/br\/wp-json\/wp\/v2\/tags?post=103661"},{"taxonomy":"42wp_author","embeddable":true,"href":"https:\/\/grandepremio.com\/br\/wp-json\/wp\/v2\/42wp_author?post=103661"}],"curies":[{"name":"wp","href":"https:\/\/api.w.org\/{rel}","templated":true}]}}