{"id":103704,"date":"2023-04-27T07:27:00","date_gmt":"2023-04-27T10:27:00","guid":{"rendered":"https:\/\/grandepremio.com\/br\/noticias\/ferrari-chega-azerbaijao-sf-23-mesma-mas-com-respostas-importantes\/"},"modified":"2023-04-27T08:32:19","modified_gmt":"2023-04-27T11:32:19","slug":"ferrari-chega-azerbaijao-sf-23-mesma-mas-com-respostas-importantes","status":"publish","type":"post","link":"https:\/\/grandepremio.com\/br\/f1\/ferrari-chega-azerbaijao-sf-23-mesma-mas-com-respostas-importantes\/","title":{"rendered":"Ferrari chega ao Azerbaij\u00e3o com SF-23 na mesma, mas com &#8220;respostas importantes&#8221;"},"content":{"rendered":"\n<figure class=\"wp-block-embed is-type-video is-provider-youtube wp-block-embed-youtube wp-embed-aspect-16-9 wp-has-aspect-ratio\"><div class=\"wp-block-embed__wrapper\">\n<iframe loading=\"lazy\" title=\"LECLERC NA MERCEDES?, SENNA PATRONO DO BRASIL E GP DO AZERBAIJ\u00c3O F1 | TT GP #93\" width=\"500\" height=\"281\" src=\"https:\/\/www.youtube.com\/embed\/AQQEo5xFz10?feature=oembed\" frameborder=\"0\" allow=\"accelerometer; autoplay; clipboard-write; encrypted-media; gyroscope; picture-in-picture; web-share\" referrerpolicy=\"strict-origin-when-cross-origin\" allowfullscreen><\/iframe>\n<\/div><figcaption>LECLERC NA MERCEDES?, SENNA PATRONO DO BRASIL E GP DO AZERBAIJ\u00c3O DE F1 | TT GP #93<\/figcaption><\/figure>\n\n\n\n<p class=\"wp-block-paragraph\">O come\u00e7o da temporada da <strong>Ferrari<\/strong> \u00e9 dif\u00edcil. Sobretudo a \u00faltima impress\u00e3o, na <strong><a href=\"https:\/\/www.grandepremio.com\/br\/f1\/noticias\/max-verstappen-recupera-ataque-mercedes-vence-caotico-gp-da-australia-formula-1\/\" class=\"ek-link\">Austr\u00e1lia<\/a><\/strong>, as coisas foram complicadas: <strong>Charles Leclerc<\/strong> abandonou logo de cara, enquanto uma puni\u00e7\u00e3o fez com que <strong>Carlos Sainz<\/strong> ca\u00edsse fora dos pontos, ambos com ritmo notavelmente pior que o de <strong>Mercedes<\/strong> e <strong>Aston Martin<\/strong>, al\u00e9m da <strong>Red Bull<\/strong>. A sensa\u00e7\u00e3o em <strong>Maranello<\/strong>, por\u00e9m, \u00e9 de crescimento mesmo sem grandes atualiza\u00e7\u00f5es.<\/p>\n\n\n\n<p class=\"wp-block-paragraph\"><strong>\u25b6\ufe0f\u00a0Inscreva-se nos dois canais do GRANDE PR\u00caMIO no YouTube:\u00a0<a href=\"https:\/\/www.youtube.com\/channel\/UC9OlHEgxoaY6QY6nWPoiqQg?sub_confirmation=1\" target=\"_blank\" rel=\"noreferrer noopener\">GP<\/a>\u00a0|\u00a0<a href=\"https:\/\/www.youtube.com\/channel\/UC9csiS6q_C3C0FYhyr1rnFA?sub_confirmation=1\" target=\"_blank\" rel=\"noreferrer noopener\">GP2<\/a><\/strong><br><strong>\u25b6\ufe0f\u00a0<a href=\"https:\/\/www.twitch.tv\/grandepremio\" target=\"_blank\" rel=\"noreferrer noopener\">Conhe\u00e7a o canal do GRANDE PR\u00caMIO na Twitch clicando aqui!<\/a><\/strong><\/p>\n\n\n\n<p class=\"wp-block-paragraph\">De acordo com o chefe de equipe <strong>Fr\u00e9d\u00e9ric Vasseur<\/strong>, a Ferrari trabalhou muito e bem ao longo das \u00faltimas quatro semanas. Agora, est\u00e1 pronta para um tipo de relan\u00e7amento da temporada, ainda que com o carro substancialmente o mesmo. Inclusive com ajuda pesada de <strong>Charles Leclerc<\/strong> e <strong>Carlos Sainz<\/strong>.<\/p>\n\n\n\n<p class=\"wp-block-paragraph\">&#8220;Quase um m\u00eas passou desde a \u00faltima corrida e, nas \u00faltimas semanas, trabalhamos duro em Maranello com o desenvolvimento da <strong>SF-23<\/strong> tanto em termos de melhorar o atual pacote quanto em termos de atualiza\u00e7\u00f5es planejadas, que ser\u00e3o introduzidas gradualmente ao longo das pr\u00f3ximas corridas&#8221;, afirmou.<\/p>\n\n\n\n<figure class=\"wp-block-image size-large\"><img decoding=\"async\" src=\"https:\/\/www.grandepremio.com\/br\/wp-content\/uploads\/2023\/04\/Vasseur-1024x683.jpg\" alt=\"\" class=\"wp-image-671780\"\/><figcaption>Fr\u00e9d\u00e9ric Vasseur est\u00e1 confiante no retorno (Foto: Ferrari)<\/figcaption><\/figure>\n\n\n\n<p class=\"wp-block-paragraph\">&#8220;Charles e Carlos fizeram a parte deles, trabalharam no simulador e nos deram respostas importantes. Na Austr\u00e1lia, j\u00e1 t\u00ednhamos avan\u00e7ado em termos de pura performance. Para o Azerbaij\u00e3o, queremos come\u00e7ar deste ponto&#8221;, continuou.<\/p>\n\n\n\n<p class=\"wp-block-paragraph\">As atualiza\u00e7\u00f5es s\u00e3o esperadas para as pr\u00f3ximas corridas, sobretudo para o <strong>GP da Em\u00edlia-Romanha<\/strong>, em \u00cdmola, mas a Ferrari precisa mostra alguma rea\u00e7\u00e3o at\u00e9 l\u00e1. Afinal, ap\u00f3s tr\u00eas provas no ano, tem somente 26 pontos e ocupa o quarto lugar do <strong><a href=\"https:\/\/www.grandepremio.com\/br\/f1\/classificacao\/\" class=\"ek-link\">Mundial de Construtores<\/a><\/strong>. A dist\u00e2ncia para a Mercedes, terceira colocada, \u00e9 de 30 pontos, com a Aston Martin outros nove na frente. A Red Bull tem 97 pontos a mais e ares de inalcan\u00e7\u00e1vel.<\/p>\n\n\n\n<p class=\"wp-block-paragraph\">A Ferrari ainda sofreu uma perda no que se refere a pessoal: <strong>Laurent Mekies<\/strong>, atual diretor-esportivo em Maranello e #2 no comando da equipe, <strong><a href=\"https:\/\/www.grandepremio.com\/br\/f1\/noticias\/alphatauri-anuncia-saida-franz-tost-fim-2023-anuncia-laurent-mekies-posicao\/\" class=\"ek-link\">foi anunciado como o pr\u00f3ximo chefe<\/a><\/strong> da <strong>AlphaTauri<\/strong>, no lugar de <strong>Franz Tost<\/strong>, que deixa a F1 no fim da temporada. <\/p>\n\n\n\n<p class=\"wp-block-paragraph\">O <strong>GRANDE PR\u00caMIO<\/strong> acompanha <a href=\"https:\/\/www.grandepremio.com\/br\/ao-vivo\/f1\/\" class=\"ek-link\"><strong>AO VIVO<\/strong> <strong>e EM TEMPO REAL<\/strong><\/a> todas as atividades do GP do Azerbaij\u00e3o de F\u00f3rmula 1.<\/p>\n\n\n\n<figure class=\"wp-block-embed is-type-video is-provider-youtube wp-block-embed-youtube wp-embed-aspect-16-9 wp-has-aspect-ratio\"><div class=\"wp-block-embed__wrapper\">\n<iframe loading=\"lazy\" title=\"NOVO FORMATO: F1 2023 MUDA CORRIDA SPRINT. SAIBA DETALHES\" width=\"500\" height=\"281\" src=\"https:\/\/www.youtube.com\/embed\/D7zo5GOKDUg?feature=oembed\" frameborder=\"0\" allow=\"accelerometer; autoplay; clipboard-write; encrypted-media; gyroscope; picture-in-picture; web-share\" referrerpolicy=\"strict-origin-when-cross-origin\" allowfullscreen><\/iframe>\n<\/div><figcaption>NOVO FORMATO: F1 2023 MUDA CORRIDA SPRINT. SAIBA DETALHES<\/figcaption><\/figure>\n","protected":false},"excerpt":{"rendered":"<p>Fr\u00e9d\u00e9ric Vasseur, chefe da Ferrari, falou que a equipe parte de um ponto importante de desenvolvimento mesmo sem grande atualiza\u00e7\u00e3o no carro da temporada 2023<\/p>\n","protected":false},"author":0,"featured_media":1000667384,"comment_status":"closed","ping_status":"closed","sticky":false,"template":"","format":"standard","meta":{"42wp_featured_image_caption":"","42wp_featured_image_credits":"","42wp_featured_video":"","42wp_featured_image_hidden":false,"42wp_authors_list":[],"footnotes":""},"categories":[2],"tags":[546,209,6533,207,30722,1322,24976,34545,1491,30103,28285,33737],"42wp_author":[47120],"class_list":["post-103704","post","type-post","status-publish","format-standard","has-post-thumbnail","hentry","category-f1","tag-carlos-sainz","tag-charles-leclerc","tag-f1-2023","tag-ferrari","tag-formula-1-2023","tag-frederic-vasseur","tag-gp-do-azerbaijao","tag-gp-em-baku","tag-grande-premio","tag-grande-premio-f1","tag-grandepremio","tag-sf-23","42wp_author-pedro-henrique-marum"],"_links":{"self":[{"href":"https:\/\/grandepremio.com\/br\/wp-json\/wp\/v2\/posts\/103704","targetHints":{"allow":["GET"]}}],"collection":[{"href":"https:\/\/grandepremio.com\/br\/wp-json\/wp\/v2\/posts"}],"about":[{"href":"https:\/\/grandepremio.com\/br\/wp-json\/wp\/v2\/types\/post"}],"replies":[{"embeddable":true,"href":"https:\/\/grandepremio.com\/br\/wp-json\/wp\/v2\/comments?post=103704"}],"version-history":[{"count":0,"href":"https:\/\/grandepremio.com\/br\/wp-json\/wp\/v2\/posts\/103704\/revisions"}],"wp:featuredmedia":[{"embeddable":true,"href":"https:\/\/grandepremio.com\/br\/wp-json\/wp\/v2\/media\/1000667384"}],"wp:attachment":[{"href":"https:\/\/grandepremio.com\/br\/wp-json\/wp\/v2\/media?parent=103704"}],"wp:term":[{"taxonomy":"category","embeddable":true,"href":"https:\/\/grandepremio.com\/br\/wp-json\/wp\/v2\/categories?post=103704"},{"taxonomy":"post_tag","embeddable":true,"href":"https:\/\/grandepremio.com\/br\/wp-json\/wp\/v2\/tags?post=103704"},{"taxonomy":"42wp_author","embeddable":true,"href":"https:\/\/grandepremio.com\/br\/wp-json\/wp\/v2\/42wp_author?post=103704"}],"curies":[{"name":"wp","href":"https:\/\/api.w.org\/{rel}","templated":true}]}}