{"id":103736,"date":"2023-04-25T12:34:00","date_gmt":"2023-04-25T15:34:00","guid":{"rendered":"https:\/\/grandepremio.com\/br\/noticias\/f1-aprova-novo-formato-para-sprint-e-ja-realiza-gp-do-azerbaijao-com-2-classificacoes\/"},"modified":"2023-04-25T14:35:52","modified_gmt":"2023-04-25T17:35:52","slug":"f1-aprova-novo-formato-para-sprint-e-ja-realiza-gp-do-azerbaijao-com-2-classificacoes","status":"publish","type":"post","link":"https:\/\/grandepremio.com\/br\/f1\/f1-aprova-novo-formato-para-sprint-e-ja-realiza-gp-do-azerbaijao-com-2-classificacoes\/","title":{"rendered":"F1 aprova novo formato para sprint e j\u00e1 realiza GP do Azerbaij\u00e3o com 2 classifica\u00e7\u00f5es"},"content":{"rendered":"\n<p class=\"wp-block-paragraph\">Depois de muita especula\u00e7\u00e3o, a <strong>F1 <\/strong>finalmente confirmou, nesta ter\u00e7a-feira (25), o novo formato dos finais de semanas com <strong>corrida sprint<\/strong>: uma classifica\u00e7\u00e3o exclusiva para a prova curta, tornando o evento independente da etapa principal, que vai ter uma defini\u00e7\u00e3o de grid no formato tradicional. Isso vale j\u00e1 para o <strong>GP do Azerbaij\u00e3o<\/strong>, que come\u00e7a a ser realizado dentro de tr\u00eas dias.<\/p>\n\n\n\n<p class=\"wp-block-paragraph\">Assim, a sexta-feira ser\u00e1 composta por um \u00fanico treino livre e mais a defini\u00e7\u00e3o do grid da corrida principal, a de domingo. O s\u00e1bado, portanto, \u00e9 quase um dia separado do restante do evento, com classifica\u00e7\u00e3o e corrida sprint realizados. <\/p>\n\n\n\n<figure class=\"wp-block-embed is-type-video is-provider-youtube wp-block-embed-youtube wp-embed-aspect-16-9 wp-has-aspect-ratio\"><div class=\"wp-block-embed__wrapper\">\n<iframe loading=\"lazy\" title=\"F1 COM SPRINT E 2 SESS\u00d5ES DE CLASSIFICA\u00c7\u00c3O? DESASTRE! | GP \u00c0S 10\" width=\"500\" height=\"281\" src=\"https:\/\/www.youtube.com\/embed\/Uxq9ScOrKLc?feature=oembed\" frameborder=\"0\" allow=\"accelerometer; autoplay; clipboard-write; encrypted-media; gyroscope; picture-in-picture; web-share\" referrerpolicy=\"strict-origin-when-cross-origin\" allowfullscreen><\/iframe>\n<\/div><\/figure>\n\n\n\n<p class=\"wp-block-paragraph\">A&nbsp;<a href=\"https:\/\/www.grandepremio.com\/br\/f1\/noticias\/f1-fim-de-semana-duas-classificacoes-sprint-independente-azerbaijao\/\" class=\"ek-link\"><strong>nova iniciativa pretende fazer com que a corrida sprint se torne um evento independente do GP de domingo<\/strong><\/a>. Assim, a F1 ter\u00e1 em <strong>Baku <\/strong>uma classifica\u00e7\u00e3o somente para a prova curta do s\u00e1bado, enquanto a defini\u00e7\u00e3o do grid propriamente dita ser\u00e1 realizada na sexta-feira e seu resultado servir\u00e1 para ordenar as coloca\u00e7\u00f5es de largada da corrida principal, no domingo. Na pr\u00e1tica, um evento independente acontece em um dia que separa os dois do evento principal.<\/p>\n\n\n\n<p class=\"wp-block-paragraph\">Enquanto a mudan\u00e7a era conhecida, embora a confirma\u00e7\u00e3o tenha chegado somente a poucos dias do fim de semana, a grande novidade est\u00e1 no formato da classifica\u00e7\u00e3o sprint. Na pr\u00e1tica, o que antes era o segundo treino livre em dias de sprint se torna a classifica\u00e7\u00e3o em formato &#8216;pocket&#8217;, com 30 minutos de dura\u00e7\u00e3o e desenho semelhante ao da defini\u00e7\u00e3o de grid oficial.<\/p>\n\n\n\n<figure class=\"wp-block-image size-full\"><img decoding=\"async\" src=\"https:\/\/www.grandepremio.com\/br\/wp-content\/uploads\/2022\/06\/mclaren-landonorris-01-4.jpg\" alt=\"\" class=\"wp-image-583851\"\/><figcaption>O perigoso e desafiador circuito urbano de Baku ser\u00e1 palco do experimento da nova sprint (Foto: McLaren)<\/figcaption><\/figure>\n\n\n\n<p class=\"wp-block-paragraph\"><strong>\u25b6\ufe0f&nbsp;Inscreva-se nos dois canais do GRANDE PR\u00caMIO no YouTube:&nbsp;<a href=\"https:\/\/www.youtube.com\/channel\/UC9OlHEgxoaY6QY6nWPoiqQg?sub_confirmation=1\" target=\"_blank\" rel=\"noreferrer noopener\">GP<\/a>&nbsp;|&nbsp;<a href=\"https:\/\/www.youtube.com\/channel\/UC9csiS6q_C3C0FYhyr1rnFA?sub_confirmation=1\" target=\"_blank\" rel=\"noreferrer noopener\">GP2<\/a><\/strong><br><strong>\u25b6\ufe0f&nbsp;<a href=\"https:\/\/www.twitch.tv\/grandepremio\" target=\"_blank\" rel=\"noreferrer noopener\">Conhe\u00e7a o canal do GRANDE PR\u00caMIO na Twitch clicando aqui!<\/a><\/strong><\/p>\n\n\n\n<p class=\"wp-block-paragraph\">O Q1 ter\u00e1 12 minutos e elimina cinco pilotos, seguido por um Q2 de dez minutos e que elimina outros cinco. O Q3 define os dez primeiros colocados e o pole da sprint em somente oito minutos. \u00c9 obrigat\u00f3rio utilizar pneus m\u00e9dios para Q1 e Q2, enquanto os macios s\u00e3o necess\u00e1rios para o Q3.<\/p>\n\n\n\n<p class=\"wp-block-paragraph\">Esse formato foi acordado entre as equipes durante algumas reuni\u00f5es que aconteceram nas \u00faltimas semanas, mas s\u00f3 foi oficializado hoje.\u00a0<a href=\"https:\/\/www.grandepremio.com\/br\/circuito\/baku\/\" target=\"_blank\" rel=\"noreferrer noopener\">Baku<\/a>\u00a0ser\u00e1 a primeira de seis etapas com sprint em 2023. <\/p>\n\n\n\n<figure class=\"wp-block-embed is-type-rich is-provider-twitter wp-block-embed-twitter\"><div class=\"wp-block-embed__wrapper\">\n<blockquote class=\"twitter-tweet\" data-width=\"500\" data-dnt=\"true\"><p lang=\"pt\" dir=\"ltr\">Voc\u00ea aprovou o novo formato do fim de semana de F1 Sprint com o s\u00e1bado &#39;separado&#39; do fim de semana e uma nova classifica\u00e7\u00e3o de 30 minutos? <a href=\"https:\/\/x.com\/hashtag\/F1?src=hash&amp;ref_src=twsrc%5Etfw\">#F1<\/a> <a href=\"https:\/\/x.com\/hashtag\/F1noGP?src=hash&amp;ref_src=twsrc%5Etfw\">#F1noGP<\/a><\/p>&mdash; Grande Pr\u00eamio (@grandepremio) <a href=\"https:\/\/x.com\/grandepremio\/status\/1650915657460989956?ref_src=twsrc%5Etfw\">April 25, 2023<\/a><\/blockquote><script async src=\"https:\/\/platform.x.com\/widgets.js\" charset=\"utf-8\"><\/script>\n<\/div><\/figure>\n\n\n\n<p class=\"wp-block-paragraph\">Quando as&nbsp;<strong>corridas sprints<\/strong>&nbsp;foram implementadas na&nbsp;<strong><a href=\"https:\/\/www.grandepremio.com\/formula-1\/\" target=\"_blank\" rel=\"noreferrer noopener\">F\u00f3rmula 1<\/a><\/strong>, em 2021, a ideia era tornar a disputa imprevis\u00edvel e embaralhar a hierarquia de for\u00e7as do grid. S\u00f3 que o plano n\u00e3o funcionou de maneira plena. A baixa pontua\u00e7\u00e3o e o temor de um acidente, al\u00e9m das pistas escolhidas, deixaram as provas enfadonhas \u2013 com exce\u00e7\u00e3o de&nbsp;<strong><a href=\"https:\/\/www.grandepremio.com\/br\/circuito\/interlagos\/\" target=\"_blank\" rel=\"noreferrer noopener\">Interlagos<\/a><\/strong>, que sempre entregou um grande espet\u00e1culo. No ano passado, optou-se por aumentar o n\u00famero de pontos, mas, ainda assim, o formato n\u00e3o engrenou \u2013 de novo, somente a sprint paulistana deu totalmente certo.<\/p>\n\n\n\n<p class=\"wp-block-paragraph\">Uma&nbsp;<a href=\"https:\/\/www.grandepremio.com\/br\/f1\/noticias\/lewis-hamilton-defende-corrida-sprint-fim-semana-muito-divertido-mais-classificacoes\/\" class=\"ek-link\"><strong>grande parte dos pilotos gostou desse novo sistema<\/strong><\/a> aprovado, porque atendeu a um pedido da<strong>&nbsp;GPDA<\/strong>&nbsp;(<strong>Associa\u00e7\u00e3o dos Pilotos de Grande Pr\u00eamio<\/strong>). Os <a href=\"https:\/\/www.grandepremio.com\/br\/f1\/noticias\/pilotos-apoiam-mudanca-de-formato-e-pedem-corrida-sprint-separada-de-gp-na-formula-1\/\" class=\"ek-link\"><strong>competidores t\u00eam pressionado<\/strong><\/a> para que a F1 promova uma separa\u00e7\u00e3o entre sprint e GP, na tentativa de proporcionar provas mais agitadas. \u201c\u00c9 a dire\u00e7\u00e3o que pedimos \u00e0 F1 e \u00e0 FIA se quiserem um melhor espet\u00e1culo. Eles nos perguntaram e n\u00f3s dissemos que precisamos que o resultado da sprint n\u00e3o seja considerado para a corrida do domingo\u201d, revelou&nbsp;<strong><a href=\"https:\/\/www.grandepremio.com\/br\/piloto\/carlos-sainz\/\" target=\"_blank\" rel=\"noreferrer noopener\">Carlos Sainz<\/a><\/strong>&nbsp;em declara\u00e7\u00e3o ao site da revista Autosport.<\/p>\n\n\n\n<p class=\"wp-block-paragraph\">\u201cEnt\u00e3o, estou feliz que eles aceitaram o nosso pedido. \u00c9 a dire\u00e7\u00e3o certa\u201d, completou o piloto da Ferrari, que teve o apoio do colega de equipe,<strong>&nbsp;<a href=\"https:\/\/www.grandepremio.com\/br\/piloto\/charles-leclerc\/\" target=\"_blank\" rel=\"noreferrer noopener\">Charles Leclerc<\/a><\/strong>. \u201cPodemos arriscar um pouco mais em uma classifica\u00e7\u00e3o para a sprint sem desperdi\u00e7ar todo o fim de semana, ent\u00e3o \u00e9 algo bom.\u201d<\/p>\n\n\n\n<figure class=\"wp-block-embed is-type-video is-provider-youtube wp-block-embed-youtube wp-embed-aspect-16-9 wp-has-aspect-ratio\"><div class=\"wp-block-embed__wrapper\">\n<iframe loading=\"lazy\" title=\"F1 VOLTA NO AZERBAIJ\u00c3O E MERCEDES MUDA TUDO | Paddock GP #326\" width=\"500\" height=\"281\" src=\"https:\/\/www.youtube.com\/embed\/MpOJw7uleM8?feature=oembed\" frameborder=\"0\" allow=\"accelerometer; autoplay; clipboard-write; encrypted-media; gyroscope; picture-in-picture; web-share\" referrerpolicy=\"strict-origin-when-cross-origin\" allowfullscreen><\/iframe>\n<\/div><\/figure>\n\n\n\n<p class=\"wp-block-paragraph\"><strong><a href=\"https:\/\/www.grandepremio.com\/br\/piloto\/valtteri-bottas\/\" target=\"_blank\" rel=\"noreferrer noopener\">Valtteri Bottas<\/a><\/strong>&nbsp;entende que o formato \u00e9 mais justo. \u201cCertamente, precisamos encontrar um sistema menos injusto, mas que ainda provoque uma mudan\u00e7a na ordem de for\u00e7as. Definitivamente, d\u00e1 para arriscar mais na sprint. \u00c9 um bom ponto\u201d, falou.<\/p>\n\n\n\n<p class=\"wp-block-paragraph\">Essa \u00e9 tamb\u00e9m a mesma vis\u00e3o de&nbsp;<strong>Nyck de Vries<\/strong>&nbsp;e&nbsp;<strong><a href=\"https:\/\/www.grandepremio.com\/br\/piloto\/nico-hlkenberg\/\" target=\"_blank\" rel=\"noreferrer noopener\">Nico H\u00fclkenberg<\/a><\/strong>. \u201c\u00c9 bom separar o resultado da sprint da corrida principal, porque, na verdade, quem est\u00e1 na frente n\u00e3o quer correr riscos, mas o p\u00fablico busca um espet\u00e1culo, ent\u00e3o acho que \u00e9 uma decis\u00e3o inteligente\u201d, disse o holand\u00eas da AlphaTauri.<\/p>\n\n\n\n<p class=\"wp-block-paragraph\">\u201cN\u00e3o \u00e9 uma m\u00e1 ideia\u201d, afirmou H\u00fclkenberg. \u201cA recompensa pelo risco est\u00e1 sempre presente. Voc\u00ea nunca quer danificar o carro, mas h\u00e1 pontos na sprint\u201d, acrescentou o alem\u00e3o da Haas.<\/p>\n\n\n\n<p class=\"wp-block-paragraph\">Mas h\u00e1 quem critique a exist\u00eancia das corridas sprints na F1. Bicampe\u00e3o,&nbsp;<strong><a href=\"https:\/\/www.grandepremio.com\/br\/piloto\/max-verstappen\/\" target=\"_blank\" rel=\"noreferrer noopener\" class=\"ek-link\">Max Vers<\/a><\/strong><a href=\"https:\/\/www.grandepremio.com\/br\/piloto\/max-verstappen\/\" target=\"_blank\" rel=\"noreferrer noopener\" class=\"ek-link\"><strong>tappen&nbsp;v\u00ea a prova curta como uma maneira artificial de aumentar emo\u00e7\u00e3o em um fim de semana<\/strong><\/a>&nbsp;e acredita que a categoria poderia seguir outro caminho para tornar o evento mais interessante para o p\u00fablico.<\/p>\n\n\n\n<p class=\"wp-block-paragraph\">O&nbsp;<strong>GP de Azerbaij\u00e3o<\/strong>&nbsp;de&nbsp;<strong><a href=\"https:\/\/www.grandepremio.com\/formula-1\/\" target=\"_blank\" rel=\"noreferrer noopener\">F\u00f3rmula 1<\/a><\/strong>, nas ruas de Baku, acontece no fim de semana, entre os dias 28 e 30 de abril. O&nbsp;<strong>GRANDE PR\u00caMIO<\/strong>&nbsp;acompanha tudo&nbsp;<strong>AO VIVO<\/strong>&nbsp;e&nbsp;<strong><a href=\"https:\/\/www.grandepremio.com\/br\/ao-vivo\/\" target=\"_blank\" rel=\"noreferrer noopener\">TEMPO REAL<\/a><\/strong>.<\/p>\n\n\n\n<figure class=\"wp-block-embed is-type-video is-provider-youtube wp-block-embed-youtube wp-embed-aspect-16-9 wp-has-aspect-ratio\"><div class=\"wp-block-embed__wrapper\">\n<iframe loading=\"lazy\" title=\"SUPER BOWL NA F1? F\u00d3RMULA 1 EST\u00c1 LOUCA, QUERIDINHA! | GP \u00c0S 10\" width=\"500\" height=\"281\" src=\"https:\/\/www.youtube.com\/embed\/09FPl4iXmhk?feature=oembed\" frameborder=\"0\" allow=\"accelerometer; autoplay; clipboard-write; encrypted-media; gyroscope; picture-in-picture; web-share\" referrerpolicy=\"strict-origin-when-cross-origin\" allowfullscreen><\/iframe>\n<\/div><\/figure>\n","protected":false},"excerpt":{"rendered":"<p>A mudan\u00e7a proposta pela F1 saiu do papel e foi aprovada: no GP do Azerbaij\u00e3o, primeiro com corrida sprint em 2023, ser\u00e3o duas classifica\u00e7\u00f5es, com basicamente dois eventos acontecendo de forma separada numa mesma etapa<\/p>\n","protected":false},"author":0,"featured_media":1000667067,"comment_status":"closed","ping_status":"closed","sticky":false,"template":"","format":"standard","meta":{"42wp_featured_image_caption":"","42wp_featured_image_credits":"","42wp_featured_video":"","42wp_featured_image_hidden":false,"42wp_authors_list":[],"footnotes":""},"categories":[2],"tags":[4371,5660,969,5921,147,6533,642,160,180,30722,24976,1491,30103,28285,915,2306,159,28415,32087,33467,5144,371],"42wp_author":[47117],"class_list":["post-103736","post","type-post","status-publish","format-standard","has-post-thumbnail","hentry","category-f1","tag-baku","tag-classificacao","tag-corrida","tag-corrida-sprint","tag-f1","tag-f1-2023","tag-f1-ao-vivo","tag-f1-tv","tag-formula-1","tag-formula-1-2023","tag-gp-do-azerbaijao","tag-grande-premio","tag-grande-premio-f1","tag-grandepremio","tag-grid","tag-grid-de-largada","tag-horarios-da-f1","tag-novos-carros-da-f1","tag-onde-assistir","tag-onde-assistir-f1-2023","tag-pilotos","tag-teste","42wp_author-gabriel-curty"],"_links":{"self":[{"href":"https:\/\/grandepremio.com\/br\/wp-json\/wp\/v2\/posts\/103736","targetHints":{"allow":["GET"]}}],"collection":[{"href":"https:\/\/grandepremio.com\/br\/wp-json\/wp\/v2\/posts"}],"about":[{"href":"https:\/\/grandepremio.com\/br\/wp-json\/wp\/v2\/types\/post"}],"replies":[{"embeddable":true,"href":"https:\/\/grandepremio.com\/br\/wp-json\/wp\/v2\/comments?post=103736"}],"version-history":[{"count":0,"href":"https:\/\/grandepremio.com\/br\/wp-json\/wp\/v2\/posts\/103736\/revisions"}],"wp:featuredmedia":[{"embeddable":true,"href":"https:\/\/grandepremio.com\/br\/wp-json\/wp\/v2\/media\/1000667067"}],"wp:attachment":[{"href":"https:\/\/grandepremio.com\/br\/wp-json\/wp\/v2\/media?parent=103736"}],"wp:term":[{"taxonomy":"category","embeddable":true,"href":"https:\/\/grandepremio.com\/br\/wp-json\/wp\/v2\/categories?post=103736"},{"taxonomy":"post_tag","embeddable":true,"href":"https:\/\/grandepremio.com\/br\/wp-json\/wp\/v2\/tags?post=103736"},{"taxonomy":"42wp_author","embeddable":true,"href":"https:\/\/grandepremio.com\/br\/wp-json\/wp\/v2\/42wp_author?post=103736"}],"curies":[{"name":"wp","href":"https:\/\/api.w.org\/{rel}","templated":true}]}}