{"id":103755,"date":"2023-04-24T12:02:22","date_gmt":"2023-04-24T15:02:22","guid":{"rendered":"https:\/\/grandepremio.com\/br\/noticias\/mitch-evans-podio-perdido-fim-semana-cheio-pontos-ep-de-berlim\/"},"modified":"2023-04-24T13:17:33","modified_gmt":"2023-04-24T16:17:33","slug":"mitch-evans-podio-perdido-fim-semana-cheio-pontos-ep-de-berlim","status":"publish","type":"post","link":"https:\/\/grandepremio.com\/br\/formula-e\/mitch-evans-podio-perdido-fim-semana-cheio-pontos-ep-de-berlim\/","title":{"rendered":"Evans lamenta p\u00f3dio perdido, mas celebra &#8220;fim de semana cheio de pontos&#8221; no eP de Berlim"},"content":{"rendered":"\n<figure class=\"wp-block-embed is-type-video is-provider-youtube wp-block-embed-youtube wp-embed-aspect-16-9 wp-has-aspect-ratio\"><div class=\"wp-block-embed__wrapper\">\n<iframe loading=\"lazy\" title=\"F\u00d3RMULA E 2023 - eP DE BERLIM | 8\u00aa etapa | Corrida\" width=\"500\" height=\"281\" src=\"https:\/\/www.youtube.com\/embed\/wJ0Un4VEsOM?feature=oembed\" frameborder=\"0\" allow=\"accelerometer; autoplay; clipboard-write; encrypted-media; gyroscope; picture-in-picture; web-share\" referrerpolicy=\"strict-origin-when-cross-origin\" allowfullscreen><\/iframe>\n<\/div><\/figure>\n\n\n\n<p class=\"wp-block-paragraph\">Piloto que mais somou pontos no fim de semana da <strong>F\u00f3rmula E<\/strong> em Berlim, <strong>Mitch Evans <\/strong>afirmou que tinha ritmo para emendar a terceira vit\u00f3ria consecutiva na temporada 2022\/23. <a href=\"https:\/\/www.youtube.com\/watch?v=U9PVrv5WBgA\" target=\"_blank\" aria-label=\"Vencedor da corrida 1 (opens in a new tab)\" rel=\"noreferrer noopener\" class=\"ek-link\">Vencedor da corrida 1<\/a> no Aeroporto de Tempelhof, o neozeland\u00eas afirmou ter demorado a se colocar em posi\u00e7\u00e3o de atacar para buscar um novo triunfo no \u00faltimo domingo (23), durante a segunda prova. Al\u00e9m disso, o piloto ressaltou o caos que tomou conta das duas disputas, recheadas de ultrapassagens \u2014 no somat\u00f3rio dos dias, foram <strong>362 <\/strong>trocas de posi\u00e7\u00e3o.<\/p>\n\n\n\n<p class=\"wp-block-paragraph\">&#8220;Foi parecida [\u00e0 corrida 1], eu diria. Fiquei um pouco fora de posi\u00e7\u00e3o, mas ainda tivemos o mesmo caos&#8221;, brincou Evans. &#8220;Me senti um pouco como um alvo, as pessoas me passavam em v\u00e1rios lugares, foi uma corrida um tanto perigosa. Tentei me posicionar bem [para um ataque] nas \u00faltimas voltas, mas o fiz muito tarde&#8221;, lamentou.<\/p>\n\n\n\n<p class=\"wp-block-paragraph\">Ap\u00f3s uma corrida marcada pela preocupa\u00e7\u00e3o com a regenera\u00e7\u00e3o de energia, os pilotos chegaram \u00e0s \u00faltimas voltas do <strong>eP de Berlim 2<\/strong> com a possibilidade de acelerar completamente, j\u00e1 que a carga energ\u00e9tica era suficiente para chegar ao fim. Evans, inclusive, tinha a mesma quantidade de bateria do que o l\u00edder <strong>Nick Cassidy<\/strong>, mas n\u00e3o conseguiu se aproximar o bastante do terceiro colocado <strong>Jean-\u00c8ric<\/strong> <strong>Vergne <\/strong>para tentar um ataque.<\/p>\n\n\n\n<p class=\"wp-block-paragraph\"><strong>\u25b6\ufe0f&nbsp;<a href=\"https:\/\/www.twitch.tv\/grandepremio\" target=\"_blank\" rel=\"noreferrer noopener\">Conhe\u00e7a o canal do GRANDE PR\u00caMIO na Twitch clicando aqui!<\/a><\/strong><\/p>\n\n\n\n<figure class=\"wp-block-image size-large\"><img decoding=\"async\" src=\"https:\/\/www.grandepremio.com\/br\/wp-content\/uploads\/2023\/03\/EPS906_180259_R3I4313-2048x2048-1-1024x683.jpg\" alt=\"\" class=\"wp-image-665333\"\/><figcaption>Na primeira corrida de Berlim, Evans garantiu seu segundo triunfo em 2023 (Foto: F\u00f3rmula E)<\/figcaption><\/figure>\n\n\n\n<p class=\"wp-block-paragraph\"><strong>\u25b6\ufe0f&nbsp;Inscreva-se nos dois canais do GRANDE PR\u00caMIO no YouTube:&nbsp;<a href=\"https:\/\/www.youtube.com\/channel\/UC9OlHEgxoaY6QY6nWPoiqQg?sub_confirmation=1\" target=\"_blank\" rel=\"noreferrer noopener\">GP<\/a>&nbsp;|&nbsp;<a href=\"https:\/\/www.youtube.com\/channel\/UC9csiS6q_C3C0FYhyr1rnFA?sub_confirmation=1\" target=\"_blank\" rel=\"noreferrer noopener\">GP2<\/a><\/strong><\/p>\n\n\n\n<p class=\"wp-block-paragraph\">&#8220;A quantidade de energia estava mais alta no fim da corrida, que foi quase todo com o p\u00e9 embaixo [acelera\u00e7\u00e3o total], ent\u00e3o dava para progredir mais&#8221;, admitiu. &#8220;Eu tinha ritmo para vencer ou estar no p\u00f3dio, era mais uma quest\u00e3o sobre se posicionar para isso no momento certo&#8221;, destacou.<\/p>\n\n\n\n<p class=\"wp-block-paragraph\">Apesar da frustra\u00e7\u00e3o de ficar fora do p\u00f3dio ap\u00f3s duas vit\u00f3rias consecutivas, o neozeland\u00eas destacou os <strong>37 <\/strong>pontos conquistados em Berlim \u2014 mais do que qualquer outro rival \u2014, o que elevou Mitch ao quinto lugar no Mundial de Pilotos.<\/p>\n\n\n\n<p class=\"wp-block-paragraph\">&#8220;Obviamente, os caras que terminaram \u00e0 frente fizeram isso melhor do que eu&#8221;, lamentou. &#8220;Mas foram bons pontos, um fim de semana cheio de pontos, ent\u00e3o fico feliz por isso&#8221;, finalizou o piloto da Jaguar.<\/p>\n\n\n\n<p class=\"wp-block-paragraph\">A pr\u00f3xima etapa da temporada 2022\/23 da\u00a0<a href=\"https:\/\/www.grandepremio.com\/br\/formula-e\/\" target=\"_blank\" rel=\"noreferrer noopener\">F\u00f3rmula E<\/a>\u00a0acontece em <strong>6 de maio<\/strong>, com o\u00a0<strong>eP de\u00a0<a href=\"https:\/\/www.grandepremio.com\/br\/circuito\/monaco\/\" target=\"_blank\" rel=\"noreferrer noopener\">M\u00f4naco<\/a><\/strong>. \u00c9 a primeira corrida da segunda metade do campeonato, e o\u00a0<strong>GRANDE PR\u00caMIO<\/strong>\u00a0vai transmitir <strong><span style=\"text-decoration: underline;\" class=\"ek-underline\">AO VIVO<\/span><\/strong> e com imagens tanto no\u00a0<strong>YouTube\u00a0<\/strong>quanto no\u00a0<strong>Kwai<\/strong>.<\/p>\n\n\n\n<figure class=\"wp-block-embed is-type-video is-provider-youtube wp-block-embed-youtube wp-embed-aspect-16-9 wp-has-aspect-ratio\"><div class=\"wp-block-embed__wrapper\">\n<iframe loading=\"lazy\" title=\"&quot;PORSCHE DEFINHOU A OLHOS VISTOS NA F\u00d3RMULA E 2023&quot; | GP \u00c0S 10\" width=\"500\" height=\"281\" src=\"https:\/\/www.youtube.com\/embed\/xWgdkYYwU88?feature=oembed\" frameborder=\"0\" allow=\"accelerometer; autoplay; clipboard-write; encrypted-media; gyroscope; picture-in-picture; web-share\" referrerpolicy=\"strict-origin-when-cross-origin\" allowfullscreen><\/iframe>\n<\/div><\/figure>\n","protected":false},"excerpt":{"rendered":"<p>Mitch Evans disse que seria poss\u00edvel buscar o terceiro p\u00f3dio seguido no eP de Berlim 2, mas destacou import\u00e2ncia de ter somado mais pontos do que qualquer outro em Tempelhof<\/p>\n","protected":false},"author":0,"featured_media":1000674083,"comment_status":"closed","ping_status":"closed","sticky":false,"template":"","format":"standard","meta":{"42wp_featured_image_caption":"","42wp_featured_image_credits":"","42wp_featured_video":"","42wp_featured_image_hidden":false,"42wp_authors_list":[],"footnotes":""},"categories":[19],"tags":[33214,28679,6853,4981,379,30779,840,31435,1601,1491,30103,28285,910,909,19348,2646,14976,976,4982,6809,18713],"42wp_author":[47142],"class_list":["post-103755","post","type-post","status-publish","format-standard","has-post-thumbnail","hentry","category-formula-e","tag-calendario-fe","tag-calendario-formula-e","tag-classificacao-formula-e","tag-ep-de-berlim","tag-fe","tag-fe-2023","tag-formula-e","tag-formula-e-2023","tag-gen3","tag-grande-premio","tag-grande-premio-f1","tag-grandepremio","tag-jaguar","tag-mitch-evans","tag-podio","tag-pontos","tag-rookie-test","tag-sam-bird","tag-tempelhof","tag-teste-de-novatos","tag-vitoria","42wp_author-jp-nascimento"],"_links":{"self":[{"href":"https:\/\/grandepremio.com\/br\/wp-json\/wp\/v2\/posts\/103755","targetHints":{"allow":["GET"]}}],"collection":[{"href":"https:\/\/grandepremio.com\/br\/wp-json\/wp\/v2\/posts"}],"about":[{"href":"https:\/\/grandepremio.com\/br\/wp-json\/wp\/v2\/types\/post"}],"replies":[{"embeddable":true,"href":"https:\/\/grandepremio.com\/br\/wp-json\/wp\/v2\/comments?post=103755"}],"version-history":[{"count":0,"href":"https:\/\/grandepremio.com\/br\/wp-json\/wp\/v2\/posts\/103755\/revisions"}],"wp:featuredmedia":[{"embeddable":true,"href":"https:\/\/grandepremio.com\/br\/wp-json\/wp\/v2\/media\/1000674083"}],"wp:attachment":[{"href":"https:\/\/grandepremio.com\/br\/wp-json\/wp\/v2\/media?parent=103755"}],"wp:term":[{"taxonomy":"category","embeddable":true,"href":"https:\/\/grandepremio.com\/br\/wp-json\/wp\/v2\/categories?post=103755"},{"taxonomy":"post_tag","embeddable":true,"href":"https:\/\/grandepremio.com\/br\/wp-json\/wp\/v2\/tags?post=103755"},{"taxonomy":"42wp_author","embeddable":true,"href":"https:\/\/grandepremio.com\/br\/wp-json\/wp\/v2\/42wp_author?post=103755"}],"curies":[{"name":"wp","href":"https:\/\/api.w.org\/{rel}","templated":true}]}}