{"id":103765,"date":"2023-04-24T06:36:41","date_gmt":"2023-04-24T09:36:41","guid":{"rendered":"https:\/\/grandepremio.com\/br\/noticias\/consultor-red-bull-sofreu-7-anos-solidario-toto-wolff\/"},"modified":"2023-04-24T06:37:27","modified_gmt":"2023-04-24T09:37:27","slug":"consultor-red-bull-sofreu-7-anos-solidario-toto-wolff","status":"publish","type":"post","link":"https:\/\/grandepremio.com\/br\/f1\/consultor-red-bull-sofreu-7-anos-solidario-toto-wolff\/","title":{"rendered":"Consultor diz que Red Bull \u201csofreu\u201d por 7 anos e \u00e9 solid\u00e1rio com Wolff: \u201cSei como se sente\u201d"},"content":{"rendered":"\n<p class=\"wp-block-paragraph\"><strong>Helmut Marko<\/strong> se compadeceu do sofrimento de <strong>Toto Wolff<\/strong> no comando da <strong>Mercedes<\/strong>. O consultor lembrou que a <strong>Red Bull <\/strong>passou sete anos sofrendo e, por isso, entende como o dirigente da escuderia de <strong>Brackley <\/strong>se sente.<\/p>\n\n\n\n<p class=\"wp-block-paragraph\">Nos primeiros sete anos da era h\u00edbrida da <strong>F\u00f3rmula 1<\/strong>, a Mercedes foi dominante, com seis t\u00edtulos de <strong>Lewis Hamilton<\/strong> e um de <strong>Nico Rosberg<\/strong>. A equipe dos energ\u00e9ticos s\u00f3 voltou a conquistar o t\u00edtulo em 2021, repetindo o feito no ano seguinte, sempre com <strong>Max Verstappen<\/strong>.<\/p>\n\n\n\n<figure class=\"wp-block-image size-large\"><img decoding=\"async\" src=\"https:\/\/www.grandepremio.com\/br\/wp-content\/uploads\/2022\/10\/SI202210280981_hires_jpeg_24bit_rgb-1024x683.jpg\" alt=\"\" class=\"wp-image-628320\"\/><figcaption>Helmut Marko avaliou que a Red Bull n\u00e3o deve se vangloriar do bom momento que atravessa (Foto: Mark Thompson\/Getty Images)<\/figcaption><\/figure>\n\n\n\n<p class=\"wp-block-paragraph\"><strong>\u25b6\ufe0f\u00a0Inscreva-se nos dois canais do GRANDE PR\u00caMIO no YouTube:\u00a0<a href=\"https:\/\/www.youtube.com\/channel\/UC9OlHEgxoaY6QY6nWPoiqQg?sub_confirmation=1\" target=\"_blank\" rel=\"noreferrer noopener\">GP<\/a>\u00a0|\u00a0<a href=\"https:\/\/www.youtube.com\/channel\/UC9csiS6q_C3C0FYhyr1rnFA?sub_confirmation=1\" target=\"_blank\" rel=\"noreferrer noopener\">GP2<\/a><\/strong><br><strong>\u25b6\ufe0f\u00a0<a href=\"https:\/\/www.twitch.tv\/grandepremio\" target=\"_blank\" rel=\"noreferrer noopener\">Conhe\u00e7a o canal do GRANDE PR\u00caMIO na Twitch clicando aqui!<\/a><\/strong><\/p>\n\n\n\n<p class=\"wp-block-paragraph\">Assim, Marko disse entender o que se passa com Wolff e avaliou que a Red Bull tampouco deve se vangloriar do bom momento que atravessa.<\/p>\n\n\n\n<p class=\"wp-block-paragraph\">\u201cN\u00e3o importa quem seja a pessoa de que falamos, o mais importante \u00e9 que sejamos os primeiros\u201d, disse Marko em entrevista \u00e0 publica\u00e7\u00e3o alem\u00e3 Sport Bild. \u201cSei como Toto Wolff se sente agora. N\u00f3s sofremos durante sete anos. Por isso, n\u00e3o devemos nos vangloriar\u201d, seguiu.<\/p>\n\n\n\n<p class=\"wp-block-paragraph\">Al\u00e9m disso, Marko avaliou que copiar os concorrentes \u00e9 algo normal na F\u00f3rmula 1 e \u00e9 preciso reconhecer quando os outros fazem um trabalho melhor.<\/p>\n\n\n\n<p class=\"wp-block-paragraph\">\u201cCopiar \u00e9 um neg\u00f3cio di\u00e1rio na F\u00f3rmula 1 e tamb\u00e9m n\u00e3o tem nada desonroso nisso. Este neg\u00f3cio se trata de ter um carro o mais r\u00e1pido poss\u00edvel e celebrar os \u00eaxitos que conseguir\u201d, falou. \u201cN\u00e3o podemos aceitar anos de baixo rendimento, porque \u00e9 orgulhoso demais para admitir que outros tenham feito um trabalho melhor\u201d, analisou.<\/p>\n\n\n\n<p class=\"wp-block-paragraph\">Por fim, Marko deu um palpite sobre a situa\u00e7\u00e3o da <strong>Ferrari <\/strong>e avaliou que a equipe deveria manter o trabalho com <strong>Carlos Sainz <\/strong>e <strong>Charles Leclerc<\/strong>.<\/p>\n\n\n\n<p class=\"wp-block-paragraph\">\u201cN\u00e3o faz sentido que a Ferrari queira abrir m\u00e3o de Carlos, que est\u00e1 fazendo um bom trabalho\u201d, opinou. \u201cCom Charles, \u00e9 comum que um piloto tenha de conseguir um n\u00famero m\u00ednimo de pontos na temporada, mais ou menos at\u00e9 um pouco depois das f\u00e9rias de ver\u00e3o. Se n\u00e3o atingem essa cifra, ambas as partes podem rescindir o contrato. Foi essa cl\u00e1usula que permitiu que a Ferrari fechasse com Sebastian [Vettel] em 2015\u201d, encerrou.<\/p>\n\n\n\n<p class=\"wp-block-paragraph\">A&nbsp;<a href=\"https:\/\/www.grandepremio.com\/formula-1\/\" target=\"_blank\" rel=\"noreferrer noopener\"><\/a><a href=\"https:\/\/www.grandepremio.com\/formula-1\/\" target=\"_blank\" rel=\"noreferrer noopener\">F\u00f3rmula 1<\/a>&nbsp;volta \u00e0s pistas nos dias 28 a 30 de abril, para o&nbsp;<strong>GP do Azerbaij\u00e3o<\/strong>, no circuito de rua de&nbsp;<strong>Baku<\/strong>. O&nbsp;<strong>GRANDE PR\u00caMIO<\/strong>&nbsp;acompanha todas as atividades&nbsp;<strong>AO VIVO<\/strong>&nbsp;e&nbsp;<strong>EM&nbsp;<a href=\"https:\/\/www.grandepremio.com\/br\/ao-vivo\/\" target=\"_blank\" rel=\"noreferrer noopener\">TEMPO REAL<\/a><\/strong>.<\/p>\n\n\n\n<figure class=\"wp-block-embed is-type-video is-provider-youtube wp-block-embed-youtube wp-embed-aspect-16-9 wp-has-aspect-ratio\"><div class=\"wp-block-embed__wrapper\">\n<iframe loading=\"lazy\" title=\"F1 COM SPRINT E 2 SESS\u00d5ES DE CLASSIFICA\u00c7\u00c3O? DESASTRE! | GP \u00c0S 10\" width=\"500\" height=\"281\" src=\"https:\/\/www.youtube.com\/embed\/Uxq9ScOrKLc?feature=oembed\" frameborder=\"0\" allow=\"accelerometer; autoplay; clipboard-write; encrypted-media; gyroscope; picture-in-picture; web-share\" referrerpolicy=\"strict-origin-when-cross-origin\" allowfullscreen><\/iframe>\n<\/div><\/figure>\n","protected":false},"excerpt":{"rendered":"<p>Consultor avaliou que, apesar do bom momento vivido pela equipe de Max Verstappen e Sergio P\u00e9rez, ningu\u00e9m deve se vangloriar. Dirigente disse, ainda, que copiar os outros \u00e9 normal na F\u00f3rmula 1 e ningu\u00e9m deve se envergonhar disso<\/p>\n","protected":false},"author":0,"featured_media":1000633620,"comment_status":"closed","ping_status":"closed","sticky":false,"template":"","format":"standard","meta":{"42wp_featured_image_caption":"","42wp_featured_image_credits":"","42wp_featured_video":"","42wp_featured_image_hidden":false,"42wp_authors_list":[],"footnotes":""},"categories":[2],"tags":[147,6533,180,30722,33465,28285,258,82,33467,204,150],"42wp_author":[47113],"class_list":["post-103765","post","type-post","status-publish","format-standard","has-post-thumbnail","hentry","category-f1","tag-f1","tag-f1-2023","tag-formula-1","tag-formula-1-2023","tag-formula-1-classificacao-2023","tag-grandepremio","tag-helmut-marko","tag-mercedes","tag-onde-assistir-f1-2023","tag-red-bull","tag-toto-wolff","42wp_author-juliana-tesser"],"_links":{"self":[{"href":"https:\/\/grandepremio.com\/br\/wp-json\/wp\/v2\/posts\/103765","targetHints":{"allow":["GET"]}}],"collection":[{"href":"https:\/\/grandepremio.com\/br\/wp-json\/wp\/v2\/posts"}],"about":[{"href":"https:\/\/grandepremio.com\/br\/wp-json\/wp\/v2\/types\/post"}],"replies":[{"embeddable":true,"href":"https:\/\/grandepremio.com\/br\/wp-json\/wp\/v2\/comments?post=103765"}],"version-history":[{"count":0,"href":"https:\/\/grandepremio.com\/br\/wp-json\/wp\/v2\/posts\/103765\/revisions"}],"wp:featuredmedia":[{"embeddable":true,"href":"https:\/\/grandepremio.com\/br\/wp-json\/wp\/v2\/media\/1000633620"}],"wp:attachment":[{"href":"https:\/\/grandepremio.com\/br\/wp-json\/wp\/v2\/media?parent=103765"}],"wp:term":[{"taxonomy":"category","embeddable":true,"href":"https:\/\/grandepremio.com\/br\/wp-json\/wp\/v2\/categories?post=103765"},{"taxonomy":"post_tag","embeddable":true,"href":"https:\/\/grandepremio.com\/br\/wp-json\/wp\/v2\/tags?post=103765"},{"taxonomy":"42wp_author","embeddable":true,"href":"https:\/\/grandepremio.com\/br\/wp-json\/wp\/v2\/42wp_author?post=103765"}],"curies":[{"name":"wp","href":"https:\/\/api.w.org\/{rel}","templated":true}]}}