{"id":103781,"date":"2023-04-23T12:32:56","date_gmt":"2023-04-23T15:32:56","guid":{"rendered":"https:\/\/grandepremio.com\/br\/noticias\/nick-cassidy-reconhece-erro-corrida-1-vibra-com-otimo-carro-ep-de-berlim-2\/"},"modified":"2023-04-23T12:35:01","modified_gmt":"2023-04-23T15:35:01","slug":"nick-cassidy-reconhece-erro-corrida-1-vibra-com-otimo-carro-ep-de-berlim-2","status":"publish","type":"post","link":"https:\/\/grandepremio.com\/br\/formula-e\/nick-cassidy-reconhece-erro-corrida-1-vibra-com-otimo-carro-ep-de-berlim-2\/","title":{"rendered":"Cassidy reconhece erro na corrida 1 e vibra com &#8220;\u00f3timo carro&#8221; no eP de Berlim 2"},"content":{"rendered":"\n<figure class=\"wp-block-embed is-type-video is-provider-youtube wp-block-embed-youtube wp-embed-aspect-16-9 wp-has-aspect-ratio\"><div class=\"wp-block-embed__wrapper\">\n<iframe loading=\"lazy\" title=\"F\u00d3RMULA E 2023 - eP DE BERLIM | 8\u00aa etapa | Corrida\" width=\"500\" height=\"281\" src=\"https:\/\/www.youtube.com\/embed\/wJ0Un4VEsOM?feature=oembed\" frameborder=\"0\" allow=\"accelerometer; autoplay; clipboard-write; encrypted-media; gyroscope; picture-in-picture; web-share\" referrerpolicy=\"strict-origin-when-cross-origin\" allowfullscreen><\/iframe>\n<\/div><\/figure>\n\n\n\n<p class=\"wp-block-paragraph\"><strong>Nick Cassidy<\/strong> venceu um eletrizante <strong>eP de Berlim 2<\/strong>, que foi tamb\u00e9m <a href=\"https:\/\/www.grandepremio.com\/br\/formula-e\/noticias\/invasao-de-pista-forca-formula-e-atrasar-largada-ep-de-berlim-2\/\" class=\"ek-link\">marcado por uma invas\u00e3o de pista antes mesmo das luzes se apagarem para a largada<\/a>. O neozeland\u00eas cruzou a linha de chegada neste domingo (23) em primeiro ap\u00f3s fazer uma prova de recupera\u00e7\u00e3o partindo de oitavo e segurar a press\u00e3o de<strong> Jake Dennis<\/strong> nas voltas finais.<\/p>\n\n\n\n<p class=\"wp-block-paragraph\">O fim de semana de Cassidy poderia ter sido melhor, n\u00e3o fosse o erro que cometeu na primeira corrida, quando tocou em <strong>Sam Bird <\/strong>e foi obrigado a ir aos boxes para trocar o bico do carro. Nick voltou dos pits em 18\u00ba, recuperou terreno e acabou terminando em quinto, ajudado pelos safety-cars.<\/p>\n\n\n\n<p class=\"wp-block-paragraph\"><strong>\u25b6\ufe0f&nbsp;Inscreva-se nos dois canais do GRANDE PR\u00caMIO no YouTube:&nbsp;<a href=\"https:\/\/www.youtube.com\/channel\/UC9OlHEgxoaY6QY6nWPoiqQg?sub_confirmation=1\" target=\"_blank\" rel=\"noreferrer noopener\">GP<\/a>&nbsp;|&nbsp;<a href=\"https:\/\/www.youtube.com\/channel\/UC9csiS6q_C3C0FYhyr1rnFA?sub_confirmation=1\" target=\"_blank\" rel=\"noreferrer noopener\">GP2<\/a><\/strong><br><strong>\u25b6\ufe0f&nbsp;<a href=\"https:\/\/www.twitch.tv\/grandepremio\" target=\"_blank\" rel=\"noreferrer noopener\">Conhe\u00e7a o canal do GRANDE PR\u00caMIO na Twitch clicando aqui!<\/a><\/strong><\/p>\n\n\n\n<p class=\"wp-block-paragraph\">Depois de vencer a etapa no domingo, o piloto da Envision reconheceu o erro, e agradeceu a equipe pelo carro bem acertado, que lhe permitiu minimizar o preju\u00edzo da prova anterior.<\/p>\n\n\n\n<figure class=\"wp-block-image size-large\"><img decoding=\"async\" src=\"https:\/\/www.grandepremio.com\/br\/wp-content\/uploads\/2023\/04\/imagem_2023-04-23_114854173-1024x576.png\" alt=\"\" class=\"wp-image-674414\"\/><figcaption>Cassidy cortou a lideran\u00e7a de Wehrlein (Foto: F\u00f3rmula E)<\/figcaption><\/figure>\n\n\n\n<p class=\"wp-block-paragraph\">&#8220;Sabia que estava na briga para vencer a corrida. Ontem tivemos uma \u00f3tima oportunidade em que cometi um erro e acabei pagando por ele. Mas hoje agrade\u00e7o a equipe, que me deu um otimo carro. Isso como piloto \u00e9 um sonho&#8221;, agradeceu Cassidy.<\/p>\n\n\n\n<p class=\"wp-block-paragraph\">O agora vencedor de duas corridas na F\u00f3rmula E \u00e9 um dos pilotos mais consistentes ao longo do ano, e est\u00e1 <a href=\"https:\/\/www.grandepremio.com\/br\/formula-e\/noticias\/nick-cassidy-corta-vantagem-pascal-wehrlein-4-pontos-ep-berlim-2-confira-classificacao\/\" class=\"ek-link\">a apenas 4 pontos<\/a> de <strong>Pascal Wehrlein<\/strong>, l\u00edder do campeonato. Questionado sobre a briga pelo t\u00edtulo, Cassidy adotou uma postura conservadora.<\/p>\n\n\n\n<p class=\"wp-block-paragraph\">&#8220;Tive bastante sorte [at\u00e9 agora], e outros tiveram um pouco de azar. O t\u00edtulo ainda \u00e9 algo para se pensar mais para frente&#8221;, finalizou.<\/p>\n\n\n\n<p class=\"wp-block-paragraph\">A F\u00f3rmula E parte para uma pausa de duas semanas e retoma as suas atividades em 6 de maio, com o <strong>eP de M\u00f4naco<\/strong>. O <strong>GRANDE PR\u00caMIO<\/strong> transmite a corrida <a href=\"https:\/\/www.youtube.com\/@GrandePremio1\" class=\"ek-link\">ao vivo no YouTube<\/a>, com narra\u00e7\u00e3o de <strong>Geferson Kern<\/strong> e coment\u00e1rios de <strong>Pedro Henrique Marum<\/strong> e <strong>JP Nascimento<\/strong>.<\/p>\n\n\n\n<figure class=\"wp-block-embed is-type-video is-provider-youtube wp-block-embed-youtube wp-embed-aspect-16-9 wp-has-aspect-ratio\"><div class=\"wp-block-embed__wrapper\">\n<iframe loading=\"lazy\" title=\"EVANS VENCE EM DOBRADINHA DA JAGUAR: O eP DE BERLIM DE F\u00d3RMULA E 2023 | Briefing\" width=\"500\" height=\"281\" src=\"https:\/\/www.youtube.com\/embed\/ExA70f6RKIw?feature=oembed\" frameborder=\"0\" allow=\"accelerometer; autoplay; clipboard-write; encrypted-media; gyroscope; picture-in-picture; web-share\" referrerpolicy=\"strict-origin-when-cross-origin\" allowfullscreen><\/iframe>\n<\/div><\/figure>\n","protected":false},"excerpt":{"rendered":"<p>Em um fim de semana de altos e baixos, Nick Cassidy aproveitou o bom carro da Envision para o eP de Berlim, venceu a corrida dois, e colou em Pascal Wehrlein na disputa pelo t\u00edtulo<\/p>\n","protected":false},"author":0,"featured_media":1000671236,"comment_status":"closed","ping_status":"closed","sticky":false,"template":"","format":"standard","meta":{"42wp_featured_image_caption":"","42wp_featured_image_credits":"","42wp_featured_video":"","42wp_featured_image_hidden":false,"42wp_authors_list":[],"footnotes":""},"categories":[19],"tags":[5078,10437,840,1491,28285,2128,1194,736],"42wp_author":[47149],"class_list":["post-103781","post","type-post","status-publish","format-standard","has-post-thumbnail","hentry","category-formula-e","tag-aeroporto-de-tempelhof","tag-envision","tag-formula-e","tag-grande-premio","tag-grandepremio","tag-nick-cassidy","tag-pascal-wehrlein","tag-porsche","42wp_author-bernardo-castro"],"_links":{"self":[{"href":"https:\/\/grandepremio.com\/br\/wp-json\/wp\/v2\/posts\/103781","targetHints":{"allow":["GET"]}}],"collection":[{"href":"https:\/\/grandepremio.com\/br\/wp-json\/wp\/v2\/posts"}],"about":[{"href":"https:\/\/grandepremio.com\/br\/wp-json\/wp\/v2\/types\/post"}],"replies":[{"embeddable":true,"href":"https:\/\/grandepremio.com\/br\/wp-json\/wp\/v2\/comments?post=103781"}],"version-history":[{"count":0,"href":"https:\/\/grandepremio.com\/br\/wp-json\/wp\/v2\/posts\/103781\/revisions"}],"wp:featuredmedia":[{"embeddable":true,"href":"https:\/\/grandepremio.com\/br\/wp-json\/wp\/v2\/media\/1000671236"}],"wp:attachment":[{"href":"https:\/\/grandepremio.com\/br\/wp-json\/wp\/v2\/media?parent=103781"}],"wp:term":[{"taxonomy":"category","embeddable":true,"href":"https:\/\/grandepremio.com\/br\/wp-json\/wp\/v2\/categories?post=103781"},{"taxonomy":"post_tag","embeddable":true,"href":"https:\/\/grandepremio.com\/br\/wp-json\/wp\/v2\/tags?post=103781"},{"taxonomy":"42wp_author","embeddable":true,"href":"https:\/\/grandepremio.com\/br\/wp-json\/wp\/v2\/42wp_author?post=103781"}],"curies":[{"name":"wp","href":"https:\/\/api.w.org\/{rel}","templated":true}]}}