{"id":103785,"date":"2023-04-23T10:56:51","date_gmt":"2023-04-23T13:56:51","guid":{"rendered":"https:\/\/grandepremio.com\/br\/noticias\/nick-cassidy-confirma-boa-fase-segura-jake-dennis-vence-ep-berlim-2-formula-e\/"},"modified":"2023-04-23T13:42:39","modified_gmt":"2023-04-23T16:42:39","slug":"nick-cassidy-confirma-boa-fase-segura-jake-dennis-vence-ep-berlim-2-formula-e","status":"publish","type":"post","link":"https:\/\/grandepremio.com\/br\/formula-e\/nick-cassidy-confirma-boa-fase-segura-jake-dennis-vence-ep-berlim-2-formula-e\/","title":{"rendered":"Cassidy confirma boa fase, segura Dennis e vence eP de Berlim 2 da F\u00f3rmula E"},"content":{"rendered":"\n<figure class=\"wp-block-embed is-type-video is-provider-youtube wp-block-embed-youtube wp-embed-aspect-16-9 wp-has-aspect-ratio\"><div class=\"wp-block-embed__wrapper\">\n<iframe loading=\"lazy\" title=\"F\u00d3RMULA E 2023 - eP DE BERLIM | 8\u00aa etapa | Corrida\" width=\"500\" height=\"281\" src=\"https:\/\/www.youtube.com\/embed\/wJ0Un4VEsOM?feature=oembed\" frameborder=\"0\" allow=\"accelerometer; autoplay; clipboard-write; encrypted-media; gyroscope; picture-in-picture; web-share\" referrerpolicy=\"strict-origin-when-cross-origin\" allowfullscreen><\/iframe>\n<\/div><\/figure>\n\n\n\n<p class=\"wp-block-paragraph\">Vice-l\u00edder da temporada, <strong>Nick Cassidy <\/strong>venceu pela primeira vez no campeonato. O neozeland\u00eas da <strong>Envision <\/strong>teve grande exibi\u00e7\u00e3o no <strong>eP de Berlim 2 <\/strong>e faturou a prova disputada neste domingo (23), no circuito montado no Aeroporto de Tempelhof. \u00c9 o primeiro triunfo do piloto desde o <strong>eP de Nova York <\/strong>na temporada passada. Nick vinha de 3 p\u00f3dios nas \u00faltimas 4 corridas.<\/p>\n\n\n\n<p class=\"wp-block-paragraph\">Ap\u00f3s uma sequ\u00eancia de quatro corridas sem pontuar, <strong>Jake Dennis <\/strong>retornou ao p\u00f3dio com a <strong>Andretti<\/strong>, finalizando no segundo lugar. Quem completou o top-3 foi o franc\u00eas bicampe\u00e3o <strong>Jean-\u00c9ric Vergne<\/strong>, da Penske, que tamb\u00e9m confirmou a boa fase como um candidato ao t\u00edtulo.<\/p>\n\n\n\n<p class=\"wp-block-paragraph\"><a href=\"https:\/\/www.grandepremio.com\/br\/formula-e\/noticias\/mitch-evans-comanda-1-2-jaguar-vence-eletrizante-ep-berlim-1-formula-e\/\" class=\"ek-link\">Vencedor da corrida no<\/a> s\u00e1bado, o neozeland\u00eas <strong>Mitch Evans<\/strong>, da <strong>Jaguar<\/strong>, terminou no quarto lugar, seguido pelo portugu\u00eas <strong>Ant\u00f3nio F\u00e9lix da Costa<\/strong>, da <strong>Porsche<\/strong>, que se recuperou do abandono na corrida anterior. Maximilian G\u00fcnther levou a Maserati ao sexto posto.<\/p>\n\n\n\n<p class=\"wp-block-paragraph\">L\u00edder do campeonato, <strong>Pascal Wehrlein<\/strong> chegou a liderar a prova, mas se contentou com o s\u00e9timo lugar, vendo sua vantagem para Cassidy cair de 23 para apenas 4 tentos. O atual campe\u00e3o <strong>Stoffel Vandoorne <\/strong>terminou no oitavo lugar com a <strong>Penske<\/strong>, enquanto <strong>Nico M\u00fcller <\/strong>e <strong>Dan Ticktum <\/strong>terminaram a lista dos pontos.<\/p>\n\n\n\n<p class=\"wp-block-paragraph\">Entre os brasileiros, <strong>Lucas di Grassi <\/strong>foi o melhor. O piloto da Mahindra terminou na 12\u00aa posi\u00e7\u00e3o, perdendo terreno nas voltas finais ap\u00f3s ficar bastante tempo na lista dos pilotos que pontuavam. <strong>S\u00e9rgio Sette C\u00e2mara <\/strong>foi 15\u00ba com a <strong>NIO<\/strong> ap\u00f3s largar do 19\u00ba lugar.<\/p>\n\n\n\n<p class=\"wp-block-paragraph\">A F\u00f3rmula E retorna em duas semanas, com o <strong>eP de M\u00f4naco<\/strong>, no dia 6 de maio, no circuito montado nas tradicionais ruas de Monte Carlo.<\/p>\n\n\n\n<p class=\"wp-block-paragraph\"><strong>\u25b6\ufe0f&nbsp;Inscreva-se nos dois canais do GRANDE PR\u00caMIO no YouTube:&nbsp;<\/strong><a href=\"https:\/\/www.youtube.com\/channel\/UC9OlHEgxoaY6QY6nWPoiqQg?sub_confirmation=1\" target=\"_blank\" rel=\"noreferrer noopener\"><strong>GP&nbsp;|&nbsp;GP2<\/strong><br><\/a><strong>\u25b6\ufe0f&nbsp;<a href=\"https:\/\/www.twitch.tv\/grandepremio\" target=\"_blank\" rel=\"noreferrer noopener\">Conhe\u00e7a o canal do GRANDE PR\u00caMIO na Twitch clicando aqui!<\/a><\/strong><\/p>\n\n\n\n<p class=\"wp-block-paragraph\"><strong>Saiba como foi o eP de Berlim 2:<\/strong><\/p>\n\n\n\n<p class=\"wp-block-paragraph\">A corrida tinha in\u00edcio marcado para 10h03 (de Bras\u00edlia, GMT-3), mas manifestantes invadiram a pista e sentaram \u00e0 frente de carros em forma de protesto. A seguran\u00e7a foi acionada e agiu para retirar os invasores do circuito.<\/p>\n\n\n\n<figure class=\"wp-block-video\"><video class=\"video-js vjs-big-play-centered\" data-gp-vjs=\"1\" controls src=\"https:\/\/www.grandepremio.com\/br\/wp-content\/uploads\/l-videos\/Invas\u00e3o pista Berlim Formula E.mp4\"><\/video><figcaption>A invas\u00e3o de pista na largada da F\u00f3rmula E (V\u00eddeo: GRANDE PR\u00caMIO)<\/figcaption><\/figure>\n\n\n\n<p class=\"wp-block-paragraph\">Adiada, a largada \u00e0s 10h10. Frijns largou bem e manteve a lideran\u00e7a. M\u00fcller se segurou em segundo, perseguido por Buemi, Vergne e Evans. Ao fim da primeira volta, o top-11 foi mantido. O grande destaque foi a perda de desempenho de Oliver Rowland, que caiu para o \u00faltimo lugar.<\/p>\n\n\n\n<p class=\"wp-block-paragraph\">Frijns e M\u00fcller foram os primeiros a utilizar o modo ataque, na volta 3, deixando a lideran\u00e7a nas m\u00e3os de Buemi, que optou por passar na \u00e1rea no giro seguinte. Depois de Vergne aplicar, na volta 5, Robin retomou a ponta, agora com Mitch Evans em segundo. <\/p>\n\n\n\n<p class=\"wp-block-paragraph\">O holand\u00eas foi para a zona de modo ataque novamente e colocou Evans na lideran\u00e7a. Apenas na s\u00e9tima volta o piloto neozeland\u00eas resolveu utilizar o recurso. Novos l\u00edderes surgiram com a utiliza\u00e7\u00e3o do modo ataque, como Nico M\u00fcller e Jean-\u00c9ric Vergne. <\/p>\n\n\n\n<p class=\"wp-block-paragraph\">A primeira bandeira amarela da corrida surgiu na volta 13. Andre Lotterer passou reto na curva 1 e tocou o muro, mas a entrada de safety-car n\u00e3o foi necess\u00e1ria. Neste est\u00e1gio, M\u00fcller liderava com Wehrlein em segundo, Da Costa em terceiro, Buemi em quarto e Vergne em quinto. Frijns despencou e era apenas 14\u00ba.<\/p>\n\n\n\n<p class=\"wp-block-paragraph\">Com um belo mergulho na curva 7, Buemi superou os rivais para assumir a lideran\u00e7a. O su\u00ed\u00e7o da Envision, por\u00e9m, viu o troco na curva 1 na volta 16. Wehrlein deu um grande ataque e tomou a ponta. Da Costa chegou a estar em segundo, mas caiu para o quarto lugar. O alem\u00e3o abriu m\u00e3o do primeiro lugar ao passar na zona de modo ataque.<\/p>\n\n\n\n<p class=\"wp-block-paragraph\">Buemi acabou perdendo ritmo e parou na s\u00e9tima posi\u00e7\u00e3o. Wehrlein retomou a ponta, com Da Costa em segundo, Vergne em terceiro, Dennis em quarto e Cassidy em quinto, e assim os pilotos chegaram na metade da corrida. Jean-\u00c9ric deu um bote sobre os pilotos da Porsche e tomou a lideran\u00e7a.<\/p>\n\n\n\n<p class=\"wp-block-paragraph\">A briga pela ponta virou uma batalha de v\u00e1cuo. Vergne cedeu o primeiro lugar de volta para Wehrlein. Com problemas na asa dianteira, Buemi despencou na tabela e foi aos boxes. Quem surgiu na briga da vit\u00f3ria foi Cassidy, que ultrapassou os concorrentes e tomou a lideran\u00e7a na volta 24. <\/p>\n\n\n\n<p class=\"wp-block-paragraph\">A corrida entrou nas 10 voltas finais com Cassidy na lideran\u00e7a. O top-10 tamb\u00e9m tinha Dennis, Da Costa, Vergne, Evans, Wehrlein, G\u00fcnther, Vandoorne, Di Grassi e Ticktum. Os pilotos se mantiveram na economia de energia, se preparando para ataques nas reta decisiva.<\/p>\n\n\n\n<p class=\"wp-block-paragraph\">Por\u00e9m, os pilotos se preservaram e n\u00e3o realizaram grandes movimentos. Cassidy cravou a segunda vit\u00f3ria na F\u00f3rmula E, enquanto Dennis foi segundo. Vergne superou Da Costa para ficar com a vaga final no p\u00f3dio.<\/p>\n\n\n\n<p class=\"wp-block-paragraph\"><strong>F\u00f3rmula E 2023, eP de Berlim 2, Corrida:<\/strong><\/p>\n\n\n\n<figure class=\"wp-block-table\"><table><tbody><tr><td>1<\/td><td>N CASSIDY<\/td><td>Envision<\/td><td>&nbsp;<\/td><td>40 voltas<\/td><\/tr><tr><td>2<\/td><td>J DENNIS<\/td><td>Andretti<\/td><td>+0.442<\/td><td>&nbsp;<\/td><\/tr><tr><td>3<\/td><td>J VERGNE<\/td><td>DS Penske<\/td><td>+1.292<\/td><td>&nbsp;<\/td><\/tr><tr><td>4<\/td><td>M EVANS<\/td><td>Jaguar<\/td><td>+1.769<\/td><td>&nbsp;<\/td><\/tr><tr><td>5<\/td><td>A DA COSTA<\/td><td>Porsche<\/td><td>+2.460<\/td><td>&nbsp;<\/td><\/tr><tr><td>6<\/td><td>M G\u00dcNTHER<\/td><td>Maserati<\/td><td>+2.981<\/td><td>&nbsp;<\/td><\/tr><tr><td>7<\/td><td>P WEHRLEIN<\/td><td>Porsche<\/td><td>+3.545<\/td><td>&nbsp;<\/td><\/tr><tr><td>8<\/td><td>S VANDOORNE<\/td><td>DS Penske<\/td><td>+4.851<\/td><td>&nbsp;<\/td><\/tr><tr><td>9<\/td><td>N M\u00dcLLER<\/td><td>Abt Cupra<\/td><td>+6.612<\/td><td>&nbsp;<\/td><\/tr><tr><td>10<\/td><td>D TICKTUM<\/td><td>NIO<\/td><td>+7.822<\/td><td>&nbsp;<\/td><\/tr><tr><td>11<\/td><td>S FENESTRAZ<\/td><td>Nissan<\/td><td>+9.461<\/td><td>&nbsp;<\/td><\/tr><tr><td>12<\/td><td>L DI GRASSI<\/td><td>Mahindra<\/td><td>+9.462<\/td><td>&nbsp;<\/td><\/tr><tr><td>13<\/td><td>R RAST<\/td><td>McLaren<\/td><td>+9.678<\/td><td>&nbsp;<\/td><\/tr><tr><td>14<\/td><td>O ROWLAND<\/td><td>Mahindra<\/td><td>+11.780<\/td><td>&nbsp;<\/td><\/tr><tr><td>15<\/td><td>S SETTE C\u00c2MARA<\/td><td>NIO<\/td><td>+13.687<\/td><td>&nbsp;<\/td><\/tr><tr><td>16<\/td><td>N NATO<\/td><td>Nissan<\/td><td>+13.749<\/td><td>&nbsp;<\/td><\/tr><tr><td>17<\/td><td>R FRIJNS<\/td><td>Abt Cupra<\/td><td>+22.937<\/td><td>&nbsp;<\/td><\/tr><tr><td>18<\/td><td>J HUGHES<\/td><td>McLaren<\/td><td>+29.580<\/td><td>&nbsp;<\/td><\/tr><tr><td>19<\/td><td>S BIRD<\/td><td>Jaguar<\/td><td>+34.381<\/td><td>&nbsp;<\/td><\/tr><tr><td>20<\/td><td>S BUEMI<\/td><td>Envision<\/td><td>+1:03.532<\/td><td>&nbsp;<\/td><\/tr><tr><td>21<\/td><td>A LOTTERER<\/td><td>Andretti<\/td><td>+1:04.102<\/td><td>&nbsp;<\/td><\/tr><tr><td>22<\/td><td>E MORTARA<\/td><td>Maserati<\/td><td>+ 3 Voltas<\/td><td>NC<\/td><\/tr><\/tbody><\/table><\/figure>\n","protected":false},"excerpt":{"rendered":"<p>Nick Cassidy saiu do oitavo lugar para finalmente vencer na temporada 2022\/23 da F\u00f3rmula E. Neozeland\u00eas da Envision se consolida na vice-lideran\u00e7a do campeonato.<\/p>\n","protected":false},"author":0,"featured_media":1000655450,"comment_status":"closed","ping_status":"closed","sticky":false,"template":"","format":"standard","meta":{"42wp_featured_image_caption":"","42wp_featured_image_credits":"","42wp_featured_video":"","42wp_featured_image_hidden":false,"42wp_authors_list":[],"footnotes":""},"categories":[19],"tags":[25774,10437,4981,31435,1491,33855,28285,910,8928,851,966,909,2128,1194,736,1025],"42wp_author":[47119],"class_list":["post-103785","post","type-post","status-publish","format-standard","has-post-thumbnail","hentry","category-formula-e","tag-antonio-felix-da-costa","tag-envision","tag-ep-de-berlim","tag-formula-e-2023","tag-grande-premio","tag-grande-premio-fe","tag-grandepremio","tag-jaguar","tag-jake-dennis","tag-jean-eric-vergne","tag-lucas-di-grassi","tag-mitch-evans","tag-nick-cassidy","tag-pascal-wehrlein","tag-porsche","tag-sergio-sette-camara","42wp_author-gabriel-carvalho"],"_links":{"self":[{"href":"https:\/\/grandepremio.com\/br\/wp-json\/wp\/v2\/posts\/103785","targetHints":{"allow":["GET"]}}],"collection":[{"href":"https:\/\/grandepremio.com\/br\/wp-json\/wp\/v2\/posts"}],"about":[{"href":"https:\/\/grandepremio.com\/br\/wp-json\/wp\/v2\/types\/post"}],"replies":[{"embeddable":true,"href":"https:\/\/grandepremio.com\/br\/wp-json\/wp\/v2\/comments?post=103785"}],"version-history":[{"count":0,"href":"https:\/\/grandepremio.com\/br\/wp-json\/wp\/v2\/posts\/103785\/revisions"}],"wp:featuredmedia":[{"embeddable":true,"href":"https:\/\/grandepremio.com\/br\/wp-json\/wp\/v2\/media\/1000655450"}],"wp:attachment":[{"href":"https:\/\/grandepremio.com\/br\/wp-json\/wp\/v2\/media?parent=103785"}],"wp:term":[{"taxonomy":"category","embeddable":true,"href":"https:\/\/grandepremio.com\/br\/wp-json\/wp\/v2\/categories?post=103785"},{"taxonomy":"post_tag","embeddable":true,"href":"https:\/\/grandepremio.com\/br\/wp-json\/wp\/v2\/tags?post=103785"},{"taxonomy":"42wp_author","embeddable":true,"href":"https:\/\/grandepremio.com\/br\/wp-json\/wp\/v2\/42wp_author?post=103785"}],"curies":[{"name":"wp","href":"https:\/\/api.w.org\/{rel}","templated":true}]}}