{"id":103786,"date":"2023-04-23T10:40:17","date_gmt":"2023-04-23T13:40:17","guid":{"rendered":"https:\/\/grandepremio.com\/br\/noticias\/invasao-de-pista-forca-formula-e-atrasar-largada-ep-de-berlim-2\/"},"modified":"2023-04-23T12:47:42","modified_gmt":"2023-04-23T15:47:42","slug":"invasao-de-pista-forca-formula-e-atrasar-largada-ep-de-berlim-2","status":"publish","type":"post","link":"https:\/\/grandepremio.com\/br\/formula-e\/invasao-de-pista-forca-formula-e-atrasar-largada-ep-de-berlim-2\/","title":{"rendered":"Invas\u00e3o de pista for\u00e7a F\u00f3rmula E a atrasar largada do eP de Berlim 2"},"content":{"rendered":"\n<figure class=\"wp-block-video\"><video class=\"video-js vjs-big-play-centered\" data-gp-vjs=\"1\" controls src=\"https:\/\/www.grandepremio.com\/br\/wp-content\/uploads\/l-videos\/Invas\u00e3o pista Berlim Formula E.mp4\"><\/video><\/figure>\n\n\n\n<p class=\"wp-block-paragraph\">O <strong>eP de Berlim 2<\/strong> da <strong>F\u00f3rmula E<\/strong> teve caos <a href=\"https:\/\/www.grandepremio.com\/br\/formula-e\/noticias\/robin-frijns-choca-favoritos-comanda-1-2-abt-cupra-chuva-anota-pole-ep-berlim-2\/\" class=\"ek-link\">antes mesmo das luzes se apagarem<\/a> para a largada neste domingo (23). \u00c9 que manifestantes invadiram a pista e sentaram entre os carros, que j\u00e1 estavam prontos e alinhados no grid.<\/p>\n\n\n\n<p class=\"wp-block-paragraph\">Enquanto os pilotos faziam o burnout e se preparavam para iniciar a corrida, duas pessoas que estavam na arquibancada pularam a grade, invadiram a pista e tentaram ficar &#8216;grudados&#8217; ao ch\u00e3o, \u00e0 frente do carro de <strong>Pascal Wehrlein<\/strong>, piloto da casa.<\/p>\n\n\n\n<figure class=\"wp-block-image size-large\"><img decoding=\"async\" src=\"https:\/\/www.grandepremio.com\/br\/wp-content\/uploads\/2023\/04\/image-2-4-1024x576.png\" alt=\"\" class=\"wp-image-674362\"\/><figcaption>A F\u00f3rmula E teve a largada atrasada em Berlim (Foto: Reprodu\u00e7\u00e3o)<\/figcaption><\/figure>\n\n\n\n<p class=\"wp-block-paragraph\"><strong>\u25b6\ufe0f&nbsp;Inscreva-se nos dois canais do GRANDE PR\u00caMIO no YouTube:&nbsp;<a href=\"https:\/\/www.youtube.com\/channel\/UC9OlHEgxoaY6QY6nWPoiqQg?sub_confirmation=1\" target=\"_blank\" rel=\"noreferrer noopener\">GP<\/a>&nbsp;|&nbsp;<a href=\"https:\/\/www.youtube.com\/channel\/UC9csiS6q_C3C0FYhyr1rnFA?sub_confirmation=1\" target=\"_blank\" rel=\"noreferrer noopener\">GP2<\/a><\/strong><br><strong>\u25b6\ufe0f&nbsp;<a href=\"https:\/\/www.twitch.tv\/grandepremio\" target=\"_blank\" rel=\"noreferrer noopener\">Conhe\u00e7a o canal do GRANDE PR\u00caMIO na Twitch clicando aqui!<\/a><\/strong><\/p>\n\n\n\n<p class=\"wp-block-paragraph\">Os seguran\u00e7as agiram rapidamente e retiraram os manifestantes da pista. Com o tumulto, a dire\u00e7\u00e3o de provas da F\u00f3rmula E precisou adiar o in\u00edcio do eP de Berlim 2 em alguns minutos, com a largada saindo depois das 10h10 (em Bras\u00edlia). <\/p>\n\n\n\n<p class=\"wp-block-paragraph\">O grupo alem\u00e3o Letzte Generation (\u00daltima Gera\u00e7\u00e3o, em tradu\u00e7\u00e3o literal) assumiu responsabilidade pelo protesto. Os manifestantes est\u00e3o realizando diversos atos e protestos em Berlim neste fim de semana para chamar aten\u00e7\u00e3o do governo local sobre o impacto das mudan\u00e7as clim\u00e1ticas.<\/p>\n\n\n\n<p class=\"wp-block-paragraph\">O&nbsp;<strong>GRANDE PR\u00caMIO&nbsp;<\/strong>transmite a corrida&nbsp;<a href=\"https:\/\/formula1aovivo.com\/\" target=\"_blank\" rel=\"noreferrer noopener\">ao vivo<\/a>&nbsp;no YouTube, com narra\u00e7\u00e3o de&nbsp;<strong>Geferson Kern&nbsp;<\/strong>e coment\u00e1rios de&nbsp;<strong>Pedro Henrique Marum&nbsp;<\/strong>e&nbsp;<strong>JP Nascimento<\/strong>.<\/p>\n\n\n\n<figure class=\"wp-block-embed is-type-video is-provider-youtube wp-block-embed-youtube wp-embed-aspect-16-9 wp-has-aspect-ratio\"><div class=\"wp-block-embed__wrapper\">\n<iframe loading=\"lazy\" title=\"F\u00d3RMULA E 2023 - eP DE BERLIM | 8\u00aa etapa | Corrida\" width=\"500\" height=\"281\" src=\"https:\/\/www.youtube.com\/embed\/wJ0Un4VEsOM?feature=oembed\" frameborder=\"0\" allow=\"accelerometer; autoplay; clipboard-write; encrypted-media; gyroscope; picture-in-picture; web-share\" referrerpolicy=\"strict-origin-when-cross-origin\" allowfullscreen><\/iframe>\n<\/div><\/figure>\n","protected":false},"excerpt":{"rendered":"<p>Durante o procedimento de largada, manifestantes invadiram a pista no aeroporto de Tempelhof e tentaram se colar no asfalto, como forma de evitar o in\u00edcio do eP de Berlim 2<\/p>\n","protected":false},"author":0,"featured_media":1000674363,"comment_status":"closed","ping_status":"closed","sticky":false,"template":"","format":"standard","meta":{"42wp_featured_image_caption":"","42wp_featured_image_credits":"","42wp_featured_video":"","42wp_featured_image_hidden":false,"42wp_authors_list":[],"footnotes":""},"categories":[19],"tags":[30779,840,1491,28285],"42wp_author":[47149],"class_list":["post-103786","post","type-post","status-publish","format-standard","has-post-thumbnail","hentry","category-formula-e","tag-fe-2023","tag-formula-e","tag-grande-premio","tag-grandepremio","42wp_author-bernardo-castro"],"_links":{"self":[{"href":"https:\/\/grandepremio.com\/br\/wp-json\/wp\/v2\/posts\/103786","targetHints":{"allow":["GET"]}}],"collection":[{"href":"https:\/\/grandepremio.com\/br\/wp-json\/wp\/v2\/posts"}],"about":[{"href":"https:\/\/grandepremio.com\/br\/wp-json\/wp\/v2\/types\/post"}],"replies":[{"embeddable":true,"href":"https:\/\/grandepremio.com\/br\/wp-json\/wp\/v2\/comments?post=103786"}],"version-history":[{"count":0,"href":"https:\/\/grandepremio.com\/br\/wp-json\/wp\/v2\/posts\/103786\/revisions"}],"wp:featuredmedia":[{"embeddable":true,"href":"https:\/\/grandepremio.com\/br\/wp-json\/wp\/v2\/media\/1000674363"}],"wp:attachment":[{"href":"https:\/\/grandepremio.com\/br\/wp-json\/wp\/v2\/media?parent=103786"}],"wp:term":[{"taxonomy":"category","embeddable":true,"href":"https:\/\/grandepremio.com\/br\/wp-json\/wp\/v2\/categories?post=103786"},{"taxonomy":"post_tag","embeddable":true,"href":"https:\/\/grandepremio.com\/br\/wp-json\/wp\/v2\/tags?post=103786"},{"taxonomy":"42wp_author","embeddable":true,"href":"https:\/\/grandepremio.com\/br\/wp-json\/wp\/v2\/42wp_author?post=103786"}],"curies":[{"name":"wp","href":"https:\/\/api.w.org\/{rel}","templated":true}]}}