{"id":103799,"date":"2023-04-23T01:55:00","date_gmt":"2023-04-23T04:55:00","guid":{"rendered":"https:\/\/grandepremio.com\/br\/noticias\/assista-ao-vivo-treino-livre-3-ep-de-berlim-formula-e-2023-grande-premio\/"},"modified":"2023-04-23T01:39:48","modified_gmt":"2023-04-23T04:39:48","slug":"assista-ao-vivo-treino-livre-3-ep-de-berlim-formula-e-2023-grande-premio","status":"publish","type":"post","link":"https:\/\/grandepremio.com\/br\/formula-e\/assista-ao-vivo-treino-livre-3-ep-de-berlim-formula-e-2023-grande-premio\/","title":{"rendered":"Assista ao vivo ao Treino Livre 3 do eP de Berlim 2023 no GRANDE PR\u00caMIO"},"content":{"rendered":"\n<p class=\"wp-block-paragraph\">Depois de<strong>\u00a0<a href=\"https:\/\/www.grandepremio.com\/br\/formula-e\/noticias\/mitch-evans-faz-1-2-neozelandes-nick-cassidy-fatura-primeiro-ep-sao-paulo-lucas-di-grassi-13o\/\" class=\"ek-link\">uma emocionante etapa neste s\u00e1bado (22)<\/a><\/strong>, a\u00a0<strong><a href=\"https:\/\/www.grandepremio.com\/br\/formula-e\/\" target=\"_blank\" rel=\"noreferrer noopener\">F\u00f3rmula E<\/a><\/strong>\u00a0segue na\u00a0<strong>Alemanha<\/strong> para a disputa da oitava etapa da\u00a0<strong>temporada 2023<\/strong>. Tendo como palco o charmoso Aeroporto de\u00a0<strong>Tempelhof<\/strong>, em\u00a0<a href=\"https:\/\/www.grandepremio.com\/br\/circuito\/berlim\/\" target=\"_blank\" rel=\"noreferrer noopener\" class=\"ek-link\"><strong>Berlim<\/strong><\/a>, a categoria el\u00e9trica ser\u00e1 mostrada pelo\u00a0<strong>GRANDE PR\u00caMIO<\/strong>.<\/p>\n\n\n\n<p class=\"wp-block-paragraph\">A partir das\u00a0<strong>2h55 (hor\u00e1rio de Bras\u00edlia)<\/strong>\u00a0deste domingo (23), voc\u00ea acompanha todas as emo\u00e7\u00f5es do treino livre 3 do\u00a0<strong>eP de Berlim<\/strong>, com\u00a0<a href=\"https:\/\/formula1aovivo.com\/\" target=\"_blank\" rel=\"noreferrer noopener\" class=\"ek-link\"><strong>transmiss\u00e3o<\/strong><\/a>\u00a0AO VIVO em nosso canal no YouTube.\u00a0<strong>Geferson Kern<\/strong>\u00a0comanda a narra\u00e7\u00e3o, com\u00a0<strong>JP Nascimento<\/strong>\u00a0e\u00a0<strong>Pedro Henrique Marum<\/strong>\u00a0nos coment\u00e1rios. Vem com a gente!<\/p>\n\n\n\n<figure class=\"wp-block-embed is-type-video is-provider-youtube wp-block-embed-youtube wp-embed-aspect-16-9 wp-has-aspect-ratio\"><div class=\"wp-block-embed__wrapper\">\n<iframe loading=\"lazy\" title=\"F\u00d3RMULA E 2023 - eP DE BERLIM | 8\u00aa etapa | Treino Livre 3\" width=\"500\" height=\"281\" src=\"https:\/\/www.youtube.com\/embed\/xgKeZcPkJlU?feature=oembed\" frameborder=\"0\" allow=\"accelerometer; autoplay; clipboard-write; encrypted-media; gyroscope; picture-in-picture; web-share\" referrerpolicy=\"strict-origin-when-cross-origin\" allowfullscreen><\/iframe>\n<\/div><\/figure>\n\n\n\n<p class=\"wp-block-paragraph\"><strong>\u25b6\ufe0f&nbsp;Inscreva-se nos dois canais do GRANDE PR\u00caMIO no YouTube:&nbsp;<a href=\"https:\/\/www.youtube.com\/channel\/UC9OlHEgxoaY6QY6nWPoiqQg?sub_confirmation=1\" target=\"_blank\" rel=\"noreferrer noopener\">GP<\/a>&nbsp;|&nbsp;<a href=\"https:\/\/www.youtube.com\/channel\/UC9csiS6q_C3C0FYhyr1rnFA?sub_confirmation=1\" target=\"_blank\" rel=\"noreferrer noopener\">GP2<\/a><\/strong><br><strong>\u25b6\ufe0f&nbsp;<a href=\"https:\/\/www.twitch.tv\/grandepremio\" target=\"_blank\" rel=\"noreferrer noopener\">Conhe\u00e7a o canal do GRANDE PR\u00caMIO na Twitch clicando aqui!<\/a><\/strong><\/p>\n","protected":false},"excerpt":{"rendered":"<p>A F\u00f3rmula E desembarca em Berlim, na Alemanha, e o GRANDE PR\u00caMIO transmite todas as sess\u00f5es do fim de semana AO VIVO pelo YouTube<\/p>\n","protected":false},"author":0,"featured_media":1000500131,"comment_status":"closed","ping_status":"closed","sticky":false,"template":"","format":"standard","meta":{"42wp_featured_image_caption":"","42wp_featured_image_credits":"","42wp_featured_video":"","42wp_featured_image_hidden":false,"42wp_authors_list":[],"footnotes":""},"categories":[19],"tags":[4981,31435,33884,1491,33855,28285,30267,570],"42wp_author":[47120],"class_list":["post-103799","post","type-post","status-publish","format-standard","has-post-thumbnail","hentry","category-formula-e","tag-ep-de-berlim","tag-formula-e-2023","tag-geferson-kern","tag-grande-premio","tag-grande-premio-fe","tag-grandepremio","tag-joao-pedro-nascimento","tag-pedro-henrique-marum","42wp_author-pedro-henrique-marum"],"_links":{"self":[{"href":"https:\/\/grandepremio.com\/br\/wp-json\/wp\/v2\/posts\/103799","targetHints":{"allow":["GET"]}}],"collection":[{"href":"https:\/\/grandepremio.com\/br\/wp-json\/wp\/v2\/posts"}],"about":[{"href":"https:\/\/grandepremio.com\/br\/wp-json\/wp\/v2\/types\/post"}],"replies":[{"embeddable":true,"href":"https:\/\/grandepremio.com\/br\/wp-json\/wp\/v2\/comments?post=103799"}],"version-history":[{"count":0,"href":"https:\/\/grandepremio.com\/br\/wp-json\/wp\/v2\/posts\/103799\/revisions"}],"wp:featuredmedia":[{"embeddable":true,"href":"https:\/\/grandepremio.com\/br\/wp-json\/wp\/v2\/media\/1000500131"}],"wp:attachment":[{"href":"https:\/\/grandepremio.com\/br\/wp-json\/wp\/v2\/media?parent=103799"}],"wp:term":[{"taxonomy":"category","embeddable":true,"href":"https:\/\/grandepremio.com\/br\/wp-json\/wp\/v2\/categories?post=103799"},{"taxonomy":"post_tag","embeddable":true,"href":"https:\/\/grandepremio.com\/br\/wp-json\/wp\/v2\/tags?post=103799"},{"taxonomy":"42wp_author","embeddable":true,"href":"https:\/\/grandepremio.com\/br\/wp-json\/wp\/v2\/42wp_author?post=103799"}],"curies":[{"name":"wp","href":"https:\/\/api.w.org\/{rel}","templated":true}]}}