{"id":103814,"date":"2023-04-22T10:31:56","date_gmt":"2023-04-22T13:31:56","guid":{"rendered":"https:\/\/grandepremio.com\/br\/noticias\/george-russell-cita-importancia-de-terapia-e-lamenta-estereotipos-retratado-errado\/"},"modified":"2023-04-22T10:33:04","modified_gmt":"2023-04-22T13:33:04","slug":"george-russell-cita-importancia-de-terapia-e-lamenta-estereotipos-retratado-errado","status":"publish","type":"post","link":"https:\/\/grandepremio.com\/br\/f1\/george-russell-cita-importancia-de-terapia-e-lamenta-estereotipos-retratado-errado\/","title":{"rendered":"Russell cita import\u00e2ncia de terapia e lamenta estere\u00f3tipos: &#8220;Retratado errado&#8221;"},"content":{"rendered":"\n<p class=\"wp-block-paragraph\"><strong>George Russell<\/strong> utilizou o seu perfil nas redes sociais para encorajar as pessoas a procurarem terapias e falarem abertamente sobre sa\u00fade mental. De acordo com o titular da <strong>Mercedes<\/strong>, o assunto ainda \u00e9 um tabu, pois o tema \u00e9 abordado de maneira &#8220;errada&#8221; na televis\u00e3o, o que desestimula muita gente a procurar ajuda.<\/p>\n\n\n\n<p class=\"wp-block-paragraph\">No v\u00eddeo compartilhado em seu perfil nas redes sociais, o brit\u00e2nico revelou que teve mudan\u00e7as positivas em sua vida depois de procurar terapia em um ponto baixo de sua carreira e defendeu que mais pessoas deveriam seguir por este caminho.<\/p>\n\n\n\n<p class=\"wp-block-paragraph\"><strong>\u25b6\ufe0f\u00a0Inscreva-se nos dois canais do GRANDE PR\u00caMIO no YouTube:\u00a0<a href=\"https:\/\/www.youtube.com\/channel\/UC9OlHEgxoaY6QY6nWPoiqQg?sub_confirmation=1\" target=\"_blank\" rel=\"noreferrer noopener\">GP<\/a>\u00a0|\u00a0<a href=\"https:\/\/www.youtube.com\/channel\/UC9csiS6q_C3C0FYhyr1rnFA?sub_confirmation=1\" target=\"_blank\" rel=\"noreferrer noopener\">GP2<\/a><\/strong><br><strong>\u25b6\ufe0f\u00a0<a href=\"https:\/\/www.twitch.tv\/grandepremio\" target=\"_blank\" rel=\"noreferrer noopener\">Conhe\u00e7a o canal do GRANDE PR\u00caMIO na Twitch clicando aqui!<\/a><\/strong><\/p>\n\n\n\n<p class=\"wp-block-paragraph\">&#8220;Acho lament\u00e1vel que na televis\u00e3o [a terapia] seja retratada de maneira t\u00e3o errada&#8221;, disse George. \u201cQuando voc\u00ea v\u00ea isso no cinema ou em uma s\u00e9rie de TV, se \u00e9 algu\u00e9m fazendo terapia, o holofote est\u00e1 ligado e eles est\u00e3o sendo examinados. Pela minha pr\u00f3pria experi\u00eancia, realmente n\u00e3o \u00e9 isso, \u00e9 efetivamente apenas ter uma conversa&#8221;, analisou o brit\u00e2nico.<\/p>\n\n\n\n<figure class=\"wp-block-image size-large\"><img decoding=\"async\" src=\"https:\/\/www.grandepremio.com\/br\/wp-content\/uploads\/2020\/05\/000_33CB3WG-1024x683.jpg\" alt=\"F1 2023, GP DA AUSTR\u00c1LIA, MELBOURNE, QUINTA-FEIRA, GEORGE RUSSELL, MERCEDES, AFP\" class=\"wp-image-666448\"\/><figcaption>George Russell falou sobre o import\u00e2ncia de sa\u00fade mensal (Foto: AFP)<\/figcaption><\/figure>\n\n\n\n<p class=\"wp-block-paragraph\">&#8220;Comecei uma conversa com meu terapeuta e disse &#8216;eu realmente n\u00e3o sei sobre o que quero falar&#8217;. Essa conversa poderia durar cinco minutos, mas estarei l\u00e1 por uma hora e meia apenas conversando. As comportas se abrem e voc\u00ea est\u00e1 apenas tirando essas coisas do seu peito&#8221;, reconheceu Russell.<\/p>\n\n\n\n<p class=\"wp-block-paragraph\">O #63 ainda foi questionado sobre como ele passa o tempo livre quando est\u00e1 distante da correria da F1.<\/p>\n\n\n\n<p class=\"wp-block-paragraph\">&#8220;Gosto de voltar para a casa dos meus pais, que fica no interior. \u00c9 o meu lugar feliz. Vivo um estilo de vida t\u00e3o acelerado que quase sempre preciso equilibrar, preciso desacelerar um pouco&#8221;, reconheceu. &#8220;Tenho muita sorte de correr pela Mercedes na F1 e guiar o carro da equipe. Eu tinha uma Mercedes esportiva e, quando voc\u00ea dirige, d\u00e1 uma vontade de dirigir r\u00e1pido. Agora prefiro um 4&#215;4, que \u00e9 mais relaxante. \u00c9 uma mudan\u00e7a pequena, mas me sinto melhor agora&#8221;, finalizou Russell.<\/p>\n\n\n\n<p class=\"wp-block-paragraph\">Com 18 pontos, George Russell ocupa a s\u00e9tima coloca\u00e7\u00e3o entre os pilotos na <strong>F1<\/strong>. A categoria retoma suas atividades no pr\u00f3ximo dia 30 de abril, com <strong>o GP do Azerbaij\u00e3o.<\/strong><\/p>\n","protected":false},"excerpt":{"rendered":"<p>Em v\u00eddeo divulgado no Instagram, George Russell revelou que terapia o ajudou em momentos dif\u00edceis na carreira e se valeu de sua influ\u00eancia como piloto para encorajar outras pessoas a cuidarem da sa\u00fade mental<\/p>\n","protected":false},"author":0,"featured_media":1000668673,"comment_status":"closed","ping_status":"closed","sticky":false,"template":"","format":"standard","meta":{"42wp_featured_image_caption":"","42wp_featured_image_credits":"","42wp_featured_video":"","42wp_featured_image_hidden":false,"42wp_authors_list":[],"footnotes":""},"categories":[2],"tags":[147,24837,31260,800,24836,28285,87,82,150,32317],"42wp_author":[47149],"class_list":["post-103814","post","type-post","status-publish","format-standard","has-post-thumbnail","hentry","category-f1","tag-f1","tag-formula-1-2","tag-formula-1-2023-2","tag-george-russell","tag-grande-premio-2","tag-grandepremio","tag-lewis-hamilton","tag-mercedes","tag-toto-wolff","tag-w14","42wp_author-bernardo-castro"],"_links":{"self":[{"href":"https:\/\/grandepremio.com\/br\/wp-json\/wp\/v2\/posts\/103814","targetHints":{"allow":["GET"]}}],"collection":[{"href":"https:\/\/grandepremio.com\/br\/wp-json\/wp\/v2\/posts"}],"about":[{"href":"https:\/\/grandepremio.com\/br\/wp-json\/wp\/v2\/types\/post"}],"replies":[{"embeddable":true,"href":"https:\/\/grandepremio.com\/br\/wp-json\/wp\/v2\/comments?post=103814"}],"version-history":[{"count":0,"href":"https:\/\/grandepremio.com\/br\/wp-json\/wp\/v2\/posts\/103814\/revisions"}],"wp:featuredmedia":[{"embeddable":true,"href":"https:\/\/grandepremio.com\/br\/wp-json\/wp\/v2\/media\/1000668673"}],"wp:attachment":[{"href":"https:\/\/grandepremio.com\/br\/wp-json\/wp\/v2\/media?parent=103814"}],"wp:term":[{"taxonomy":"category","embeddable":true,"href":"https:\/\/grandepremio.com\/br\/wp-json\/wp\/v2\/categories?post=103814"},{"taxonomy":"post_tag","embeddable":true,"href":"https:\/\/grandepremio.com\/br\/wp-json\/wp\/v2\/tags?post=103814"},{"taxonomy":"42wp_author","embeddable":true,"href":"https:\/\/grandepremio.com\/br\/wp-json\/wp\/v2\/42wp_author?post=103814"}],"curies":[{"name":"wp","href":"https:\/\/api.w.org\/{rel}","templated":true}]}}