{"id":103837,"date":"2023-04-21T10:13:27","date_gmt":"2023-04-21T13:13:27","guid":{"rendered":"https:\/\/grandepremio.com\/br\/noticias\/mercedes-reestrutura-departamento-devolve-james-allison-diretor-tecnico\/"},"modified":"2023-04-21T10:14:03","modified_gmt":"2023-04-21T13:14:03","slug":"mercedes-reestrutura-departamento-devolve-james-allison-diretor-tecnico","status":"publish","type":"post","link":"https:\/\/grandepremio.com\/br\/f1\/mercedes-reestrutura-departamento-devolve-james-allison-diretor-tecnico\/","title":{"rendered":"Mercedes reestrutura departamento e devolve Allison ao posto de diretor-t\u00e9cnico"},"content":{"rendered":"\n<p class=\"wp-block-paragraph\">A <strong>Mercedes <\/strong>promoveu uma grande mudan\u00e7a no departamento t\u00e9cnico no momento em que busca melhorar o desempenho do <strong>W14<\/strong>. A altera\u00e7\u00e3o estrutural resultou, entre outras coisas, na invers\u00e3o nos pap\u00e9is de <strong>James Allison <\/strong>e <strong>Mike Elliott<\/strong>.<\/p>\n\n\n\n<p class=\"wp-block-paragraph\">A partir de agora, Allison retorna ao posto de diretor-t\u00e9cnico, enquanto Elliott assume a posi\u00e7\u00e3o de executivo-t\u00e9cnico. <a href=\"https:\/\/www.grandepremio.com\/br\/f1\/noticias\/mercedes-anuncia-saida-james-allison-diretor-tecnico-julho\/\" class=\"ek-link\">H\u00e1 pouco mais de um ano, James, de 54 anos, tinha deixado a diretoria-t\u00e9cnica para ocupar a ent\u00e3o rec\u00e9m-criada posi\u00e7\u00e3o de executivo-t\u00e9cnico com o objetivo de \u201cenfrentar os desafios t\u00e9cnicos da pr\u00f3xima era do esporte\u201d<\/a>. Mike, por sua vez, era diretor de tecnologia, com PhD em Aerodin\u00e2mica.<\/p>\n\n\n\n<figure class=\"wp-block-image size-large\"><img decoding=\"async\" src=\"https:\/\/www.grandepremio.com\/br\/wp-content\/uploads\/2021\/04\/M227856-1024x683.jpg\" alt=\"JAMES ALLISON; MERCEDES;\" class=\"wp-image-462092\"\/><figcaption>James Allison reassumiu o posto de diretor-t\u00e9cnico da Mercedes (Foto: Mercedes)<\/figcaption><\/figure>\n\n\n\n<p class=\"wp-block-paragraph\"><strong>\u25b6\ufe0f\u00a0Inscreva-se nos dois canais do GRANDE PR\u00caMIO no YouTube:\u00a0<a href=\"https:\/\/www.youtube.com\/channel\/UC9OlHEgxoaY6QY6nWPoiqQg?sub_confirmation=1\" target=\"_blank\" rel=\"noreferrer noopener\">GP<\/a>\u00a0|\u00a0<a href=\"https:\/\/www.youtube.com\/channel\/UC9csiS6q_C3C0FYhyr1rnFA?sub_confirmation=1\" target=\"_blank\" rel=\"noreferrer noopener\">GP2<\/a><\/strong><br><strong>\u25b6\ufe0f\u00a0<a href=\"https:\/\/www.twitch.tv\/grandepremio\" target=\"_blank\" rel=\"noreferrer noopener\">Conhe\u00e7a o canal do GRANDE PR\u00caMIO na Twitch clicando aqui!<\/a><\/strong><\/p>\n\n\n\n<p class=\"wp-block-paragraph\">\u201cIsso foi muito impulsionado por Mike Elliott, que comandou o processo\u201d, disse <strong>Toto Wolff<\/strong>, chefe da equipe, \u00e0 publica\u00e7\u00e3o inglesa Autosport. \u201cEnt\u00e3o n\u00f3s invertemos os pap\u00e9is. Mike assumiu como executivo-t\u00e9cnico, pois tem uma mente cientifica brilhante e ligada. E James Allison voltou ao posto de diretor-t\u00e9cnico, se reportando a Mike\u201d, seguiu.<\/p>\n\n\n\n<p class=\"wp-block-paragraph\">Diferente de Allison, que enquanto executivo-t\u00e9cnico trabalhava apenas tr\u00eas dias por semana, Elliott ocupar\u00e1 a posi\u00e7\u00e3o em tempo integral. De acordo com Wolff, Mike acredita que James \u00e9 muito mais adequado ao posto de diretor-t\u00e9cnico.<\/p>\n\n\n\n<p class=\"wp-block-paragraph\">\u201cA avalia\u00e7\u00e3o de Mike foi de que \u2014 e a introspec\u00e7\u00e3o \u00e9 realmente admir\u00e1vel \u2014, com James, temos um gladiador da \u00e1rea e as tropas atravessam o fogo por ele e com ele\u201d, relatou Wolff. \u201cMike chegou \u00e0 conclus\u00e3o que a maneira como ele aborda as coisas, seu conjunto de habilidades, \u00e9 melhor utilizado no desenvolvimento da organiza\u00e7\u00e3o: desde as capacidades t\u00e9cnicas at\u00e9 a capacidade humana e montando uma estrutura que pode ser bem sucedida por anos\u201d, defendeu.<\/p>\n\n\n\n<p class=\"wp-block-paragraph\">\u201c\u00c9 uma quest\u00e3o de criar uma estrutura que pode ser bem-sucedida de forma sustent\u00e1vel na pr\u00f3xima gera\u00e7\u00e3o. Estamos vendo grandes mudan\u00e7as no desenvolvimento t\u00e9cnico, intelig\u00eancia artificial e aprendizado de m\u00e1quina. E, ao mesmo tempo, olhando para a maneira como uma equipe moderna de F\u00f3rmula 1 ser\u00e1 organizada e estruturada: que tipo de inova\u00e7\u00f5es podemos trazer\u201d, considerou. \u201cMike se v\u00ea em sua posi\u00e7\u00e3o ideal l\u00e1 e, obviamente, \u00e9 um engenheiro super capaz, muito cr\u00edvel e respeitado na organiza\u00e7\u00e3o. Ele ser\u00e1 um t\u00e9cnico e um sparring para o pessoal mais s\u00eanior. E, na verdade, estou muito feliz por Mike ter tomado essa decis\u00e3o por si mesmo de se colocar neste papel, com tanto ele e James chegando a esta conclus\u00e3o, j\u00e1 que teremos os dois em sua genialidade\u201d, comemorou.<\/p>\n\n\n\n<p class=\"wp-block-paragraph\">Allison e Elliott, por\u00e9m, n\u00e3o foram as \u00fanicas mudan\u00e7as no departamento t\u00e9cnico da Mercedes. A dan\u00e7a das cadeiras envolveu, tamb\u00e9m, alguns projetistas.<\/p>\n\n\n\n<p class=\"wp-block-paragraph\">\u201cComo projetista-chefe, John Owen tinha um papel muito diferente com o teto or\u00e7ament\u00e1rio, pois, al\u00e9m da parte criativa de projetar um carro, voc\u00ea tem uma tonelada de trabalho extra que acompanha isso\u201d, explicou Wolff. \u201cO que acontecia \u00e9 que o projetista-chefe se tornava um administrador de teto or\u00e7ament\u00e1rio, ent\u00e3o n\u00f3s dividimos essa fun\u00e7\u00e3o. John segue como projetista-chefe, mas colocamos Giacomo Tortora como diretor de engenharia. Isso significa que John pode se concentrar em pontos espec\u00edficos do design do carro, e Giacomo cuida do departamento de design e do desenvolvimento organizacional\u201d, apontou.<\/p>\n\n\n\n<p class=\"wp-block-paragraph\">Por fim, Wolff explicou que o retorno de Allison \u00e0 diretoria t\u00e9cnica significa que a Mercedes vai seguir a atual linha de desenvolvimento. O time de <strong>Lewis Hamilton <\/strong>e <strong>George Russell <\/strong>busca uma alternativa para melhorar a performance e se aproximar da <strong>Red Bull<\/strong>.<\/p>\n\n\n\n<p class=\"wp-block-paragraph\">\u201cAgora n\u00f3s temos uma dire\u00e7\u00e3o que acreditamos ser a certa. S\u00e3o s\u00f3 personalidades diferentes e uma estrutura de gest\u00e3o diferente\u201d, encerrou.<\/p>\n\n\n\n<figure class=\"wp-block-embed is-type-video is-provider-youtube wp-block-embed-youtube wp-embed-aspect-16-9 wp-has-aspect-ratio\"><div class=\"wp-block-embed__wrapper\">\n<iframe loading=\"lazy\" title=\"&amp;apos;ENTREVISTA&amp;apos; DE SCHUMACHER E PROCESSO + SPRINTS DA F1 COMO NA MOTOGP | WGP\" width=\"500\" height=\"281\" src=\"https:\/\/www.youtube.com\/embed\/UwicpLmtYSA?feature=oembed\" frameborder=\"0\" allow=\"accelerometer; autoplay; clipboard-write; encrypted-media; gyroscope; picture-in-picture; web-share\" referrerpolicy=\"strict-origin-when-cross-origin\" allowfullscreen><\/iframe>\n<\/div><\/figure>\n","protected":false},"excerpt":{"rendered":"<p>A escuderia de Brackley promoveu uma grande mudan\u00e7a na \u00e1rea t\u00e9cnica, com James Allison voltando ao posto de diretor-t\u00e9cnico e Mike Elliott assumindo como executivo-t\u00e9cnico<\/p>\n","protected":false},"author":0,"featured_media":1000668700,"comment_status":"closed","ping_status":"closed","sticky":false,"template":"","format":"standard","meta":{"42wp_featured_image_caption":"","42wp_featured_image_credits":"","42wp_featured_video":"","42wp_featured_image_hidden":false,"42wp_authors_list":[],"footnotes":""},"categories":[2],"tags":[147,6533,180,30722,33465,28285,2301,82,33467],"42wp_author":[47113],"class_list":["post-103837","post","type-post","status-publish","format-standard","has-post-thumbnail","hentry","category-f1","tag-f1","tag-f1-2023","tag-formula-1","tag-formula-1-2023","tag-formula-1-classificacao-2023","tag-grandepremio","tag-james-allison","tag-mercedes","tag-onde-assistir-f1-2023","42wp_author-juliana-tesser"],"_links":{"self":[{"href":"https:\/\/grandepremio.com\/br\/wp-json\/wp\/v2\/posts\/103837","targetHints":{"allow":["GET"]}}],"collection":[{"href":"https:\/\/grandepremio.com\/br\/wp-json\/wp\/v2\/posts"}],"about":[{"href":"https:\/\/grandepremio.com\/br\/wp-json\/wp\/v2\/types\/post"}],"replies":[{"embeddable":true,"href":"https:\/\/grandepremio.com\/br\/wp-json\/wp\/v2\/comments?post=103837"}],"version-history":[{"count":0,"href":"https:\/\/grandepremio.com\/br\/wp-json\/wp\/v2\/posts\/103837\/revisions"}],"wp:featuredmedia":[{"embeddable":true,"href":"https:\/\/grandepremio.com\/br\/wp-json\/wp\/v2\/media\/1000668700"}],"wp:attachment":[{"href":"https:\/\/grandepremio.com\/br\/wp-json\/wp\/v2\/media?parent=103837"}],"wp:term":[{"taxonomy":"category","embeddable":true,"href":"https:\/\/grandepremio.com\/br\/wp-json\/wp\/v2\/categories?post=103837"},{"taxonomy":"post_tag","embeddable":true,"href":"https:\/\/grandepremio.com\/br\/wp-json\/wp\/v2\/tags?post=103837"},{"taxonomy":"42wp_author","embeddable":true,"href":"https:\/\/grandepremio.com\/br\/wp-json\/wp\/v2\/42wp_author?post=103837"}],"curies":[{"name":"wp","href":"https:\/\/api.w.org\/{rel}","templated":true}]}}