{"id":103901,"date":"2023-04-18T09:24:52","date_gmt":"2023-04-18T12:24:52","guid":{"rendered":"https:\/\/grandepremio.com\/br\/noticias\/audi-confirma-teste-motor-temporada-2026-formula-1-final-ano\/"},"modified":"2023-04-18T10:25:53","modified_gmt":"2023-04-18T13:25:53","slug":"audi-confirma-teste-motor-temporada-2026-formula-1-final-ano","status":"publish","type":"post","link":"https:\/\/grandepremio.com\/br\/f1\/audi-confirma-teste-motor-temporada-2026-formula-1-final-ano\/","title":{"rendered":"Audi confirma teste de motor para temporada 2026 da F\u00f3rmula 1 ao final deste ano"},"content":{"rendered":"\n<figure class=\"wp-block-embed is-type-video is-provider-youtube wp-block-embed-youtube wp-embed-aspect-16-9 wp-has-aspect-ratio\"><div class=\"wp-block-embed__wrapper\">\n<iframe loading=\"lazy\" title=\"INTERLAGOS EM RISCO NA F1? DRUGOVICH NA F\u00d3RMULA E. TIER LIST DAS PISTAS | Paddock GP #325\" width=\"500\" height=\"281\" src=\"https:\/\/www.youtube.com\/embed\/BCPBAxofew4?feature=oembed\" frameborder=\"0\" allow=\"accelerometer; autoplay; clipboard-write; encrypted-media; gyroscope; picture-in-picture; web-share\" referrerpolicy=\"strict-origin-when-cross-origin\" allowfullscreen><\/iframe>\n<\/div><\/figure>\n\n\n\n<p class=\"wp-block-paragraph\">A <strong>Audi <\/strong>est\u00e1 prestes a dar mais uma passo importante em sua prepara\u00e7\u00e3o para a estreia na temporada 2026 da <strong>F\u00f3rmula 1<\/strong>. A marca alem\u00e3 confirmou que vai testar ao final deste ano uma unidade de pot\u00eancia h\u00edbrida completa.<\/p>\n\n\n\n<p class=\"wp-block-paragraph\">O an\u00fancio foi feito durante o Sal\u00e3o do Autom\u00f3vel em Xangai, evento que come\u00e7ou nesta ter\u00e7a-feira (18). A montadora que pertence ao <strong>Grupo Volkswagen<\/strong> confirmou tamb\u00e9m que um motor monocil\u00edndrico foi testado &#8220;no final de 2022&#8221; para ajudar a validar a configura\u00e7\u00e3o do dinam\u00f4metro e &#8220;instrumentos de medi\u00e7\u00e3o&#8221;.<\/p>\n\n\n\n<p class=\"wp-block-paragraph\"><strong>\u25b6\ufe0f&nbsp;Inscreva-se nos dois canais do GRANDE PR\u00caMIO no YouTube:&nbsp;<a href=\"https:\/\/www.youtube.com\/channel\/UC9OlHEgxoaY6QY6nWPoiqQg?sub_confirmation=1\" target=\"_blank\" rel=\"noreferrer noopener\">GP<\/a>&nbsp;|&nbsp;<a href=\"https:\/\/www.youtube.com\/channel\/UC9csiS6q_C3C0FYhyr1rnFA?sub_confirmation=1\" target=\"_blank\" rel=\"noreferrer noopener\">GP2<\/a><\/strong><br><strong>\u25b6\ufe0f&nbsp;<a href=\"https:\/\/www.twitch.tv\/grandepremio\" target=\"_blank\" rel=\"noreferrer noopener\">Conhe\u00e7a o canal do GRANDE PR\u00caMIO na Twitch clicando aqui!<\/a><\/strong><\/p>\n\n\n\n<figure class=\"wp-block-image size-large\"><img decoding=\"async\" src=\"https:\/\/www.grandepremio.com\/br\/wp-content\/uploads\/2022\/08\/GPF2-1024x768.jpeg\" alt=\"\" class=\"wp-image-606377\"\/><figcaption>Audi mostrou modelo de carro no an\u00fancio da chegada \u00e0 F1, ainda em outubro do ano passado (Foto: Audi)<\/figcaption><\/figure>\n\n\n\n<p class=\"wp-block-paragraph\">Para o final desta temporada, a marca das quatro argolas prepara o teste de &#8220;uma unidade h\u00edbrida completa, composta por motor a combust\u00e3o, motor el\u00e9trico, bateria e controle eletr\u00f4nico&#8221;. Ainda segundo a Audi, o prot\u00f3tipo &#8220;formar\u00e1 a base do futuro conceito do ve\u00edculo&#8221;.<\/p>\n\n\n\n<p class=\"wp-block-paragraph\">&#8220;O projeto da Audi na F\u00f3rmula 1 realmente decolou nos \u00faltimos meses&#8221;, declarou o chefe de desenvolvimento t\u00e9cnico,<strong> Oliver Hoffman<\/strong>. &#8220;Damos grande import\u00e2ncia ao trabalho minucioso, como, por exemplo, em materiais ou tecnologias de fabrica\u00e7\u00e3o, ent\u00e3o tamb\u00e9m focamos em t\u00f3picos como o gerenciamento da energia do sistema h\u00edbrido de transmiss\u00e3o&#8221;, acrescentou.<\/p>\n\n\n\n<p class=\"wp-block-paragraph\">&#8220;O foco na sustentabilidade e na efici\u00eancia de custo em forma de limite or\u00e7ament\u00e1rio foram fatores importantes para a entrada da Audi na F1&#8221;, continuou Hoffman. Em 2026, a Audi ser\u00e1 parceira da Sauber na principal categoria de monopostos do esporte a motor.<\/p>\n\n\n\n<p class=\"wp-block-paragraph\">O chefe da marca, <strong>Markus Duesmann<\/strong>, reiterou que &#8220;o automobilismo \u00e9 uma parte do nosso DNA&#8221;, e completou: &#8220;Estamos convencidos de que o nosso compromisso com a F1 fortalecer\u00e1 o foco esportivo da Audi.&#8221;<\/p>\n","protected":false},"excerpt":{"rendered":"<p>A Audi pretende testar ao final deste ano uma unidade de pot\u00eancia h\u00edbrida completa (motor a combust\u00e3o e componentes el\u00e9tricos) j\u00e1 de olho na estreia na temporada 2026 da F\u00f3rmula 1<\/p>\n","protected":false},"author":0,"featured_media":1000606902,"comment_status":"closed","ping_status":"closed","sticky":false,"template":"","format":"standard","meta":{"42wp_featured_image_caption":"","42wp_featured_image_credits":"","42wp_featured_video":"","42wp_featured_image_hidden":false,"42wp_authors_list":[],"footnotes":""},"categories":[2],"tags":[970,29516,180,1491,28285,307,1197,31470,26148],"42wp_author":[47147],"class_list":["post-103901","post","type-post","status-publish","format-standard","has-post-thumbnail","hentry","category-f1","tag-audi","tag-f1-2026","tag-formula-1","tag-grande-premio","tag-grandepremio","tag-motor","tag-sauber","tag-temporada-2026-f1","tag-unidade-de-potencia","42wp_author-luana-marino"],"_links":{"self":[{"href":"https:\/\/grandepremio.com\/br\/wp-json\/wp\/v2\/posts\/103901","targetHints":{"allow":["GET"]}}],"collection":[{"href":"https:\/\/grandepremio.com\/br\/wp-json\/wp\/v2\/posts"}],"about":[{"href":"https:\/\/grandepremio.com\/br\/wp-json\/wp\/v2\/types\/post"}],"replies":[{"embeddable":true,"href":"https:\/\/grandepremio.com\/br\/wp-json\/wp\/v2\/comments?post=103901"}],"version-history":[{"count":0,"href":"https:\/\/grandepremio.com\/br\/wp-json\/wp\/v2\/posts\/103901\/revisions"}],"wp:featuredmedia":[{"embeddable":true,"href":"https:\/\/grandepremio.com\/br\/wp-json\/wp\/v2\/media\/1000606902"}],"wp:attachment":[{"href":"https:\/\/grandepremio.com\/br\/wp-json\/wp\/v2\/media?parent=103901"}],"wp:term":[{"taxonomy":"category","embeddable":true,"href":"https:\/\/grandepremio.com\/br\/wp-json\/wp\/v2\/categories?post=103901"},{"taxonomy":"post_tag","embeddable":true,"href":"https:\/\/grandepremio.com\/br\/wp-json\/wp\/v2\/tags?post=103901"},{"taxonomy":"42wp_author","embeddable":true,"href":"https:\/\/grandepremio.com\/br\/wp-json\/wp\/v2\/42wp_author?post=103901"}],"curies":[{"name":"wp","href":"https:\/\/api.w.org\/{rel}","templated":true}]}}