{"id":103913,"date":"2023-04-17T14:16:45","date_gmt":"2023-04-17T17:16:45","guid":{"rendered":"https:\/\/grandepremio.com\/br\/noticias\/ignacio-montenegro-vitoria-dupla-rosario-tcr-sul-americano\/"},"modified":"2023-04-17T14:29:55","modified_gmt":"2023-04-17T17:29:55","slug":"ignacio-montenegro-vitoria-dupla-rosario-tcr-sul-americano","status":"publish","type":"post","link":"https:\/\/grandepremio.com\/br\/tcr\/ignacio-montenegro-vitoria-dupla-rosario-tcr-sul-americano\/","title":{"rendered":"Montenegro domina e conquista vit\u00f3ria dupla na etapa de Ros\u00e1rio do TCR Sul-Americano"},"content":{"rendered":"\n<figure class=\"wp-block-embed is-type-video is-provider-youtube wp-block-embed-youtube wp-embed-aspect-16-9 wp-has-aspect-ratio\"><div class=\"wp-block-embed__wrapper\">\n<iframe loading=\"lazy\" title=\"\u201cN\u00c3O \u00c9 EXAGERO: BORTOLETO CAMINHA PARA POSTO DE HOMEM A SER BATIDO NA F3\u201d | GP \u00c0S 10\" width=\"500\" height=\"281\" src=\"https:\/\/www.youtube.com\/embed\/xibOAo3MzGg?feature=oembed\" frameborder=\"0\" allow=\"accelerometer; autoplay; clipboard-write; encrypted-media; gyroscope; picture-in-picture; web-share\" referrerpolicy=\"strict-origin-when-cross-origin\" allowfullscreen><\/iframe>\n<\/div><\/figure>\n\n\n\n<p class=\"wp-block-paragraph\"><strong>Ignacio Montenegro<\/strong> dominou o fim de semana do <strong>TCR Sul-Americano <\/strong>em <strong>Ros\u00e1rio<\/strong>, na <strong>Argentina<\/strong>. O jovem de 18 anos venceu as duas corridas realizadas na rodada, sendo a \u00faltima ap\u00f3s ultrapassar o uruguaio <strong>Juan Manuel Casella <\/strong>a duas voltas do fim.<\/p>\n\n\n\n<p class=\"wp-block-paragraph\">Na primeira corrida do domingo (16), Montenegro manteve o terceiro lugar na largada, enquanto o pole-position, <strong>Juan \u00c1ngel Rosso<\/strong>, foi superado por<strong> Bernardo Llaver<\/strong>. O argentino, ent\u00e3o, conseguiu recuperar a ponta no terceiro giro, mas n\u00e3o demorou para o #23 da Squadra Martino entrar na briga e liderar a prova ap\u00f3s erro de Rosso. <\/p>\n\n\n\n<p class=\"wp-block-paragraph\"><strong>\u25b6\ufe0f\u00a0Inscreva-se nos dois canais do GRANDE PR\u00caMIO no YouTube:\u00a0<a href=\"https:\/\/www.youtube.com\/channel\/UC9OlHEgxoaY6QY6nWPoiqQg?sub_confirmation=1\" target=\"_blank\" rel=\"noreferrer noopener\">GP<\/a>\u00a0|\u00a0<a href=\"https:\/\/www.youtube.com\/channel\/UC9csiS6q_C3C0FYhyr1rnFA?sub_confirmation=1\" target=\"_blank\" rel=\"noreferrer noopener\">GP2<\/a><\/strong><br><strong>\u25b6\ufe0f\u00a0<a href=\"https:\/\/www.twitch.tv\/grandepremio\" target=\"_blank\" rel=\"noreferrer noopener\">Conhe\u00e7a o canal do GRANDE PR\u00caMIO na Twitch clicando aqui!<\/a><\/strong><\/p>\n\n\n\n<figure class=\"wp-block-image size-full\"><img decoding=\"async\" src=\"https:\/\/www.grandepremio.com\/br\/wp-content\/uploads\/2023\/04\/TCR-Rosario.jpg\" alt=\"\" class=\"wp-image-672950\"\/><figcaption>Etapa de Ros\u00e1rio foi a segunda da temporada 2023 do TCR Sul-Americano (Foto: TCR South America)<\/figcaption><\/figure>\n\n\n\n<p class=\"wp-block-paragraph\">Ao final, Montenegro recebeu a bandeirada com 8s de vantagem para Casella.<strong> <\/strong>Llaver, <strong>Fabricio Pezzini <\/strong>e <strong>Galid Osman<\/strong>, o brasileiro mais bem colocado na corrida 1, fecharam o top-5.<\/p>\n\n\n\n<p class=\"wp-block-paragraph\">A segunda corrida teve <strong>Manuel Sapag <\/strong>partindo da posi\u00e7\u00e3o de honra gra\u00e7as ao grid invertido. O tamb\u00e9m argentino manteve a lideran\u00e7a, enquanto<strong> Frederic Balbi<\/strong> bateu forte, causando a entrada do safety-car na pista.<\/p>\n\n\n\n<p class=\"wp-block-paragraph\">Na relargada, Sapag segurou o primeiro lugar, seguido de Pezzini e Casella. Montenegro, por sua vez, come\u00e7ou a escalada no pelot\u00e3o at\u00e9 assumir a ponta na pen\u00faltima volta, ultrapassando Casella por fora. Sapag, Llaver e Rosso vieram na sequ\u00eancia, com<strong> Rafael Suzuki<\/strong>, o brasileiro melhor colocado, cruzando em sexto.<\/p>\n\n\n\n<p class=\"wp-block-paragraph\">Com o resultado, Montenegro agora soma 155 pontos na lideran\u00e7a da classifica\u00e7\u00e3o, enquanto Llaver vem em segundo, com 113. Casella aparece em terceiro com 95, seguido dos brasileiros Osman (82) e <strong>Raphael Reis<\/strong> (81).<\/p>\n","protected":false},"excerpt":{"rendered":"<p>Ignacio Montenegro venceu as duas corridas da rodada de Ros\u00e1rio do TCR Sul-Americano, que aconteceu neste domingo (16). O brasileiro melhor colocado foi Galid Osman, que ficou em quinto na primeira prova<\/p>\n","protected":false},"author":0,"featured_media":1000672951,"comment_status":"closed","ping_status":"closed","sticky":false,"template":"","format":"standard","meta":{"42wp_featured_image_caption":"","42wp_featured_image_credits":"","42wp_featured_video":"","42wp_featured_image_hidden":false,"42wp_authors_list":[],"footnotes":""},"categories":[45],"tags":[179,1491,28285,332,24921],"42wp_author":[47153,47147],"class_list":["post-103913","post","type-post","status-publish","format-standard","has-post-thumbnail","hentry","category-tcr","tag-argentina","tag-grande-premio","tag-grandepremio","tag-tcr","tag-tcr-sul-americano","42wp_author-gabriel-pitor","42wp_author-luana-marino"],"_links":{"self":[{"href":"https:\/\/grandepremio.com\/br\/wp-json\/wp\/v2\/posts\/103913","targetHints":{"allow":["GET"]}}],"collection":[{"href":"https:\/\/grandepremio.com\/br\/wp-json\/wp\/v2\/posts"}],"about":[{"href":"https:\/\/grandepremio.com\/br\/wp-json\/wp\/v2\/types\/post"}],"replies":[{"embeddable":true,"href":"https:\/\/grandepremio.com\/br\/wp-json\/wp\/v2\/comments?post=103913"}],"version-history":[{"count":0,"href":"https:\/\/grandepremio.com\/br\/wp-json\/wp\/v2\/posts\/103913\/revisions"}],"wp:featuredmedia":[{"embeddable":true,"href":"https:\/\/grandepremio.com\/br\/wp-json\/wp\/v2\/media\/1000672951"}],"wp:attachment":[{"href":"https:\/\/grandepremio.com\/br\/wp-json\/wp\/v2\/media?parent=103913"}],"wp:term":[{"taxonomy":"category","embeddable":true,"href":"https:\/\/grandepremio.com\/br\/wp-json\/wp\/v2\/categories?post=103913"},{"taxonomy":"post_tag","embeddable":true,"href":"https:\/\/grandepremio.com\/br\/wp-json\/wp\/v2\/tags?post=103913"},{"taxonomy":"42wp_author","embeddable":true,"href":"https:\/\/grandepremio.com\/br\/wp-json\/wp\/v2\/42wp_author?post=103913"}],"curies":[{"name":"wp","href":"https:\/\/api.w.org\/{rel}","templated":true}]}}